{"id":99799,"date":"2016-09-19T14:25:03","date_gmt":"2016-09-19T13:25:03","guid":{"rendered":"http:\/\/www.visit-ulcinj.com\/blog\/?p=99799"},"modified":"2016-09-20T18:26:25","modified_gmt":"2016-09-20T17:26:25","slug":"gjeka-per-zgjedhjet-ne-mal-te-zi-pd-u-paraqit-premtime-video","status":"publish","type":"post","link":"https:\/\/www.visit-ulcinj.com\/blog\/2016\/09\/19\/gjeka-per-zgjedhjet-ne-mal-te-zi-pd-u-paraqit-premtime-video\/","title":{"rendered":"Gjeka p\u00ebr zgjedhjet n\u00eb Mal t\u00eb Zi: PD u paraqit me premtime &#8211; Video"},"content":{"rendered":"<p><a href=\"http:\/\/www.visit-ulcinj.com\/blog\/wp-content\/uploads\/2016\/09\/Fatmir-Gjeka-p\u00ebr-zgjedhjet-n\u00eb-Mal-t\u00eb-Zi.jpg\"><img loading=\"lazy\" class=\"alignleft wp-image-99800\" src=\"http:\/\/www.visit-ulcinj.com\/blog\/wp-content\/uploads\/2016\/09\/Fatmir-Gjeka-p\u00ebr-zgjedhjet-n\u00eb-Mal-t\u00eb-Zi.jpg\" alt=\"Fatmir-Gjeka p\u00ebr zgjedhjet n\u00eb Mal t\u00eb Zi\" width=\"508\" height=\"283\" srcset=\"https:\/\/www.visit-ulcinj.com\/blog\/wp-content\/uploads\/2016\/09\/Fatmir-Gjeka-p\u00ebr-zgjedhjet-n\u00eb-Mal-t\u00eb-Zi.jpg 839w, https:\/\/www.visit-ulcinj.com\/blog\/wp-content\/uploads\/2016\/09\/Fatmir-Gjeka-p\u00ebr-zgjedhjet-n\u00eb-Mal-t\u00eb-Zi-300x167.jpg 300w, https:\/\/www.visit-ulcinj.com\/blog\/wp-content\/uploads\/2016\/09\/Fatmir-Gjeka-p\u00ebr-zgjedhjet-n\u00eb-Mal-t\u00eb-Zi-768x428.jpg 768w\" sizes=\"(max-width: 508px) 100vw, 508px\" \/><\/a>Fatmir Gjeka p\u00ebrmes nj\u00eb video mesazhi n\u00eb televizionin Teuta analizoi gjendjen aktuale politike, si dhe situatat e t\u00eb kaluar\u00ebs. Sipas tij, fitorja e G\u00ebzim Hajdinag\u00ebs eshte nj\u00eb m\u00ebsim i mir\u00eb p\u00ebr t\u00eb gjith\u00eb, pasi Ulqini do b\u00ebj\u00eb nj\u00eb zgjedhje me mend.<\/p>\n<p>Fatmir Gjeka nuk u paraqit n\u00eb Tv Teuta me premtime q\u00eb nuk mbahen dot, nd\u00ebrsa shtoi se kandidati i G\u00ebzim Hajdinaga esht\u00eb pjes\u00eb e qytetar\u00ebve t\u00eb Ulqinit, i njeh problemet e tyre, i d\u00ebgjon qytetar\u00ebt dhe premtimet e tij jan\u00eb m\u00eb t\u00eb realizueshme se\u00a0 kurr\u00eb.<\/p>\n<p>Qytetar\u00ebt duhen t\u00eb na besojn\u00eb\u00a0 p\u00ebr t\u00eb vijuar t\u00eb bashk\u00ebpunojm\u00eb s\u00eb bashku p\u00ebr nj\u00eb qytet m\u00eb t\u00eb mir\u00eb. Ulqinak\u00ebt, po dhe ne jemi t\u00eb qart\u00eb q\u00eb ka shum\u00eb probleme p\u00ebr popullin shqip\u00ebtar si n\u00eb Ulqin ashtu dhe n\u00eb Mal\u00ebsi,\u00a0 ne do ju nd\u00ebgjojm dhe do mundohemi q\u00eb deshirat e qytetar\u00ebve t\u00eb\u00a0 realizohen.<\/p>\n<p><iframe loading=\"lazy\" src=\"\/\/www.dailymotion.com\/embed\/video\/x4toju6?autoPlay=1\" width=\"508\" height=\"340\" frameborder=\"0\" allowfullscreen=\"allowfullscreen\"><\/iframe><br \/>\n<a href=\"http:\/\/www.visit-ulcinj.com\/blog\/wp-content\/uploads\/2016\/09\/Partia-Demokratike-ne-Mal-t\u00eb-Zi.jpg\"><img loading=\"lazy\" class=\"alignleft wp-image-99804\" src=\"http:\/\/www.visit-ulcinj.com\/blog\/wp-content\/uploads\/2016\/09\/Partia-Demokratike-ne-Mal-t\u00eb-Zi.jpg\" alt=\"Partia-Demokratike ne Mal t\u00eb Zi\" width=\"508\" height=\"376\" srcset=\"https:\/\/www.visit-ulcinj.com\/blog\/wp-content\/uploads\/2016\/09\/Partia-Demokratike-ne-Mal-t\u00eb-Zi.jpg 605w, https:\/\/www.visit-ulcinj.com\/blog\/wp-content\/uploads\/2016\/09\/Partia-Demokratike-ne-Mal-t\u00eb-Zi-300x222.jpg 300w\" sizes=\"(max-width: 508px) 100vw, 508px\" \/><\/a><\/p>\n","protected":false},"excerpt":{"rendered":"<p>Fatmir Gjeka p\u00ebrmes nj\u00eb video mesazhi n\u00eb televizionin Teuta analizoi gjendjen aktuale politike, si dhe situatat e t\u00eb kaluar\u00ebs. Sipas tij, fitorja e G\u00ebzim Hajdinag\u00ebs eshte nj\u00eb m\u00ebsim i mir\u00eb p\u00ebr t\u00eb gjith\u00eb, pasi Ulqini do b\u00ebj\u00eb nj\u00eb zgjedhje me mend. Fatmir Gjeka nuk u paraqit n\u00eb Tv Teuta me premtime q\u00eb nuk mbahen dot, [&hellip;]<\/p>\n","protected":false},"author":1,"featured_media":0,"comment_status":"closed","ping_status":"closed","sticky":false,"template":"","format":"standard","meta":{"spay_email":"","jetpack_publicize_message":"","jetpack_is_tweetstorm":false,"jetpack_publicize_feature_enabled":true},"categories":[7,1],"tags":[],"jetpack_publicize_connections":[],"yoast_head":"<!-- This site is optimized with the Yoast SEO plugin v19.1 - https:\/\/yoast.com\/wordpress\/plugins\/seo\/ -->\n<title>Gjeka p\u00ebr zgjedhjet n\u00eb Mal t\u00eb Zi: PD u paraqit me premtime - Video - Lajme nga Ulqini<\/title>\n<meta name=\"description\" content=\"Fatmir Gjeka p\u00ebrmes nj\u00eb video mesazhi n\u00eb televizionin Teuta analizoi gjendjen aktuale politike, si dhe situatat e t\u00eb kaluar\u00ebs. Sipas tij, fitorja e G\u00ebzim\" \/>\n<meta name=\"robots\" content=\"index, follow, max-snippet:-1, max-image-preview:large, max-video-preview:-1\" \/>\n<link rel=\"canonical\" href=\"https:\/\/www.visit-ulcinj.com\/blog\/2016\/09\/19\/gjeka-per-zgjedhjet-ne-mal-te-zi-pd-u-paraqit-premtime-video\/\" \/>\n<meta property=\"og:locale\" content=\"en_US\" \/>\n<meta property=\"og:type\" content=\"article\" \/>\n<meta property=\"og:title\" content=\"Gjeka p\u00ebr zgjedhjet n\u00eb Mal t\u00eb Zi: PD u paraqit me premtime - Video - Lajme nga Ulqini\" \/>\n<meta property=\"og:description\" content=\"Fatmir Gjeka p\u00ebrmes nj\u00eb video mesazhi n\u00eb televizionin Teuta analizoi gjendjen aktuale politike, si dhe situatat e t\u00eb kaluar\u00ebs. Sipas tij, fitorja e G\u00ebzim\" \/>\n<meta property=\"og:url\" content=\"https:\/\/www.visit-ulcinj.com\/blog\/2016\/09\/19\/gjeka-per-zgjedhjet-ne-mal-te-zi-pd-u-paraqit-premtime-video\/\" \/>\n<meta property=\"og:site_name\" content=\"Lajme nga Ulqini\" \/>\n<meta property=\"article:published_time\" content=\"2016-09-19T13:25:03+00:00\" \/>\n<meta property=\"article:modified_time\" content=\"2016-09-20T17:26:25+00:00\" \/>\n<meta name=\"twitter:label1\" content=\"Written by\" \/>\n\t<meta name=\"twitter:data1\" content=\"ulqini\" \/>\n\t<meta name=\"twitter:label2\" content=\"Est. reading time\" \/>\n\t<meta name=\"twitter:data2\" content=\"1 minute\" \/>\n<script type=\"application\/ld+json\" class=\"yoast-schema-graph\">{\"@context\":\"https:\/\/schema.org\",\"@graph\":[{\"@type\":\"WebSite\",\"@id\":\"https:\/\/www.visit-ulcinj.com\/blog\/#website\",\"url\":\"https:\/\/www.visit-ulcinj.com\/blog\/\",\"name\":\"Lajme nga Ulqini\",\"description\":\"Lajme,Vijesti,Ulqini,Ulqin,Crna Gora,Mali i Zi\",\"potentialAction\":[{\"@type\":\"SearchAction\",\"target\":{\"@type\":\"EntryPoint\",\"urlTemplate\":\"https:\/\/www.visit-ulcinj.com\/blog\/?s={search_term_string}\"},\"query-input\":\"required name=search_term_string\"}],\"inLanguage\":\"en-US\"},{\"@type\":\"WebPage\",\"@id\":\"https:\/\/www.visit-ulcinj.com\/blog\/2016\/09\/19\/gjeka-per-zgjedhjet-ne-mal-te-zi-pd-u-paraqit-premtime-video\/#webpage\",\"url\":\"https:\/\/www.visit-ulcinj.com\/blog\/2016\/09\/19\/gjeka-per-zgjedhjet-ne-mal-te-zi-pd-u-paraqit-premtime-video\/\",\"name\":\"Gjeka p\u00ebr zgjedhjet n\u00eb Mal t\u00eb Zi: PD u paraqit me premtime - Video - Lajme nga Ulqini\",\"isPartOf\":{\"@id\":\"https:\/\/www.visit-ulcinj.com\/blog\/#website\"},\"datePublished\":\"2016-09-19T13:25:03+00:00\",\"dateModified\":\"2016-09-20T17:26:25+00:00\",\"author\":{\"@id\":\"https:\/\/www.visit-ulcinj.com\/blog\/#\/schema\/person\/dcab619c614d3038751c63bc2aadc06d\"},\"description\":\"Fatmir Gjeka p\u00ebrmes nj\u00eb video mesazhi n\u00eb televizionin Teuta analizoi gjendjen aktuale politike, si dhe situatat e t\u00eb kaluar\u00ebs. Sipas tij, fitorja e G\u00ebzim\",\"breadcrumb\":{\"@id\":\"https:\/\/www.visit-ulcinj.com\/blog\/2016\/09\/19\/gjeka-per-zgjedhjet-ne-mal-te-zi-pd-u-paraqit-premtime-video\/#breadcrumb\"},\"inLanguage\":\"en-US\",\"potentialAction\":[{\"@type\":\"ReadAction\",\"target\":[\"https:\/\/www.visit-ulcinj.com\/blog\/2016\/09\/19\/gjeka-per-zgjedhjet-ne-mal-te-zi-pd-u-paraqit-premtime-video\/\"]}]},{\"@type\":\"BreadcrumbList\",\"@id\":\"https:\/\/www.visit-ulcinj.com\/blog\/2016\/09\/19\/gjeka-per-zgjedhjet-ne-mal-te-zi-pd-u-paraqit-premtime-video\/#breadcrumb\",\"itemListElement\":[{\"@type\":\"ListItem\",\"position\":1,\"name\":\"Gjeka p\u00ebr zgjedhjet n\u00eb Mal t\u00eb Zi: PD u paraqit me premtime &#8211; Video\"}]},{\"@type\":\"Person\",\"@id\":\"https:\/\/www.visit-ulcinj.com\/blog\/#\/schema\/person\/dcab619c614d3038751c63bc2aadc06d\",\"name\":\"ulqini\",\"sameAs\":[\"http:\/\/www.visit-ulcinj.com\"],\"url\":\"https:\/\/www.visit-ulcinj.com\/blog\/author\/admin\/\"}]}<\/script>\n<!-- \/ Yoast SEO plugin. -->","yoast_head_json":{"title":"Gjeka p\u00ebr zgjedhjet n\u00eb Mal t\u00eb Zi: PD u paraqit me premtime - Video - Lajme nga Ulqini","description":"Fatmir Gjeka p\u00ebrmes nj\u00eb video mesazhi n\u00eb televizionin Teuta analizoi gjendjen aktuale politike, si dhe situatat e t\u00eb kaluar\u00ebs. Sipas tij, fitorja e G\u00ebzim","robots":{"index":"index","follow":"follow","max-snippet":"max-snippet:-1","max-image-preview":"max-image-preview:large","max-video-preview":"max-video-preview:-1"},"canonical":"https:\/\/www.visit-ulcinj.com\/blog\/2016\/09\/19\/gjeka-per-zgjedhjet-ne-mal-te-zi-pd-u-paraqit-premtime-video\/","og_locale":"en_US","og_type":"article","og_title":"Gjeka p\u00ebr zgjedhjet n\u00eb Mal t\u00eb Zi: PD u paraqit me premtime - Video - Lajme nga Ulqini","og_description":"Fatmir Gjeka p\u00ebrmes nj\u00eb video mesazhi n\u00eb televizionin Teuta analizoi gjendjen aktuale politike, si dhe situatat e t\u00eb kaluar\u00ebs. Sipas tij, fitorja e G\u00ebzim","og_url":"https:\/\/www.visit-ulcinj.com\/blog\/2016\/09\/19\/gjeka-per-zgjedhjet-ne-mal-te-zi-pd-u-paraqit-premtime-video\/","og_site_name":"Lajme nga Ulqini","article_published_time":"2016-09-19T13:25:03+00:00","article_modified_time":"2016-09-20T17:26:25+00:00","twitter_misc":{"Written by":"ulqini","Est. reading time":"1 minute"},"schema":{"@context":"https:\/\/schema.org","@graph":[{"@type":"WebSite","@id":"https:\/\/www.visit-ulcinj.com\/blog\/#website","url":"https:\/\/www.visit-ulcinj.com\/blog\/","name":"Lajme nga Ulqini","description":"Lajme,Vijesti,Ulqini,Ulqin,Crna Gora,Mali i Zi","potentialAction":[{"@type":"SearchAction","target":{"@type":"EntryPoint","urlTemplate":"https:\/\/www.visit-ulcinj.com\/blog\/?s={search_term_string}"},"query-input":"required name=search_term_string"}],"inLanguage":"en-US"},{"@type":"WebPage","@id":"https:\/\/www.visit-ulcinj.com\/blog\/2016\/09\/19\/gjeka-per-zgjedhjet-ne-mal-te-zi-pd-u-paraqit-premtime-video\/#webpage","url":"https:\/\/www.visit-ulcinj.com\/blog\/2016\/09\/19\/gjeka-per-zgjedhjet-ne-mal-te-zi-pd-u-paraqit-premtime-video\/","name":"Gjeka p\u00ebr zgjedhjet n\u00eb Mal t\u00eb Zi: PD u paraqit me premtime - Video - Lajme nga Ulqini","isPartOf":{"@id":"https:\/\/www.visit-ulcinj.com\/blog\/#website"},"datePublished":"2016-09-19T13:25:03+00:00","dateModified":"2016-09-20T17:26:25+00:00","author":{"@id":"https:\/\/www.visit-ulcinj.com\/blog\/#\/schema\/person\/dcab619c614d3038751c63bc2aadc06d"},"description":"Fatmir Gjeka p\u00ebrmes nj\u00eb video mesazhi n\u00eb televizionin Teuta analizoi gjendjen aktuale politike, si dhe situatat e t\u00eb kaluar\u00ebs. Sipas tij, fitorja e G\u00ebzim","breadcrumb":{"@id":"https:\/\/www.visit-ulcinj.com\/blog\/2016\/09\/19\/gjeka-per-zgjedhjet-ne-mal-te-zi-pd-u-paraqit-premtime-video\/#breadcrumb"},"inLanguage":"en-US","potentialAction":[{"@type":"ReadAction","target":["https:\/\/www.visit-ulcinj.com\/blog\/2016\/09\/19\/gjeka-per-zgjedhjet-ne-mal-te-zi-pd-u-paraqit-premtime-video\/"]}]},{"@type":"BreadcrumbList","@id":"https:\/\/www.visit-ulcinj.com\/blog\/2016\/09\/19\/gjeka-per-zgjedhjet-ne-mal-te-zi-pd-u-paraqit-premtime-video\/#breadcrumb","itemListElement":[{"@type":"ListItem","position":1,"name":"Gjeka p\u00ebr zgjedhjet n\u00eb Mal t\u00eb Zi: PD u paraqit me premtime &#8211; Video"}]},{"@type":"Person","@id":"https:\/\/www.visit-ulcinj.com\/blog\/#\/schema\/person\/dcab619c614d3038751c63bc2aadc06d","name":"ulqini","sameAs":["http:\/\/www.visit-ulcinj.com"],"url":"https:\/\/www.visit-ulcinj.com\/blog\/author\/admin\/"}]}},"jetpack_featured_media_url":"","jetpack_sharing_enabled":true,"jetpack_shortlink":"https:\/\/wp.me\/pe6lTn-pXF","_links":{"self":[{"href":"https:\/\/www.visit-ulcinj.com\/blog\/wp-json\/wp\/v2\/posts\/99799"}],"collection":[{"href":"https:\/\/www.visit-ulcinj.com\/blog\/wp-json\/wp\/v2\/posts"}],"about":[{"href":"https:\/\/www.visit-ulcinj.com\/blog\/wp-json\/wp\/v2\/types\/post"}],"author":[{"embeddable":true,"href":"https:\/\/www.visit-ulcinj.com\/blog\/wp-json\/wp\/v2\/users\/1"}],"replies":[{"embeddable":true,"href":"https:\/\/www.visit-ulcinj.com\/blog\/wp-json\/wp\/v2\/comments?post=99799"}],"version-history":[{"count":5,"href":"https:\/\/www.visit-ulcinj.com\/blog\/wp-json\/wp\/v2\/posts\/99799\/revisions"}],"predecessor-version":[{"id":99806,"href":"https:\/\/www.visit-ulcinj.com\/blog\/wp-json\/wp\/v2\/posts\/99799\/revisions\/99806"}],"wp:attachment":[{"href":"https:\/\/www.visit-ulcinj.com\/blog\/wp-json\/wp\/v2\/media?parent=99799"}],"wp:term":[{"taxonomy":"category","embeddable":true,"href":"https:\/\/www.visit-ulcinj.com\/blog\/wp-json\/wp\/v2\/categories?post=99799"},{"taxonomy":"post_tag","embeddable":true,"href":"https:\/\/www.visit-ulcinj.com\/blog\/wp-json\/wp\/v2\/tags?post=99799"}],"curies":[{"name":"wp","href":"https:\/\/api.w.org\/{rel}","templated":true}]}}