{"id":99829,"date":"2016-09-20T13:20:33","date_gmt":"2016-09-20T12:20:33","guid":{"rendered":"http:\/\/www.visit-ulcinj.com\/blog\/?p=99829"},"modified":"2016-09-20T13:20:33","modified_gmt":"2016-09-20T12:20:33","slug":"nika-ne-gjurmet-e-nje-lajmi-kur-gazetari-ia-fut-kot","status":"publish","type":"post","link":"https:\/\/www.visit-ulcinj.com\/blog\/2016\/09\/20\/nika-ne-gjurmet-e-nje-lajmi-kur-gazetari-ia-fut-kot\/","title":{"rendered":"Nika: N\u00eb gjurm\u00ebt e nj\u00eb lajmi: Kur gazetari ia fut kot ?!!!"},"content":{"rendered":"<p><strong><em><a href=\"http:\/\/www.visit-ulcinj.com\/blog\/wp-content\/uploads\/2014\/11\/Muhamet-Nika.jpg\"><img loading=\"lazy\" class=\"alignleft wp-image-86143 size-medium\" src=\"http:\/\/www.visit-ulcinj.com\/blog\/wp-content\/uploads\/2014\/11\/Muhamet-Nika-240x300.jpg\" alt=\"Muhamet Nika,  Sudski tuma\u010d- P\u00ebrkthyes gjyq\u00ebsor  \u201c MUHAMET NIKA \u201d Ulcinj- Ulqin Adresa:  zgrada  SO ULCINJ- nd\u00ebrtesa e KK Ulqin Telefon-i:               068 264 122 Email-i : muhamet-nika@hotmail.com  Albanski jezik-  prof. Albanskog  jezika  Gjuh\u00eb shqipe- prof. I gjuh\u00ebs shqipe\" width=\"240\" height=\"300\" srcset=\"https:\/\/www.visit-ulcinj.com\/blog\/wp-content\/uploads\/2014\/11\/Muhamet-Nika-240x300.jpg 240w, https:\/\/www.visit-ulcinj.com\/blog\/wp-content\/uploads\/2014\/11\/Muhamet-Nika.jpg 256w\" sizes=\"(max-width: 240px) 100vw, 240px\" \/><\/a>Shkruan Muhamet Nika<\/em><\/strong><\/p>\n<p>Shpesh\u00a0 na takon p\u00ebr hise , t\u00eb d\u00ebgjojm\u00eb lajme gjysm\u00eb t\u00eb v\u00ebrteta\u00a0 apo fare t\u00eb pa v\u00ebrteta ?! K\u00ebtu \u00a0, do kisha futur\u00a0 jo pa q\u00ebllim edhe lajmin ku thuhet se inspektor\u00ebt republikan\u00eb , shkarkuan filan sekretarin e komun\u00ebs \u2013duke e ve\u00e7uar at\u00eb nga t\u00eb tjer\u00ebt . Kuptohet q\u00eb n\u00eb k\u00ebt\u00eb rast \u2013 jo pa q\u00ebllim fshihen emrat e tjer\u00ebve , t\u00eb cil\u00ebt , gjithashtu nuk i plot\u00ebsojn\u00eb kushtet ngjash\u00ebm\u00a0 si p\u00ebr k\u00ebt\u00eb q\u00eb u \u00a0shkarkua \u00a0dhe jam\u00a0 i bindur\u00a0 se \u00a0te\u00a0 inspektor\u00ebt nuk\u00a0 ka p\u00ebrjashtim&#8230;?!<\/p>\n<p>M\u00eb pas , pas disa koh\u00ebve , thuhet se inspektor\u00ebt\u00a0 iu ndaluan n\u00ebnshkrimin edhe dy sekretar\u00ebve q\u00eb edhe ky\u00a0 \u00ebsht\u00eb pjes\u00ebrisht\u00a0 i v\u00ebrtet\u00eb\u00a0 sepse \u00a0n\u00eb pyetje \u00a0jan\u00eb\u00a0 m\u00eb shum\u00eb se\u00a0 dy&#8230;?!\u00a0 K\u00ebshtu\u00a0 numri i tyre\u00a0 sa vjen e shtohet\u00a0 dita dit\u00ebs\u00a0 e ne e dim\u00eb q\u00eb komplet\u00a0 kabineti i Cungut \u00a0\u00ebsht\u00eb i formuar\u00a0 n\u00eb m\u00ebnyr\u00eb t\u00eb pa ligjshme e mbase vet\u00ebm\u00a0 nja \u00a02- 3 prej tyre\u00a0 i plot\u00ebsojn\u00eb kushtet \u00a0t\u00eb ushtrojn\u00eb funksionin.<\/p>\n<p>Kjo do t\u00eb thot\u00eb , se shum\u00eb shpejt &#8211; \u00a0tesh po del edhe ndonj\u00eb lajm tjet\u00ebr , p\u00ebr shkarkimin e ndonj\u00eb sekretari , apo disa sosh . Mor\u00a0 me t\u00eb v\u00ebrtet\u00eb:\u00a0 <strong><em>k\u00ebta\u00a0 tan\u00ebt, q\u00eb than\u00eb se i kan\u00eb rr\u00ebnj\u00ebt e forta, na \u00a0duket \u00a0t\u2019i ken\u00eb \u00a0fare mbi\u00a0 tok\u00eb ..?!<\/em><\/strong><\/p>\n<p>S\u00eb fundmi , tashti mor\u00ebm vesh se \u00a0u shkarkuan si sekretar\u00eb \u00a0\u00a0edhe \u00a0nja dy nga kuadrot e DPS-it, pa marr\u00eb para sysh q\u00eb ishin em\u00ebruar nga komisioni p\u00ebr kuadro\u00a0 i DPS-i, supozoj \u00a0\u201c treshja&#8230;.\u201d e njohur\u00a0 n\u00eb nivel komunal: L UIGJ \u2013 LORO e BORO . Edhe pse\u00a0 ky i treti ishte distancuar haptas n\u00eb kuvend , duke u shprehur\u00a0 kund\u00ebr familjarizimit &#8230; ?!\u00a0 \u201c&#8230;. ZA TO \u00a0OVO\u00a0 NE MIRI\u0160E\u00a0 NA DOBRO..\u201d?!<\/p>\n<p><strong><em>KUSH B\u00cbN\u00cb P\u00cbR GAZTAR\u00cb<\/em><\/strong><\/p>\n<p>Edhe sot po shihet se \u00a0jan\u00eb aktuale\u00a0 ato vargjet e nj\u00eb rilind\u00ebsi- mbase Asdrenit, sepse nuk po m\u00eb \u00a0kujtohet \u00a0kur thoshte: <strong><em>p\u00ebr me shkru zatni \u00a0ngazeta\/ duhet shkruesi tjet nradh \u00a0t\u00eb par\u00eb\/ njeri i ndersh\u00ebm atdhetar\/ pastaj duhet t\u00eb ket\u00eb dije\/ edhe kjen mos tket afije(shpijun..)?!!!<\/em><\/strong><\/p>\n<p><strong><em>Si ta p\u00ebrfundoj <\/em><\/strong><\/p>\n<p>Kur u n\u00ebnshkrua plani i sanimit me qeveri-\u00a0 koha\u00a0 HAJDINAGA(NIKA), qeveria nuk pranoi q\u00eb \u00a0n\u00eb kategorin\u00eb e pun\u00ebtor\u00ebve q\u00eb do fitonin nga kredia , t\u00eb hyjn\u00eb edhe ata t\u00eb cil\u00ebt kishin krijuar marr\u00ebdh\u00ebnie pune pas vitit 2008( po apati asosh q\u00eb p\u00ebrfituan \u2013 mbetet t\u00eb shihet)?!! Arsyeja e k\u00ebsaj ishte sepse mbi baz\u00ebn e padive , kjo kategori e t\u00eb pun\u00ebsuarve\u00a0 , i \u00ebsht\u00eb n\u00ebnshtruar\u00a0 hetimit t\u00eb thell\u00eb\u00a0 nga ana e prokurorit special dhe tashti prap\u00eb, \u00a0dikush \u00ebsht\u00eb kah luan me zjarr ( gjithnj\u00eb me kusht&#8230;)?!<\/p>\n<p>Por po i kthehemi \u00a0\u00e7\u00ebshtjes,\u00a0 q\u00eb \u00ebsht\u00eb: \u00a0pa \u00a0marr\u00eb para sysh \u00a0se \u00a0komuna- \u00a0nuk\u00a0 i shkarkoi sekretar\u00ebt \u2013 demek \u00a0duke u\u00a0 thirr n\u00eb \u00a0t\u00eb drejt\u00eb ankese. &#8230;.!! \u00a0Ligji \u00ebsht\u00eb \u00a0tep\u00ebr i qart\u00eb :\u201d \u017ealba ne odla\u017ee izvr\u0161enje..\u201c. E tham\u00eb serbisht\u00a0 edhe pse\u00a0 prind\u00ebrit\u00a0 na thoshin : \u201d\u00a0 a merr \u00a0\u00a0vesht\u00a0 shqip.\u201d<\/p>\n<p>Po \u00a0e b\u00ebj k\u00ebt\u00eb edhe un\u00eb, sepse gjithnj\u00eb m\u00eb duket \u00a0se k\u00ebta (tan\u00ebt),nuk marrin vesh ; \u00a0as shqip \u00a0e as nashke?!!<\/p>\n<p><a href=\"http:\/\/www.visit-ulcinj.com\/blog\/wp-content\/uploads\/2016\/09\/Nika-Dokument-inspekcioni-ulqin.jpg\"><img loading=\"lazy\" class=\"alignleft wp-image-99830\" src=\"http:\/\/www.visit-ulcinj.com\/blog\/wp-content\/uploads\/2016\/09\/Nika-Dokument-inspekcioni-ulqin.jpg\" alt=\"Nika-Dokument-inspekcioni-ulqin\" width=\"508\" height=\"514\" srcset=\"https:\/\/www.visit-ulcinj.com\/blog\/wp-content\/uploads\/2016\/09\/Nika-Dokument-inspekcioni-ulqin.jpg 619w, https:\/\/www.visit-ulcinj.com\/blog\/wp-content\/uploads\/2016\/09\/Nika-Dokument-inspekcioni-ulqin-297x300.jpg 297w\" sizes=\"(max-width: 508px) 100vw, 508px\" \/><\/a><\/p>\n<p><a href=\"http:\/\/www.visit-ulcinj.com\/blog\/wp-content\/uploads\/2014\/11\/Muhamet-Nika.jpg\"><img loading=\"lazy\" class=\"alignleft wp-image-86143 size-thumbnail\" src=\"http:\/\/www.visit-ulcinj.com\/blog\/wp-content\/uploads\/2014\/11\/Muhamet-Nika-150x150.jpg\" alt=\"Muhamet Nika\" width=\"150\" height=\"150\" \/><\/a><strong>Sudski tuma\u010d- P\u00ebrkthyes gjyq\u00ebsor \u201c MUHAMET NIKA \u201d Ulcinj- Ulqin<\/strong><\/p>\n<p><strong>Adresa:<\/strong> zgrada SO ULCINJ- nd\u00ebrtesa e KK Ulqin<\/p>\n<p><strong>Telefon-i: <\/strong> 068 264 122<\/p>\n<p><strong>Email-i <\/strong>: <strong><a href=\"mailto:muhamet-nika@hotmail.com\">muhamet-nika@hotmail.com<\/a><\/strong><\/p>\n<p>Albanski jezik- prof. Albanskog jezika<\/p>\n<p>Gjuh\u00eb shqipe- prof. I gjuh\u00ebs shqipe<\/p>\n<p><strong>Pik\u00ebpamjet e shprehura n\u00eb faqen \u201cOPINIONE\u201d nuk p\u00ebrfaq\u00ebsojn\u00eb domosdoshm\u00ebrisht politik\u00ebn redaksionale t\u00eb \u201eLajmeve nga Ulqini\u201e<\/strong><\/p>\n","protected":false},"excerpt":{"rendered":"<p>Shkruan Muhamet Nika Shpesh\u00a0 na takon p\u00ebr hise , t\u00eb d\u00ebgjojm\u00eb lajme gjysm\u00eb t\u00eb v\u00ebrteta\u00a0 apo fare t\u00eb pa v\u00ebrteta ?! K\u00ebtu \u00a0, do kisha futur\u00a0 jo pa q\u00ebllim edhe lajmin ku thuhet se inspektor\u00ebt republikan\u00eb , shkarkuan filan sekretarin e komun\u00ebs \u2013duke e ve\u00e7uar at\u00eb nga t\u00eb tjer\u00ebt . Kuptohet q\u00eb n\u00eb k\u00ebt\u00eb rast [&hellip;]<\/p>\n","protected":false},"author":1,"featured_media":0,"comment_status":"closed","ping_status":"closed","sticky":false,"template":"","format":"standard","meta":{"spay_email":"","jetpack_publicize_message":"","jetpack_is_tweetstorm":false,"jetpack_publicize_feature_enabled":true},"categories":[6950],"tags":[],"jetpack_publicize_connections":[],"yoast_head":"<!-- This site is optimized with the Yoast SEO plugin v19.1 - https:\/\/yoast.com\/wordpress\/plugins\/seo\/ -->\n<title>Nika: N\u00eb gjurm\u00ebt e nj\u00eb lajmi: Kur gazetari ia fut kot ?!!! - Lajme nga Ulqini<\/title>\n<meta name=\"description\" content=\"Shkruan Muhamet Nika Shpesh\u00a0 na takon p\u00ebr hise , t\u00eb d\u00ebgjojm\u00eb lajme gjysm\u00eb t\u00eb v\u00ebrteta\u00a0 apo fare t\u00eb pa v\u00ebrteta ?! K\u00ebtu \u00a0, do kisha futur\u00a0 jo pa q\u00ebllim edhe\" \/>\n<meta name=\"robots\" content=\"index, follow, max-snippet:-1, max-image-preview:large, max-video-preview:-1\" \/>\n<link rel=\"canonical\" href=\"https:\/\/www.visit-ulcinj.com\/blog\/2016\/09\/20\/nika-ne-gjurmet-e-nje-lajmi-kur-gazetari-ia-fut-kot\/\" \/>\n<meta property=\"og:locale\" content=\"en_US\" \/>\n<meta property=\"og:type\" content=\"article\" \/>\n<meta property=\"og:title\" content=\"Nika: N\u00eb gjurm\u00ebt e nj\u00eb lajmi: Kur gazetari ia fut kot ?!!! - Lajme nga Ulqini\" \/>\n<meta property=\"og:description\" content=\"Shkruan Muhamet Nika Shpesh\u00a0 na takon p\u00ebr hise , t\u00eb d\u00ebgjojm\u00eb lajme gjysm\u00eb t\u00eb v\u00ebrteta\u00a0 apo fare t\u00eb pa v\u00ebrteta ?! K\u00ebtu \u00a0, do kisha futur\u00a0 jo pa q\u00ebllim edhe\" \/>\n<meta property=\"og:url\" content=\"https:\/\/www.visit-ulcinj.com\/blog\/2016\/09\/20\/nika-ne-gjurmet-e-nje-lajmi-kur-gazetari-ia-fut-kot\/\" \/>\n<meta property=\"og:site_name\" content=\"Lajme nga Ulqini\" \/>\n<meta property=\"article:published_time\" content=\"2016-09-20T12:20:33+00:00\" \/>\n<meta property=\"og:image\" content=\"http:\/\/www.visit-ulcinj.com\/blog\/wp-content\/uploads\/2014\/11\/Muhamet-Nika-240x300.jpg\" \/>\n<meta name=\"twitter:label1\" content=\"Written by\" \/>\n\t<meta name=\"twitter:data1\" content=\"ulqini\" \/>\n\t<meta name=\"twitter:label2\" content=\"Est. reading time\" \/>\n\t<meta name=\"twitter:data2\" content=\"3 minutes\" \/>\n<script type=\"application\/ld+json\" class=\"yoast-schema-graph\">{\"@context\":\"https:\/\/schema.org\",\"@graph\":[{\"@type\":\"WebSite\",\"@id\":\"https:\/\/www.visit-ulcinj.com\/blog\/#website\",\"url\":\"https:\/\/www.visit-ulcinj.com\/blog\/\",\"name\":\"Lajme nga Ulqini\",\"description\":\"Lajme,Vijesti,Ulqini,Ulqin,Crna Gora,Mali i Zi\",\"potentialAction\":[{\"@type\":\"SearchAction\",\"target\":{\"@type\":\"EntryPoint\",\"urlTemplate\":\"https:\/\/www.visit-ulcinj.com\/blog\/?s={search_term_string}\"},\"query-input\":\"required name=search_term_string\"}],\"inLanguage\":\"en-US\"},{\"@type\":\"ImageObject\",\"inLanguage\":\"en-US\",\"@id\":\"https:\/\/www.visit-ulcinj.com\/blog\/2016\/09\/20\/nika-ne-gjurmet-e-nje-lajmi-kur-gazetari-ia-fut-kot\/#primaryimage\",\"url\":\"https:\/\/www.visit-ulcinj.com\/blog\/wp-content\/uploads\/2014\/11\/Muhamet-Nika.jpg\",\"contentUrl\":\"https:\/\/www.visit-ulcinj.com\/blog\/wp-content\/uploads\/2014\/11\/Muhamet-Nika.jpg\",\"width\":256,\"height\":319},{\"@type\":\"WebPage\",\"@id\":\"https:\/\/www.visit-ulcinj.com\/blog\/2016\/09\/20\/nika-ne-gjurmet-e-nje-lajmi-kur-gazetari-ia-fut-kot\/#webpage\",\"url\":\"https:\/\/www.visit-ulcinj.com\/blog\/2016\/09\/20\/nika-ne-gjurmet-e-nje-lajmi-kur-gazetari-ia-fut-kot\/\",\"name\":\"Nika: N\u00eb gjurm\u00ebt e nj\u00eb lajmi: Kur gazetari ia fut kot ?!!! - Lajme nga Ulqini\",\"isPartOf\":{\"@id\":\"https:\/\/www.visit-ulcinj.com\/blog\/#website\"},\"primaryImageOfPage\":{\"@id\":\"https:\/\/www.visit-ulcinj.com\/blog\/2016\/09\/20\/nika-ne-gjurmet-e-nje-lajmi-kur-gazetari-ia-fut-kot\/#primaryimage\"},\"datePublished\":\"2016-09-20T12:20:33+00:00\",\"dateModified\":\"2016-09-20T12:20:33+00:00\",\"author\":{\"@id\":\"https:\/\/www.visit-ulcinj.com\/blog\/#\/schema\/person\/dcab619c614d3038751c63bc2aadc06d\"},\"description\":\"Shkruan Muhamet Nika Shpesh\u00a0 na takon p\u00ebr hise , t\u00eb d\u00ebgjojm\u00eb lajme gjysm\u00eb t\u00eb v\u00ebrteta\u00a0 apo fare t\u00eb pa v\u00ebrteta ?! K\u00ebtu \u00a0, do kisha futur\u00a0 jo pa q\u00ebllim edhe\",\"breadcrumb\":{\"@id\":\"https:\/\/www.visit-ulcinj.com\/blog\/2016\/09\/20\/nika-ne-gjurmet-e-nje-lajmi-kur-gazetari-ia-fut-kot\/#breadcrumb\"},\"inLanguage\":\"en-US\",\"potentialAction\":[{\"@type\":\"ReadAction\",\"target\":[\"https:\/\/www.visit-ulcinj.com\/blog\/2016\/09\/20\/nika-ne-gjurmet-e-nje-lajmi-kur-gazetari-ia-fut-kot\/\"]}]},{\"@type\":\"BreadcrumbList\",\"@id\":\"https:\/\/www.visit-ulcinj.com\/blog\/2016\/09\/20\/nika-ne-gjurmet-e-nje-lajmi-kur-gazetari-ia-fut-kot\/#breadcrumb\",\"itemListElement\":[{\"@type\":\"ListItem\",\"position\":1,\"name\":\"Nika: N\u00eb gjurm\u00ebt e nj\u00eb lajmi: Kur gazetari ia fut kot ?!!!\"}]},{\"@type\":\"Person\",\"@id\":\"https:\/\/www.visit-ulcinj.com\/blog\/#\/schema\/person\/dcab619c614d3038751c63bc2aadc06d\",\"name\":\"ulqini\",\"sameAs\":[\"http:\/\/www.visit-ulcinj.com\"],\"url\":\"https:\/\/www.visit-ulcinj.com\/blog\/author\/admin\/\"}]}<\/script>\n<!-- \/ Yoast SEO plugin. -->","yoast_head_json":{"title":"Nika: N\u00eb gjurm\u00ebt e nj\u00eb lajmi: Kur gazetari ia fut kot ?!!! - Lajme nga Ulqini","description":"Shkruan Muhamet Nika Shpesh\u00a0 na takon p\u00ebr hise , t\u00eb d\u00ebgjojm\u00eb lajme gjysm\u00eb t\u00eb v\u00ebrteta\u00a0 apo fare t\u00eb pa v\u00ebrteta ?! K\u00ebtu \u00a0, do kisha futur\u00a0 jo pa q\u00ebllim edhe","robots":{"index":"index","follow":"follow","max-snippet":"max-snippet:-1","max-image-preview":"max-image-preview:large","max-video-preview":"max-video-preview:-1"},"canonical":"https:\/\/www.visit-ulcinj.com\/blog\/2016\/09\/20\/nika-ne-gjurmet-e-nje-lajmi-kur-gazetari-ia-fut-kot\/","og_locale":"en_US","og_type":"article","og_title":"Nika: N\u00eb gjurm\u00ebt e nj\u00eb lajmi: Kur gazetari ia fut kot ?!!! - Lajme nga Ulqini","og_description":"Shkruan Muhamet Nika Shpesh\u00a0 na takon p\u00ebr hise , t\u00eb d\u00ebgjojm\u00eb lajme gjysm\u00eb t\u00eb v\u00ebrteta\u00a0 apo fare t\u00eb pa v\u00ebrteta ?! K\u00ebtu \u00a0, do kisha futur\u00a0 jo pa q\u00ebllim edhe","og_url":"https:\/\/www.visit-ulcinj.com\/blog\/2016\/09\/20\/nika-ne-gjurmet-e-nje-lajmi-kur-gazetari-ia-fut-kot\/","og_site_name":"Lajme nga Ulqini","article_published_time":"2016-09-20T12:20:33+00:00","og_image":[{"url":"http:\/\/www.visit-ulcinj.com\/blog\/wp-content\/uploads\/2014\/11\/Muhamet-Nika-240x300.jpg"}],"twitter_misc":{"Written by":"ulqini","Est. reading time":"3 minutes"},"schema":{"@context":"https:\/\/schema.org","@graph":[{"@type":"WebSite","@id":"https:\/\/www.visit-ulcinj.com\/blog\/#website","url":"https:\/\/www.visit-ulcinj.com\/blog\/","name":"Lajme nga Ulqini","description":"Lajme,Vijesti,Ulqini,Ulqin,Crna Gora,Mali i Zi","potentialAction":[{"@type":"SearchAction","target":{"@type":"EntryPoint","urlTemplate":"https:\/\/www.visit-ulcinj.com\/blog\/?s={search_term_string}"},"query-input":"required name=search_term_string"}],"inLanguage":"en-US"},{"@type":"ImageObject","inLanguage":"en-US","@id":"https:\/\/www.visit-ulcinj.com\/blog\/2016\/09\/20\/nika-ne-gjurmet-e-nje-lajmi-kur-gazetari-ia-fut-kot\/#primaryimage","url":"https:\/\/www.visit-ulcinj.com\/blog\/wp-content\/uploads\/2014\/11\/Muhamet-Nika.jpg","contentUrl":"https:\/\/www.visit-ulcinj.com\/blog\/wp-content\/uploads\/2014\/11\/Muhamet-Nika.jpg","width":256,"height":319},{"@type":"WebPage","@id":"https:\/\/www.visit-ulcinj.com\/blog\/2016\/09\/20\/nika-ne-gjurmet-e-nje-lajmi-kur-gazetari-ia-fut-kot\/#webpage","url":"https:\/\/www.visit-ulcinj.com\/blog\/2016\/09\/20\/nika-ne-gjurmet-e-nje-lajmi-kur-gazetari-ia-fut-kot\/","name":"Nika: N\u00eb gjurm\u00ebt e nj\u00eb lajmi: Kur gazetari ia fut kot ?!!! - Lajme nga Ulqini","isPartOf":{"@id":"https:\/\/www.visit-ulcinj.com\/blog\/#website"},"primaryImageOfPage":{"@id":"https:\/\/www.visit-ulcinj.com\/blog\/2016\/09\/20\/nika-ne-gjurmet-e-nje-lajmi-kur-gazetari-ia-fut-kot\/#primaryimage"},"datePublished":"2016-09-20T12:20:33+00:00","dateModified":"2016-09-20T12:20:33+00:00","author":{"@id":"https:\/\/www.visit-ulcinj.com\/blog\/#\/schema\/person\/dcab619c614d3038751c63bc2aadc06d"},"description":"Shkruan Muhamet Nika Shpesh\u00a0 na takon p\u00ebr hise , t\u00eb d\u00ebgjojm\u00eb lajme gjysm\u00eb t\u00eb v\u00ebrteta\u00a0 apo fare t\u00eb pa v\u00ebrteta ?! K\u00ebtu \u00a0, do kisha futur\u00a0 jo pa q\u00ebllim edhe","breadcrumb":{"@id":"https:\/\/www.visit-ulcinj.com\/blog\/2016\/09\/20\/nika-ne-gjurmet-e-nje-lajmi-kur-gazetari-ia-fut-kot\/#breadcrumb"},"inLanguage":"en-US","potentialAction":[{"@type":"ReadAction","target":["https:\/\/www.visit-ulcinj.com\/blog\/2016\/09\/20\/nika-ne-gjurmet-e-nje-lajmi-kur-gazetari-ia-fut-kot\/"]}]},{"@type":"BreadcrumbList","@id":"https:\/\/www.visit-ulcinj.com\/blog\/2016\/09\/20\/nika-ne-gjurmet-e-nje-lajmi-kur-gazetari-ia-fut-kot\/#breadcrumb","itemListElement":[{"@type":"ListItem","position":1,"name":"Nika: N\u00eb gjurm\u00ebt e nj\u00eb lajmi: Kur gazetari ia fut kot ?!!!"}]},{"@type":"Person","@id":"https:\/\/www.visit-ulcinj.com\/blog\/#\/schema\/person\/dcab619c614d3038751c63bc2aadc06d","name":"ulqini","sameAs":["http:\/\/www.visit-ulcinj.com"],"url":"https:\/\/www.visit-ulcinj.com\/blog\/author\/admin\/"}]}},"jetpack_featured_media_url":"","jetpack_sharing_enabled":true,"jetpack_shortlink":"https:\/\/wp.me\/pe6lTn-pY9","_links":{"self":[{"href":"https:\/\/www.visit-ulcinj.com\/blog\/wp-json\/wp\/v2\/posts\/99829"}],"collection":[{"href":"https:\/\/www.visit-ulcinj.com\/blog\/wp-json\/wp\/v2\/posts"}],"about":[{"href":"https:\/\/www.visit-ulcinj.com\/blog\/wp-json\/wp\/v2\/types\/post"}],"author":[{"embeddable":true,"href":"https:\/\/www.visit-ulcinj.com\/blog\/wp-json\/wp\/v2\/users\/1"}],"replies":[{"embeddable":true,"href":"https:\/\/www.visit-ulcinj.com\/blog\/wp-json\/wp\/v2\/comments?post=99829"}],"version-history":[{"count":1,"href":"https:\/\/www.visit-ulcinj.com\/blog\/wp-json\/wp\/v2\/posts\/99829\/revisions"}],"predecessor-version":[{"id":99831,"href":"https:\/\/www.visit-ulcinj.com\/blog\/wp-json\/wp\/v2\/posts\/99829\/revisions\/99831"}],"wp:attachment":[{"href":"https:\/\/www.visit-ulcinj.com\/blog\/wp-json\/wp\/v2\/media?parent=99829"}],"wp:term":[{"taxonomy":"category","embeddable":true,"href":"https:\/\/www.visit-ulcinj.com\/blog\/wp-json\/wp\/v2\/categories?post=99829"},{"taxonomy":"post_tag","embeddable":true,"href":"https:\/\/www.visit-ulcinj.com\/blog\/wp-json\/wp\/v2\/tags?post=99829"}],"curies":[{"name":"wp","href":"https:\/\/api.w.org\/{rel}","templated":true}]}}