{"id":99836,"date":"2016-09-20T18:23:08","date_gmt":"2016-09-20T17:23:08","guid":{"rendered":"http:\/\/www.visit-ulcinj.com\/blog\/?p=99836"},"modified":"2016-09-21T10:03:09","modified_gmt":"2016-09-21T09:03:09","slug":"lista-zyrtare-e-kandidateve-lidhja-demokratike-shqiptare-camaj-dhe-dr-jakupi","status":"publish","type":"post","link":"https:\/\/www.visit-ulcinj.com\/blog\/2016\/09\/20\/lista-zyrtare-e-kandidateve-lidhja-demokratike-shqiptare-camaj-dhe-dr-jakupi\/","title":{"rendered":"Lista zyrtare e kandidat\u00ebve \u201cLidhja demokratike shqiptare\u201d Camaj dhe Dr. Jakupi"},"content":{"rendered":"<p><a href=\"http:\/\/www.visit-ulcinj.com\/blog\/wp-content\/uploads\/2016\/09\/Dr.Isat-Jakupi-Nikolle-Camaj.jpg\"><img loading=\"lazy\" class=\"alignleft wp-image-99837\" src=\"http:\/\/www.visit-ulcinj.com\/blog\/wp-content\/uploads\/2016\/09\/Dr.Isat-Jakupi-Nikolle-Camaj.jpg\" alt=\"Dr.Isat Jakupi-Nikolle-Camaj\" width=\"508\" height=\"286\" srcset=\"https:\/\/www.visit-ulcinj.com\/blog\/wp-content\/uploads\/2016\/09\/Dr.Isat-Jakupi-Nikolle-Camaj.jpg 497w, https:\/\/www.visit-ulcinj.com\/blog\/wp-content\/uploads\/2016\/09\/Dr.Isat-Jakupi-Nikolle-Camaj-300x169.jpg 300w\" sizes=\"(max-width: 508px) 100vw, 508px\" \/><\/a><strong>Lista\u00a0 e tret\u00eb zyrtare e kandidat\u00ebve \u201cLidhja demokratike shqiptare\u201d Camaj dhe Dr. Jakupi<\/strong><\/p>\n<p>Partit\u00eb dhe grupimet politike t\u00eb cilat grumbullojn\u00eb Shqiptar\u00ebt m\u00eb Mal t\u00eb Zi do t\u00eb marrin pjes\u00eb n\u00eb zgjedhjet parlamentare n\u00eb tre kolona. Nj\u00eb kolon\u00eb do t\u00eb jet\u00eb koalicioni \u201eShqiptar\u00ebt t\u00eb vendosur\u201c, t\u00eb cil\u00ebn e p\u00ebrb\u00ebjn\u00eb Forca e Re Demokratike, Unioni Demokratik i Shqiptar\u00ebve dhe Alternativa Shqiptare. N\u00eb kolon\u00ebn e dyt\u00eb do t\u00eb jet\u00eb Partia Demokratike, Lidhja Demokratike n\u00eb Mal t\u00eb Zi, Iniciativa Qytetare dhe L\u00ebvizja qytetare \u201ePerspektiva\u201c.<\/p>\n<p>N\u00eb zgjedhje do t\u00eb marrin pjes\u00eb edhe grupimi t\u00eb cilin kryesisht e p\u00ebrb\u00ebjn\u00eb an\u00ebtar\u00ebt e deg\u00ebve t\u00eb Lidhjes Demokratike nga Mal\u00ebsia, Plava, Rozhaja, e t\u00eb cil\u00ebn e udh\u00ebheq Nikoll\u00eb Camaj, dhe e cila, sipas dakordimit t\u00eb mbr\u00ebmsh\u00ebm, n\u00eb k\u00ebto zgjedhje do t\u00eb dal me Partin\u00eb Qendrore Shqiptare p\u00ebr Integrime- dr Isat Jakupi, njofton portali Ul- info.<\/p>\n<p>List\u00ebn t\u00eb cil\u00ebn e formuan kryetari i K\u00ebshillit t\u00eb Lidhjes demokratike n\u00eb Mal\u00ebsi Nikoll\u00eb Camaj dhe lideri i L\u00ebvizjes qendrore shqiptare p\u00ebr integrime nga Ulqini dr. Isat Jakup do t\u00eb marr\u00eb pjes\u00eb n\u00eb zgjedhjet e ardhshme parlamentare me emrin \u201cLidhja demokratike shqiptare\u201d.<\/p>\n<p>Kjo \u00ebsht\u00eb lista e tret\u00eb e cila p\u00ebrfshin\u00eb subjektet politike shqiptare n\u00eb Mal t\u00eb Zi n\u00eb zgjedhjet e 16 tetorit.<\/p>\n<p>P\u00ebrndryshe, t\u00eb gjith\u00eb ato sot kan\u00eb dor\u00ebzuar n\u00eb Komisionin shtet\u00ebror zgjedhor list\u00ebn e kandidat\u00ebve p\u00ebr deputet dhe n\u00ebnshkrimet e grumbulluara.<\/p>\n","protected":false},"excerpt":{"rendered":"<p>Lista\u00a0 e tret\u00eb zyrtare e kandidat\u00ebve \u201cLidhja demokratike shqiptare\u201d Camaj dhe Dr. Jakupi Partit\u00eb dhe grupimet politike t\u00eb cilat grumbullojn\u00eb Shqiptar\u00ebt m\u00eb Mal t\u00eb Zi do t\u00eb marrin pjes\u00eb n\u00eb zgjedhjet parlamentare n\u00eb tre kolona. Nj\u00eb kolon\u00eb do t\u00eb jet\u00eb koalicioni \u201eShqiptar\u00ebt t\u00eb vendosur\u201c, t\u00eb cil\u00ebn e p\u00ebrb\u00ebjn\u00eb Forca e Re Demokratike, Unioni Demokratik i [&hellip;]<\/p>\n","protected":false},"author":1,"featured_media":0,"comment_status":"closed","ping_status":"closed","sticky":false,"template":"","format":"standard","meta":{"spay_email":"","jetpack_publicize_message":"","jetpack_is_tweetstorm":false,"jetpack_publicize_feature_enabled":true},"categories":[1,6],"tags":[],"jetpack_publicize_connections":[],"yoast_head":"<!-- This site is optimized with the Yoast SEO plugin v19.1 - https:\/\/yoast.com\/wordpress\/plugins\/seo\/ -->\n<title>Lista zyrtare e kandidat\u00ebve \u201cLidhja demokratike shqiptare\u201d Camaj dhe Dr. Jakupi - Lajme nga Ulqini<\/title>\n<meta name=\"description\" content=\"Lista\u00a0 e tret\u00eb zyrtare e kandidat\u00ebve \u201cLidhja demokratike shqiptare\u201d Camaj dhe Dr. Jakupi Partit\u00eb dhe grupimet politike t\u00eb cilat grumbullojn\u00eb Shqiptar\u00ebt m\u00eb\" \/>\n<meta name=\"robots\" content=\"index, follow, max-snippet:-1, max-image-preview:large, max-video-preview:-1\" \/>\n<link rel=\"canonical\" href=\"https:\/\/www.visit-ulcinj.com\/blog\/2016\/09\/20\/lista-zyrtare-e-kandidateve-lidhja-demokratike-shqiptare-camaj-dhe-dr-jakupi\/\" \/>\n<meta property=\"og:locale\" content=\"en_US\" \/>\n<meta property=\"og:type\" content=\"article\" \/>\n<meta property=\"og:title\" content=\"Lista zyrtare e kandidat\u00ebve \u201cLidhja demokratike shqiptare\u201d Camaj dhe Dr. Jakupi - Lajme nga Ulqini\" \/>\n<meta property=\"og:description\" content=\"Lista\u00a0 e tret\u00eb zyrtare e kandidat\u00ebve \u201cLidhja demokratike shqiptare\u201d Camaj dhe Dr. Jakupi Partit\u00eb dhe grupimet politike t\u00eb cilat grumbullojn\u00eb Shqiptar\u00ebt m\u00eb\" \/>\n<meta property=\"og:url\" content=\"https:\/\/www.visit-ulcinj.com\/blog\/2016\/09\/20\/lista-zyrtare-e-kandidateve-lidhja-demokratike-shqiptare-camaj-dhe-dr-jakupi\/\" \/>\n<meta property=\"og:site_name\" content=\"Lajme nga Ulqini\" \/>\n<meta property=\"article:published_time\" content=\"2016-09-20T17:23:08+00:00\" \/>\n<meta property=\"article:modified_time\" content=\"2016-09-21T09:03:09+00:00\" \/>\n<meta property=\"og:image\" content=\"http:\/\/www.visit-ulcinj.com\/blog\/wp-content\/uploads\/2016\/09\/Dr.Isat-Jakupi-Nikolle-Camaj.jpg\" \/>\n<meta name=\"twitter:label1\" content=\"Written by\" \/>\n\t<meta name=\"twitter:data1\" content=\"ulqini\" \/>\n\t<meta name=\"twitter:label2\" content=\"Est. reading time\" \/>\n\t<meta name=\"twitter:data2\" content=\"1 minute\" \/>\n<script type=\"application\/ld+json\" class=\"yoast-schema-graph\">{\"@context\":\"https:\/\/schema.org\",\"@graph\":[{\"@type\":\"WebSite\",\"@id\":\"https:\/\/www.visit-ulcinj.com\/blog\/#website\",\"url\":\"https:\/\/www.visit-ulcinj.com\/blog\/\",\"name\":\"Lajme nga Ulqini\",\"description\":\"Lajme,Vijesti,Ulqini,Ulqin,Crna Gora,Mali i Zi\",\"potentialAction\":[{\"@type\":\"SearchAction\",\"target\":{\"@type\":\"EntryPoint\",\"urlTemplate\":\"https:\/\/www.visit-ulcinj.com\/blog\/?s={search_term_string}\"},\"query-input\":\"required name=search_term_string\"}],\"inLanguage\":\"en-US\"},{\"@type\":\"ImageObject\",\"inLanguage\":\"en-US\",\"@id\":\"https:\/\/www.visit-ulcinj.com\/blog\/2016\/09\/20\/lista-zyrtare-e-kandidateve-lidhja-demokratike-shqiptare-camaj-dhe-dr-jakupi\/#primaryimage\",\"url\":\"https:\/\/www.visit-ulcinj.com\/blog\/wp-content\/uploads\/2016\/09\/Dr.Isat-Jakupi-Nikolle-Camaj.jpg\",\"contentUrl\":\"https:\/\/www.visit-ulcinj.com\/blog\/wp-content\/uploads\/2016\/09\/Dr.Isat-Jakupi-Nikolle-Camaj.jpg\",\"width\":497,\"height\":280},{\"@type\":\"WebPage\",\"@id\":\"https:\/\/www.visit-ulcinj.com\/blog\/2016\/09\/20\/lista-zyrtare-e-kandidateve-lidhja-demokratike-shqiptare-camaj-dhe-dr-jakupi\/#webpage\",\"url\":\"https:\/\/www.visit-ulcinj.com\/blog\/2016\/09\/20\/lista-zyrtare-e-kandidateve-lidhja-demokratike-shqiptare-camaj-dhe-dr-jakupi\/\",\"name\":\"Lista zyrtare e kandidat\u00ebve \u201cLidhja demokratike shqiptare\u201d Camaj dhe Dr. Jakupi - Lajme nga Ulqini\",\"isPartOf\":{\"@id\":\"https:\/\/www.visit-ulcinj.com\/blog\/#website\"},\"primaryImageOfPage\":{\"@id\":\"https:\/\/www.visit-ulcinj.com\/blog\/2016\/09\/20\/lista-zyrtare-e-kandidateve-lidhja-demokratike-shqiptare-camaj-dhe-dr-jakupi\/#primaryimage\"},\"datePublished\":\"2016-09-20T17:23:08+00:00\",\"dateModified\":\"2016-09-21T09:03:09+00:00\",\"author\":{\"@id\":\"https:\/\/www.visit-ulcinj.com\/blog\/#\/schema\/person\/dcab619c614d3038751c63bc2aadc06d\"},\"description\":\"Lista\u00a0 e tret\u00eb zyrtare e kandidat\u00ebve \u201cLidhja demokratike shqiptare\u201d Camaj dhe Dr. Jakupi Partit\u00eb dhe grupimet politike t\u00eb cilat grumbullojn\u00eb Shqiptar\u00ebt m\u00eb\",\"breadcrumb\":{\"@id\":\"https:\/\/www.visit-ulcinj.com\/blog\/2016\/09\/20\/lista-zyrtare-e-kandidateve-lidhja-demokratike-shqiptare-camaj-dhe-dr-jakupi\/#breadcrumb\"},\"inLanguage\":\"en-US\",\"potentialAction\":[{\"@type\":\"ReadAction\",\"target\":[\"https:\/\/www.visit-ulcinj.com\/blog\/2016\/09\/20\/lista-zyrtare-e-kandidateve-lidhja-demokratike-shqiptare-camaj-dhe-dr-jakupi\/\"]}]},{\"@type\":\"BreadcrumbList\",\"@id\":\"https:\/\/www.visit-ulcinj.com\/blog\/2016\/09\/20\/lista-zyrtare-e-kandidateve-lidhja-demokratike-shqiptare-camaj-dhe-dr-jakupi\/#breadcrumb\",\"itemListElement\":[{\"@type\":\"ListItem\",\"position\":1,\"name\":\"Lista zyrtare e kandidat\u00ebve \u201cLidhja demokratike shqiptare\u201d Camaj dhe Dr. Jakupi\"}]},{\"@type\":\"Person\",\"@id\":\"https:\/\/www.visit-ulcinj.com\/blog\/#\/schema\/person\/dcab619c614d3038751c63bc2aadc06d\",\"name\":\"ulqini\",\"sameAs\":[\"http:\/\/www.visit-ulcinj.com\"],\"url\":\"https:\/\/www.visit-ulcinj.com\/blog\/author\/admin\/\"}]}<\/script>\n<!-- \/ Yoast SEO plugin. -->","yoast_head_json":{"title":"Lista zyrtare e kandidat\u00ebve \u201cLidhja demokratike shqiptare\u201d Camaj dhe Dr. Jakupi - Lajme nga Ulqini","description":"Lista\u00a0 e tret\u00eb zyrtare e kandidat\u00ebve \u201cLidhja demokratike shqiptare\u201d Camaj dhe Dr. Jakupi Partit\u00eb dhe grupimet politike t\u00eb cilat grumbullojn\u00eb Shqiptar\u00ebt m\u00eb","robots":{"index":"index","follow":"follow","max-snippet":"max-snippet:-1","max-image-preview":"max-image-preview:large","max-video-preview":"max-video-preview:-1"},"canonical":"https:\/\/www.visit-ulcinj.com\/blog\/2016\/09\/20\/lista-zyrtare-e-kandidateve-lidhja-demokratike-shqiptare-camaj-dhe-dr-jakupi\/","og_locale":"en_US","og_type":"article","og_title":"Lista zyrtare e kandidat\u00ebve \u201cLidhja demokratike shqiptare\u201d Camaj dhe Dr. Jakupi - Lajme nga Ulqini","og_description":"Lista\u00a0 e tret\u00eb zyrtare e kandidat\u00ebve \u201cLidhja demokratike shqiptare\u201d Camaj dhe Dr. Jakupi Partit\u00eb dhe grupimet politike t\u00eb cilat grumbullojn\u00eb Shqiptar\u00ebt m\u00eb","og_url":"https:\/\/www.visit-ulcinj.com\/blog\/2016\/09\/20\/lista-zyrtare-e-kandidateve-lidhja-demokratike-shqiptare-camaj-dhe-dr-jakupi\/","og_site_name":"Lajme nga Ulqini","article_published_time":"2016-09-20T17:23:08+00:00","article_modified_time":"2016-09-21T09:03:09+00:00","og_image":[{"url":"http:\/\/www.visit-ulcinj.com\/blog\/wp-content\/uploads\/2016\/09\/Dr.Isat-Jakupi-Nikolle-Camaj.jpg"}],"twitter_misc":{"Written by":"ulqini","Est. reading time":"1 minute"},"schema":{"@context":"https:\/\/schema.org","@graph":[{"@type":"WebSite","@id":"https:\/\/www.visit-ulcinj.com\/blog\/#website","url":"https:\/\/www.visit-ulcinj.com\/blog\/","name":"Lajme nga Ulqini","description":"Lajme,Vijesti,Ulqini,Ulqin,Crna Gora,Mali i Zi","potentialAction":[{"@type":"SearchAction","target":{"@type":"EntryPoint","urlTemplate":"https:\/\/www.visit-ulcinj.com\/blog\/?s={search_term_string}"},"query-input":"required name=search_term_string"}],"inLanguage":"en-US"},{"@type":"ImageObject","inLanguage":"en-US","@id":"https:\/\/www.visit-ulcinj.com\/blog\/2016\/09\/20\/lista-zyrtare-e-kandidateve-lidhja-demokratike-shqiptare-camaj-dhe-dr-jakupi\/#primaryimage","url":"https:\/\/www.visit-ulcinj.com\/blog\/wp-content\/uploads\/2016\/09\/Dr.Isat-Jakupi-Nikolle-Camaj.jpg","contentUrl":"https:\/\/www.visit-ulcinj.com\/blog\/wp-content\/uploads\/2016\/09\/Dr.Isat-Jakupi-Nikolle-Camaj.jpg","width":497,"height":280},{"@type":"WebPage","@id":"https:\/\/www.visit-ulcinj.com\/blog\/2016\/09\/20\/lista-zyrtare-e-kandidateve-lidhja-demokratike-shqiptare-camaj-dhe-dr-jakupi\/#webpage","url":"https:\/\/www.visit-ulcinj.com\/blog\/2016\/09\/20\/lista-zyrtare-e-kandidateve-lidhja-demokratike-shqiptare-camaj-dhe-dr-jakupi\/","name":"Lista zyrtare e kandidat\u00ebve \u201cLidhja demokratike shqiptare\u201d Camaj dhe Dr. Jakupi - Lajme nga Ulqini","isPartOf":{"@id":"https:\/\/www.visit-ulcinj.com\/blog\/#website"},"primaryImageOfPage":{"@id":"https:\/\/www.visit-ulcinj.com\/blog\/2016\/09\/20\/lista-zyrtare-e-kandidateve-lidhja-demokratike-shqiptare-camaj-dhe-dr-jakupi\/#primaryimage"},"datePublished":"2016-09-20T17:23:08+00:00","dateModified":"2016-09-21T09:03:09+00:00","author":{"@id":"https:\/\/www.visit-ulcinj.com\/blog\/#\/schema\/person\/dcab619c614d3038751c63bc2aadc06d"},"description":"Lista\u00a0 e tret\u00eb zyrtare e kandidat\u00ebve \u201cLidhja demokratike shqiptare\u201d Camaj dhe Dr. Jakupi Partit\u00eb dhe grupimet politike t\u00eb cilat grumbullojn\u00eb Shqiptar\u00ebt m\u00eb","breadcrumb":{"@id":"https:\/\/www.visit-ulcinj.com\/blog\/2016\/09\/20\/lista-zyrtare-e-kandidateve-lidhja-demokratike-shqiptare-camaj-dhe-dr-jakupi\/#breadcrumb"},"inLanguage":"en-US","potentialAction":[{"@type":"ReadAction","target":["https:\/\/www.visit-ulcinj.com\/blog\/2016\/09\/20\/lista-zyrtare-e-kandidateve-lidhja-demokratike-shqiptare-camaj-dhe-dr-jakupi\/"]}]},{"@type":"BreadcrumbList","@id":"https:\/\/www.visit-ulcinj.com\/blog\/2016\/09\/20\/lista-zyrtare-e-kandidateve-lidhja-demokratike-shqiptare-camaj-dhe-dr-jakupi\/#breadcrumb","itemListElement":[{"@type":"ListItem","position":1,"name":"Lista zyrtare e kandidat\u00ebve \u201cLidhja demokratike shqiptare\u201d Camaj dhe Dr. Jakupi"}]},{"@type":"Person","@id":"https:\/\/www.visit-ulcinj.com\/blog\/#\/schema\/person\/dcab619c614d3038751c63bc2aadc06d","name":"ulqini","sameAs":["http:\/\/www.visit-ulcinj.com"],"url":"https:\/\/www.visit-ulcinj.com\/blog\/author\/admin\/"}]}},"jetpack_featured_media_url":"","jetpack_sharing_enabled":true,"jetpack_shortlink":"https:\/\/wp.me\/pe6lTn-pYg","_links":{"self":[{"href":"https:\/\/www.visit-ulcinj.com\/blog\/wp-json\/wp\/v2\/posts\/99836"}],"collection":[{"href":"https:\/\/www.visit-ulcinj.com\/blog\/wp-json\/wp\/v2\/posts"}],"about":[{"href":"https:\/\/www.visit-ulcinj.com\/blog\/wp-json\/wp\/v2\/types\/post"}],"author":[{"embeddable":true,"href":"https:\/\/www.visit-ulcinj.com\/blog\/wp-json\/wp\/v2\/users\/1"}],"replies":[{"embeddable":true,"href":"https:\/\/www.visit-ulcinj.com\/blog\/wp-json\/wp\/v2\/comments?post=99836"}],"version-history":[{"count":2,"href":"https:\/\/www.visit-ulcinj.com\/blog\/wp-json\/wp\/v2\/posts\/99836\/revisions"}],"predecessor-version":[{"id":99839,"href":"https:\/\/www.visit-ulcinj.com\/blog\/wp-json\/wp\/v2\/posts\/99836\/revisions\/99839"}],"wp:attachment":[{"href":"https:\/\/www.visit-ulcinj.com\/blog\/wp-json\/wp\/v2\/media?parent=99836"}],"wp:term":[{"taxonomy":"category","embeddable":true,"href":"https:\/\/www.visit-ulcinj.com\/blog\/wp-json\/wp\/v2\/categories?post=99836"},{"taxonomy":"post_tag","embeddable":true,"href":"https:\/\/www.visit-ulcinj.com\/blog\/wp-json\/wp\/v2\/tags?post=99836"}],"curies":[{"name":"wp","href":"https:\/\/api.w.org\/{rel}","templated":true}]}}