{"id":99840,"date":"2016-09-21T09:59:49","date_gmt":"2016-09-21T08:59:49","guid":{"rendered":"http:\/\/www.visit-ulcinj.com\/blog\/?p=99840"},"modified":"2016-09-21T17:15:52","modified_gmt":"2016-09-21T16:15:52","slug":"ja-lista-zyrtare-e-shqiptaret-te-vendosur-albanci-odlucno","status":"publish","type":"post","link":"https:\/\/www.visit-ulcinj.com\/blog\/2016\/09\/21\/ja-lista-zyrtare-e-shqiptaret-te-vendosur-albanci-odlucno\/","title":{"rendered":"Ja lista zyrtare e Koalicionit &#8220;Shqiptar\u00ebt t\u00eb Vendosur&#8221; &#8211; Albanci Odlucno"},"content":{"rendered":"<p><a href=\"http:\/\/www.visit-ulcinj.com\/blog\/wp-content\/uploads\/2016\/09\/Forca-UDSH-ASH-me-sloganin-SHQIPTARET-TE-VENDOSUR.jpg\"><img loading=\"lazy\" class=\"alignleft wp-image-99797\" src=\"http:\/\/www.visit-ulcinj.com\/blog\/wp-content\/uploads\/2016\/09\/Forca-UDSH-ASH-me-sloganin-SHQIPTARET-TE-VENDOSUR.jpg\" alt=\"Forca, UDSH, ASH me sloganin-SHQIPTARET TE VENDOSUR\" width=\"508\" height=\"243\" srcset=\"https:\/\/www.visit-ulcinj.com\/blog\/wp-content\/uploads\/2016\/09\/Forca-UDSH-ASH-me-sloganin-SHQIPTARET-TE-VENDOSUR.jpg 702w, https:\/\/www.visit-ulcinj.com\/blog\/wp-content\/uploads\/2016\/09\/Forca-UDSH-ASH-me-sloganin-SHQIPTARET-TE-VENDOSUR-300x144.jpg 300w\" sizes=\"(max-width: 508px) 100vw, 508px\" \/><\/a>Koalicioni Lista &#8220;<strong>Shqiptar\u00ebt t\u00eb Vendosu<\/strong>r&#8221;\u00a0\u00a0<span class=\"st\">te perber\u00eb nga<\/span> tre<span class=\"st\"> subjektet me te medha shqiptare<\/span> koalicioni FORCA \u2013 UDSH \u2013 ASH p\u00ebr zgjedhjet parlamentare 2016, sot kan publikuar\u00a0 listat e kandidat\u00ebve nd\u00ebrkoh\u00eb q\u00eb tashm\u00eb p\u00ebrmenden edhe emrat e personave q\u00eb pritet t\u2019i prijn\u00eb koalicionit aktual.<\/p>\n<p>Koalicioni Forca-UDSH-ASH, ka dor\u00ebzuar\u00a0 list\u00ebn zgjedhore pran\u00eb Komisionit Zgjedhor Shtet\u00ebror.<\/p>\n<p>List\u00ebn e kan\u00eb p\u00ebrkrahur 2500 n\u00ebnskrime t\u00eb qytetar\u00ebve edhe pse si list\u00eb e\u00a0pakicave ishin t\u00eb mjaftueshme 1000 n\u00ebmshkrime t\u00eb parapara me ligj.<\/p>\n<p><a href=\"http:\/\/www.visit-ulcinj.com\/blog\/wp-content\/uploads\/2016\/09\/Ja-lista-zyrtare-e-Koalicionit-Shqiptar\u00ebt-t\u00eb-Vendosur-.jpg\"><img loading=\"lazy\" class=\"alignleft wp-image-99848\" src=\"http:\/\/www.visit-ulcinj.com\/blog\/wp-content\/uploads\/2016\/09\/Ja-lista-zyrtare-e-Koalicionit-Shqiptar\u00ebt-t\u00eb-Vendosur-.jpg\" alt=\"Ja lista zyrtare e Koalicionit Shqiptar\u00ebt t\u00eb Vendosur-\" width=\"508\" height=\"286\" srcset=\"https:\/\/www.visit-ulcinj.com\/blog\/wp-content\/uploads\/2016\/09\/Ja-lista-zyrtare-e-Koalicionit-Shqiptar\u00ebt-t\u00eb-Vendosur-.jpg 999w, https:\/\/www.visit-ulcinj.com\/blog\/wp-content\/uploads\/2016\/09\/Ja-lista-zyrtare-e-Koalicionit-Shqiptar\u00ebt-t\u00eb-Vendosur--300x169.jpg 300w, https:\/\/www.visit-ulcinj.com\/blog\/wp-content\/uploads\/2016\/09\/Ja-lista-zyrtare-e-Koalicionit-Shqiptar\u00ebt-t\u00eb-Vendosur--768x432.jpg 768w\" sizes=\"(max-width: 508px) 100vw, 508px\" \/><\/a><\/p>\n<p><strong>Ja lista zyrtare e Koalicionit&#8221;Shqiptar\u00ebt t\u00eb Vendosur&#8221;<\/strong><\/p>\n<table width=\"439\">\n<tbody>\n<tr>\n<td width=\"29\">Nr<\/td>\n<td width=\"104\">Emri<\/td>\n<td width=\"126\">Mbiemri<\/td>\n<td width=\"180\">Profesioni<\/td>\n<\/tr>\n<tr>\n<td width=\"29\">1<\/td>\n<td width=\"104\">Genci<\/td>\n<td width=\"126\">Nimanbegu<\/td>\n<td width=\"180\">dipl. ecc<\/td>\n<\/tr>\n<tr>\n<td width=\"29\">2<\/td>\n<td width=\"104\">Mehmed<\/td>\n<td width=\"126\">Zenka<\/td>\n<td width=\"180\">politolog<\/td>\n<\/tr>\n<tr>\n<td width=\"29\">3<\/td>\n<td width=\"104\">Nik<\/td>\n<td width=\"126\">Gjeloshaj<\/td>\n<td width=\"180\">profesor<\/td>\n<\/tr>\n<tr>\n<td width=\"29\">4<\/td>\n<td width=\"104\">Vjolca<\/td>\n<td width=\"126\">Lika \u00c7oboviq<\/td>\n<td width=\"180\">profesor i gjuh\u00ebs angleze<\/td>\n<\/tr>\n<tr>\n<td width=\"29\">5<\/td>\n<td width=\"104\">Fadil<\/td>\n<td width=\"126\">Kajoshaj<\/td>\n<td width=\"180\">profesor<\/td>\n<\/tr>\n<tr>\n<td width=\"29\">6<\/td>\n<td width=\"104\">Gjergj<\/td>\n<td width=\"126\">Camaj<\/td>\n<td width=\"180\">jurist i diplomuar<\/td>\n<\/tr>\n<tr>\n<td width=\"29\">7<\/td>\n<td width=\"104\">Ilir<\/td>\n<td width=\"126\">\u00c7apuni<\/td>\n<td width=\"180\">docent doktor<\/td>\n<\/tr>\n<tr>\n<td width=\"29\">8<\/td>\n<td width=\"104\">Jasmina<\/td>\n<td width=\"126\">Hasa<\/td>\n<td width=\"180\">profesor<\/td>\n<\/tr>\n<tr>\n<td width=\"29\">9<\/td>\n<td width=\"104\">Iber<\/td>\n<td width=\"126\">Hoti<\/td>\n<td width=\"180\">politolog<\/td>\n<\/tr>\n<tr>\n<td width=\"29\">10<\/td>\n<td width=\"104\">G\u00ebzim<\/td>\n<td width=\"126\">Haxhibeti<\/td>\n<td width=\"180\">jurist i diplomuar<\/td>\n<\/tr>\n<tr>\n<td width=\"29\">11<\/td>\n<td width=\"104\">Enver<\/td>\n<td width=\"126\">Dedushaj<\/td>\n<td width=\"180\">jurist<\/td>\n<\/tr>\n<tr>\n<td width=\"29\">12<\/td>\n<td width=\"104\">Jeta<\/td>\n<td width=\"126\">Hasangjekaj<\/td>\n<td width=\"180\">politolog<\/td>\n<\/tr>\n<tr>\n<td width=\"29\">13<\/td>\n<td width=\"104\">Barbana<\/td>\n<td width=\"126\">Draga<\/td>\n<td width=\"180\">arkeolog<\/td>\n<\/tr>\n<tr>\n<td width=\"29\">14<\/td>\n<td width=\"104\">Dritan<\/td>\n<td width=\"126\">Alaj<\/td>\n<td width=\"180\">n\u00ebpun\u00ebs<\/td>\n<\/tr>\n<tr>\n<td width=\"29\">15<\/td>\n<td width=\"104\">Linda<\/td>\n<td width=\"126\">Camaj<\/td>\n<td width=\"180\">sekretar i biznesit<\/td>\n<\/tr>\n<tr>\n<td width=\"29\">16<\/td>\n<td width=\"104\">Shp\u00ebtim<\/td>\n<td width=\"126\">Maraj<\/td>\n<td width=\"180\">arh. i diplomuar<\/td>\n<\/tr>\n<tr>\n<td width=\"29\">17<\/td>\n<td width=\"104\">Enis<\/td>\n<td width=\"126\">Gjokaj<\/td>\n<td width=\"180\">agronom<\/td>\n<\/tr>\n<tr>\n<td width=\"29\">18<\/td>\n<td width=\"104\">Fatmir<\/td>\n<td width=\"126\">Hoti<\/td>\n<td width=\"180\">profesor<\/td>\n<\/tr>\n<tr>\n<td width=\"29\">19<\/td>\n<td width=\"104\">Arian<\/td>\n<td width=\"126\">Murati<\/td>\n<td width=\"180\">dipl. ecc.<\/td>\n<\/tr>\n<tr>\n<td width=\"29\">20<\/td>\n<td width=\"104\">Luljeta<\/td>\n<td width=\"126\">Sefa<\/td>\n<td width=\"180\">politolog<\/td>\n<\/tr>\n<tr>\n<td width=\"29\">21<\/td>\n<td width=\"104\">Af\u00ebrdita<\/td>\n<td width=\"126\">Pelingu<\/td>\n<td width=\"180\">menaxher turizmi<\/td>\n<\/tr>\n<tr>\n<td width=\"29\">22<\/td>\n<td width=\"104\">Fadil<\/td>\n<td width=\"126\">Ulaj<\/td>\n<td width=\"180\">albanolog<\/td>\n<\/tr>\n<tr>\n<td width=\"29\">23<\/td>\n<td width=\"104\">Zymer<\/td>\n<td width=\"126\">Kukaj<\/td>\n<td width=\"180\">dipl. Ing.<\/td>\n<\/tr>\n<tr>\n<td width=\"29\">24<\/td>\n<td width=\"104\">Flutra<\/td>\n<td width=\"126\">Husiq<\/td>\n<td width=\"180\">dipl. ecc.<\/td>\n<\/tr>\n<tr>\n<td width=\"29\">25<\/td>\n<td width=\"104\">Halil<\/td>\n<td width=\"126\">Truma<\/td>\n<td width=\"180\">trajner sportiv<\/td>\n<\/tr>\n<tr>\n<td width=\"29\">26<\/td>\n<td width=\"104\">Elizabeta<\/td>\n<td width=\"126\">Ivezaj<\/td>\n<td width=\"180\">jurist i diplomuar<\/td>\n<\/tr>\n<tr>\n<td width=\"29\">27<\/td>\n<td width=\"104\">Asllan<\/td>\n<td width=\"126\">Llunji<\/td>\n<td width=\"180\">jurist<\/td>\n<\/tr>\n<tr>\n<td width=\"29\">28<\/td>\n<td width=\"104\">Admir<\/td>\n<td width=\"126\">Nikaj<\/td>\n<td width=\"180\">profesor<\/td>\n<\/tr>\n<tr>\n<td width=\"29\">29<\/td>\n<td width=\"104\">Luan<\/td>\n<td width=\"126\">Balidemaj<\/td>\n<td width=\"180\">profesor<\/td>\n<\/tr>\n<tr>\n<td width=\"29\">30<\/td>\n<td width=\"104\">Valdete<\/td>\n<td width=\"126\">Osmani<\/td>\n<td width=\"180\">jurist i diplomuar<\/td>\n<\/tr>\n<tr>\n<td width=\"29\">31<\/td>\n<td width=\"104\">Allmir<\/td>\n<td width=\"126\">Lulanaj<\/td>\n<td width=\"180\">m\u00ebsues<\/td>\n<\/tr>\n<tr>\n<td width=\"29\">32<\/td>\n<td width=\"104\">Mark<\/td>\n<td width=\"126\">Gjokaj<\/td>\n<td width=\"180\">profesor<\/td>\n<\/tr>\n<tr>\n<td width=\"29\">33<\/td>\n<td width=\"104\">Yllka<\/td>\n<td width=\"126\">Nimanbegu<\/td>\n<td width=\"180\">student<\/td>\n<\/tr>\n<tr>\n<td width=\"29\">34<\/td>\n<td width=\"104\">Visar<\/td>\n<td width=\"126\">Doda<\/td>\n<td width=\"180\">dipl. ecc<\/td>\n<\/tr>\n<tr>\n<td width=\"29\">35<\/td>\n<td width=\"104\">Agon<\/td>\n<td width=\"126\">Hasa<\/td>\n<td width=\"180\">student<\/td>\n<\/tr>\n<tr>\n<td width=\"29\">36<\/td>\n<td width=\"104\">Nermina<\/td>\n<td width=\"126\">Bakalloviq<\/td>\n<td width=\"180\">student<\/td>\n<\/tr>\n<tr>\n<td width=\"29\">37<\/td>\n<td width=\"104\">Gjok<\/td>\n<td width=\"126\">Dedivanaj<\/td>\n<td width=\"180\">student<\/td>\n<\/tr>\n<tr>\n<td width=\"29\">38<\/td>\n<td width=\"104\">Ardijan<\/td>\n<td width=\"126\">Mavriq<\/td>\n<td width=\"180\">dipl. Ing. Inf<\/td>\n<\/tr>\n<\/tbody>\n<\/table>\n<p>&nbsp;<\/p>\n<h2><\/h2>\n<p><a href=\"http:\/\/www.visit-ulcinj.com\/blog\/wp-content\/uploads\/2016\/09\/Ja-lista-zyrtare-e-Koalicionit-Shqiptar\u00ebt-t\u00eb-Vendosur-1.jpg\"><img loading=\"lazy\" class=\"alignleft wp-image-99849\" src=\"http:\/\/www.visit-ulcinj.com\/blog\/wp-content\/uploads\/2016\/09\/Ja-lista-zyrtare-e-Koalicionit-Shqiptar\u00ebt-t\u00eb-Vendosur-1.jpg\" alt=\"Ja lista zyrtare e Koalicionit Shqiptar\u00ebt t\u00eb Vendosur-1\" width=\"508\" height=\"286\" srcset=\"https:\/\/www.visit-ulcinj.com\/blog\/wp-content\/uploads\/2016\/09\/Ja-lista-zyrtare-e-Koalicionit-Shqiptar\u00ebt-t\u00eb-Vendosur-1.jpg 999w, https:\/\/www.visit-ulcinj.com\/blog\/wp-content\/uploads\/2016\/09\/Ja-lista-zyrtare-e-Koalicionit-Shqiptar\u00ebt-t\u00eb-Vendosur-1-300x169.jpg 300w, https:\/\/www.visit-ulcinj.com\/blog\/wp-content\/uploads\/2016\/09\/Ja-lista-zyrtare-e-Koalicionit-Shqiptar\u00ebt-t\u00eb-Vendosur-1-768x432.jpg 768w\" sizes=\"(max-width: 508px) 100vw, 508px\" \/><\/a><\/p>\n","protected":false},"excerpt":{"rendered":"<p>Koalicioni Lista &#8220;Shqiptar\u00ebt t\u00eb Vendosur&#8221;\u00a0\u00a0te perber\u00eb nga tre subjektet me te medha shqiptare koalicioni FORCA \u2013 UDSH \u2013 ASH p\u00ebr zgjedhjet parlamentare 2016, sot kan publikuar\u00a0 listat e kandidat\u00ebve nd\u00ebrkoh\u00eb q\u00eb tashm\u00eb p\u00ebrmenden edhe emrat e personave q\u00eb pritet t\u2019i prijn\u00eb koalicionit aktual. Koalicioni Forca-UDSH-ASH, ka dor\u00ebzuar\u00a0 list\u00ebn zgjedhore pran\u00eb Komisionit Zgjedhor Shtet\u00ebror. List\u00ebn e [&hellip;]<\/p>\n","protected":false},"author":1,"featured_media":0,"comment_status":"closed","ping_status":"closed","sticky":false,"template":"","format":"standard","meta":{"spay_email":"","jetpack_publicize_message":"","jetpack_is_tweetstorm":false,"jetpack_publicize_feature_enabled":true},"categories":[1,11],"tags":[],"jetpack_publicize_connections":[],"yoast_head":"<!-- This site is optimized with the Yoast SEO plugin v19.1 - https:\/\/yoast.com\/wordpress\/plugins\/seo\/ -->\n<title>Ja lista zyrtare e Koalicionit &quot;Shqiptar\u00ebt t\u00eb Vendosur&quot; - Albanci Odlucno - Lajme nga Ulqini<\/title>\n<meta name=\"description\" content=\"Koalicioni Lista &quot;Shqiptar\u00ebt t\u00eb Vendosur&quot;\u00a0\u00a0te perber\u00eb nga tre subjektet me te medha shqiptare koalicioni FORCA \u2013 UDSH \u2013 ASH p\u00ebr zgjedhjet parlamentare\" \/>\n<meta name=\"robots\" content=\"index, follow, max-snippet:-1, max-image-preview:large, max-video-preview:-1\" \/>\n<link rel=\"canonical\" href=\"https:\/\/www.visit-ulcinj.com\/blog\/2016\/09\/21\/ja-lista-zyrtare-e-shqiptaret-te-vendosur-albanci-odlucno\/\" \/>\n<meta property=\"og:locale\" content=\"en_US\" \/>\n<meta property=\"og:type\" content=\"article\" \/>\n<meta property=\"og:title\" content=\"Ja lista zyrtare e Koalicionit &quot;Shqiptar\u00ebt t\u00eb Vendosur&quot; - Albanci Odlucno - Lajme nga Ulqini\" \/>\n<meta property=\"og:description\" content=\"Koalicioni Lista &quot;Shqiptar\u00ebt t\u00eb Vendosur&quot;\u00a0\u00a0te perber\u00eb nga tre subjektet me te medha shqiptare koalicioni FORCA \u2013 UDSH \u2013 ASH p\u00ebr zgjedhjet parlamentare\" \/>\n<meta property=\"og:url\" content=\"https:\/\/www.visit-ulcinj.com\/blog\/2016\/09\/21\/ja-lista-zyrtare-e-shqiptaret-te-vendosur-albanci-odlucno\/\" \/>\n<meta property=\"og:site_name\" content=\"Lajme nga Ulqini\" \/>\n<meta property=\"article:published_time\" content=\"2016-09-21T08:59:49+00:00\" \/>\n<meta property=\"article:modified_time\" content=\"2016-09-21T16:15:52+00:00\" \/>\n<meta property=\"og:image\" content=\"http:\/\/www.visit-ulcinj.com\/blog\/wp-content\/uploads\/2016\/09\/Forca-UDSH-ASH-me-sloganin-SHQIPTARET-TE-VENDOSUR.jpg\" \/>\n<meta name=\"twitter:label1\" content=\"Written by\" \/>\n\t<meta name=\"twitter:data1\" content=\"ulqini\" \/>\n\t<meta name=\"twitter:label2\" content=\"Est. reading time\" \/>\n\t<meta name=\"twitter:data2\" content=\"1 minute\" \/>\n<script type=\"application\/ld+json\" class=\"yoast-schema-graph\">{\"@context\":\"https:\/\/schema.org\",\"@graph\":[{\"@type\":\"WebSite\",\"@id\":\"https:\/\/www.visit-ulcinj.com\/blog\/#website\",\"url\":\"https:\/\/www.visit-ulcinj.com\/blog\/\",\"name\":\"Lajme nga Ulqini\",\"description\":\"Lajme,Vijesti,Ulqini,Ulqin,Crna Gora,Mali i Zi\",\"potentialAction\":[{\"@type\":\"SearchAction\",\"target\":{\"@type\":\"EntryPoint\",\"urlTemplate\":\"https:\/\/www.visit-ulcinj.com\/blog\/?s={search_term_string}\"},\"query-input\":\"required name=search_term_string\"}],\"inLanguage\":\"en-US\"},{\"@type\":\"ImageObject\",\"inLanguage\":\"en-US\",\"@id\":\"https:\/\/www.visit-ulcinj.com\/blog\/2016\/09\/21\/ja-lista-zyrtare-e-shqiptaret-te-vendosur-albanci-odlucno\/#primaryimage\",\"url\":\"https:\/\/www.visit-ulcinj.com\/blog\/wp-content\/uploads\/2016\/09\/Forca-UDSH-ASH-me-sloganin-SHQIPTARET-TE-VENDOSUR.jpg\",\"contentUrl\":\"https:\/\/www.visit-ulcinj.com\/blog\/wp-content\/uploads\/2016\/09\/Forca-UDSH-ASH-me-sloganin-SHQIPTARET-TE-VENDOSUR.jpg\",\"width\":702,\"height\":336},{\"@type\":\"WebPage\",\"@id\":\"https:\/\/www.visit-ulcinj.com\/blog\/2016\/09\/21\/ja-lista-zyrtare-e-shqiptaret-te-vendosur-albanci-odlucno\/#webpage\",\"url\":\"https:\/\/www.visit-ulcinj.com\/blog\/2016\/09\/21\/ja-lista-zyrtare-e-shqiptaret-te-vendosur-albanci-odlucno\/\",\"name\":\"Ja lista zyrtare e Koalicionit \\\"Shqiptar\u00ebt t\u00eb Vendosur\\\" - Albanci Odlucno - Lajme nga Ulqini\",\"isPartOf\":{\"@id\":\"https:\/\/www.visit-ulcinj.com\/blog\/#website\"},\"primaryImageOfPage\":{\"@id\":\"https:\/\/www.visit-ulcinj.com\/blog\/2016\/09\/21\/ja-lista-zyrtare-e-shqiptaret-te-vendosur-albanci-odlucno\/#primaryimage\"},\"datePublished\":\"2016-09-21T08:59:49+00:00\",\"dateModified\":\"2016-09-21T16:15:52+00:00\",\"author\":{\"@id\":\"https:\/\/www.visit-ulcinj.com\/blog\/#\/schema\/person\/dcab619c614d3038751c63bc2aadc06d\"},\"description\":\"Koalicioni Lista \\\"Shqiptar\u00ebt t\u00eb Vendosur\\\"\u00a0\u00a0te perber\u00eb nga tre subjektet me te medha shqiptare koalicioni FORCA \u2013 UDSH \u2013 ASH p\u00ebr zgjedhjet parlamentare\",\"breadcrumb\":{\"@id\":\"https:\/\/www.visit-ulcinj.com\/blog\/2016\/09\/21\/ja-lista-zyrtare-e-shqiptaret-te-vendosur-albanci-odlucno\/#breadcrumb\"},\"inLanguage\":\"en-US\",\"potentialAction\":[{\"@type\":\"ReadAction\",\"target\":[\"https:\/\/www.visit-ulcinj.com\/blog\/2016\/09\/21\/ja-lista-zyrtare-e-shqiptaret-te-vendosur-albanci-odlucno\/\"]}]},{\"@type\":\"BreadcrumbList\",\"@id\":\"https:\/\/www.visit-ulcinj.com\/blog\/2016\/09\/21\/ja-lista-zyrtare-e-shqiptaret-te-vendosur-albanci-odlucno\/#breadcrumb\",\"itemListElement\":[{\"@type\":\"ListItem\",\"position\":1,\"name\":\"Ja lista zyrtare e Koalicionit &#8220;Shqiptar\u00ebt t\u00eb Vendosur&#8221; &#8211; Albanci Odlucno\"}]},{\"@type\":\"Person\",\"@id\":\"https:\/\/www.visit-ulcinj.com\/blog\/#\/schema\/person\/dcab619c614d3038751c63bc2aadc06d\",\"name\":\"ulqini\",\"sameAs\":[\"http:\/\/www.visit-ulcinj.com\"],\"url\":\"https:\/\/www.visit-ulcinj.com\/blog\/author\/admin\/\"}]}<\/script>\n<!-- \/ Yoast SEO plugin. -->","yoast_head_json":{"title":"Ja lista zyrtare e Koalicionit \"Shqiptar\u00ebt t\u00eb Vendosur\" - Albanci Odlucno - Lajme nga Ulqini","description":"Koalicioni Lista \"Shqiptar\u00ebt t\u00eb Vendosur\"\u00a0\u00a0te perber\u00eb nga tre subjektet me te medha shqiptare koalicioni FORCA \u2013 UDSH \u2013 ASH p\u00ebr zgjedhjet parlamentare","robots":{"index":"index","follow":"follow","max-snippet":"max-snippet:-1","max-image-preview":"max-image-preview:large","max-video-preview":"max-video-preview:-1"},"canonical":"https:\/\/www.visit-ulcinj.com\/blog\/2016\/09\/21\/ja-lista-zyrtare-e-shqiptaret-te-vendosur-albanci-odlucno\/","og_locale":"en_US","og_type":"article","og_title":"Ja lista zyrtare e Koalicionit \"Shqiptar\u00ebt t\u00eb Vendosur\" - Albanci Odlucno - Lajme nga Ulqini","og_description":"Koalicioni Lista \"Shqiptar\u00ebt t\u00eb Vendosur\"\u00a0\u00a0te perber\u00eb nga tre subjektet me te medha shqiptare koalicioni FORCA \u2013 UDSH \u2013 ASH p\u00ebr zgjedhjet parlamentare","og_url":"https:\/\/www.visit-ulcinj.com\/blog\/2016\/09\/21\/ja-lista-zyrtare-e-shqiptaret-te-vendosur-albanci-odlucno\/","og_site_name":"Lajme nga Ulqini","article_published_time":"2016-09-21T08:59:49+00:00","article_modified_time":"2016-09-21T16:15:52+00:00","og_image":[{"url":"http:\/\/www.visit-ulcinj.com\/blog\/wp-content\/uploads\/2016\/09\/Forca-UDSH-ASH-me-sloganin-SHQIPTARET-TE-VENDOSUR.jpg"}],"twitter_misc":{"Written by":"ulqini","Est. reading time":"1 minute"},"schema":{"@context":"https:\/\/schema.org","@graph":[{"@type":"WebSite","@id":"https:\/\/www.visit-ulcinj.com\/blog\/#website","url":"https:\/\/www.visit-ulcinj.com\/blog\/","name":"Lajme nga Ulqini","description":"Lajme,Vijesti,Ulqini,Ulqin,Crna Gora,Mali i Zi","potentialAction":[{"@type":"SearchAction","target":{"@type":"EntryPoint","urlTemplate":"https:\/\/www.visit-ulcinj.com\/blog\/?s={search_term_string}"},"query-input":"required name=search_term_string"}],"inLanguage":"en-US"},{"@type":"ImageObject","inLanguage":"en-US","@id":"https:\/\/www.visit-ulcinj.com\/blog\/2016\/09\/21\/ja-lista-zyrtare-e-shqiptaret-te-vendosur-albanci-odlucno\/#primaryimage","url":"https:\/\/www.visit-ulcinj.com\/blog\/wp-content\/uploads\/2016\/09\/Forca-UDSH-ASH-me-sloganin-SHQIPTARET-TE-VENDOSUR.jpg","contentUrl":"https:\/\/www.visit-ulcinj.com\/blog\/wp-content\/uploads\/2016\/09\/Forca-UDSH-ASH-me-sloganin-SHQIPTARET-TE-VENDOSUR.jpg","width":702,"height":336},{"@type":"WebPage","@id":"https:\/\/www.visit-ulcinj.com\/blog\/2016\/09\/21\/ja-lista-zyrtare-e-shqiptaret-te-vendosur-albanci-odlucno\/#webpage","url":"https:\/\/www.visit-ulcinj.com\/blog\/2016\/09\/21\/ja-lista-zyrtare-e-shqiptaret-te-vendosur-albanci-odlucno\/","name":"Ja lista zyrtare e Koalicionit \"Shqiptar\u00ebt t\u00eb Vendosur\" - Albanci Odlucno - Lajme nga Ulqini","isPartOf":{"@id":"https:\/\/www.visit-ulcinj.com\/blog\/#website"},"primaryImageOfPage":{"@id":"https:\/\/www.visit-ulcinj.com\/blog\/2016\/09\/21\/ja-lista-zyrtare-e-shqiptaret-te-vendosur-albanci-odlucno\/#primaryimage"},"datePublished":"2016-09-21T08:59:49+00:00","dateModified":"2016-09-21T16:15:52+00:00","author":{"@id":"https:\/\/www.visit-ulcinj.com\/blog\/#\/schema\/person\/dcab619c614d3038751c63bc2aadc06d"},"description":"Koalicioni Lista \"Shqiptar\u00ebt t\u00eb Vendosur\"\u00a0\u00a0te perber\u00eb nga tre subjektet me te medha shqiptare koalicioni FORCA \u2013 UDSH \u2013 ASH p\u00ebr zgjedhjet parlamentare","breadcrumb":{"@id":"https:\/\/www.visit-ulcinj.com\/blog\/2016\/09\/21\/ja-lista-zyrtare-e-shqiptaret-te-vendosur-albanci-odlucno\/#breadcrumb"},"inLanguage":"en-US","potentialAction":[{"@type":"ReadAction","target":["https:\/\/www.visit-ulcinj.com\/blog\/2016\/09\/21\/ja-lista-zyrtare-e-shqiptaret-te-vendosur-albanci-odlucno\/"]}]},{"@type":"BreadcrumbList","@id":"https:\/\/www.visit-ulcinj.com\/blog\/2016\/09\/21\/ja-lista-zyrtare-e-shqiptaret-te-vendosur-albanci-odlucno\/#breadcrumb","itemListElement":[{"@type":"ListItem","position":1,"name":"Ja lista zyrtare e Koalicionit &#8220;Shqiptar\u00ebt t\u00eb Vendosur&#8221; &#8211; Albanci Odlucno"}]},{"@type":"Person","@id":"https:\/\/www.visit-ulcinj.com\/blog\/#\/schema\/person\/dcab619c614d3038751c63bc2aadc06d","name":"ulqini","sameAs":["http:\/\/www.visit-ulcinj.com"],"url":"https:\/\/www.visit-ulcinj.com\/blog\/author\/admin\/"}]}},"jetpack_featured_media_url":"","jetpack_sharing_enabled":true,"jetpack_shortlink":"https:\/\/wp.me\/pe6lTn-pYk","_links":{"self":[{"href":"https:\/\/www.visit-ulcinj.com\/blog\/wp-json\/wp\/v2\/posts\/99840"}],"collection":[{"href":"https:\/\/www.visit-ulcinj.com\/blog\/wp-json\/wp\/v2\/posts"}],"about":[{"href":"https:\/\/www.visit-ulcinj.com\/blog\/wp-json\/wp\/v2\/types\/post"}],"author":[{"embeddable":true,"href":"https:\/\/www.visit-ulcinj.com\/blog\/wp-json\/wp\/v2\/users\/1"}],"replies":[{"embeddable":true,"href":"https:\/\/www.visit-ulcinj.com\/blog\/wp-json\/wp\/v2\/comments?post=99840"}],"version-history":[{"count":5,"href":"https:\/\/www.visit-ulcinj.com\/blog\/wp-json\/wp\/v2\/posts\/99840\/revisions"}],"predecessor-version":[{"id":99850,"href":"https:\/\/www.visit-ulcinj.com\/blog\/wp-json\/wp\/v2\/posts\/99840\/revisions\/99850"}],"wp:attachment":[{"href":"https:\/\/www.visit-ulcinj.com\/blog\/wp-json\/wp\/v2\/media?parent=99840"}],"wp:term":[{"taxonomy":"category","embeddable":true,"href":"https:\/\/www.visit-ulcinj.com\/blog\/wp-json\/wp\/v2\/categories?post=99840"},{"taxonomy":"post_tag","embeddable":true,"href":"https:\/\/www.visit-ulcinj.com\/blog\/wp-json\/wp\/v2\/tags?post=99840"}],"curies":[{"name":"wp","href":"https:\/\/api.w.org\/{rel}","templated":true}]}}