{"id":99843,"date":"2016-09-21T10:13:14","date_gmt":"2016-09-21T09:13:14","guid":{"rendered":"http:\/\/www.visit-ulcinj.com\/blog\/?p=99843"},"modified":"2016-09-21T10:13:14","modified_gmt":"2016-09-21T09:13:14","slug":"shb-rumia-organizon-te-dielen-daljen-ne-mozhur","status":"publish","type":"post","link":"https:\/\/www.visit-ulcinj.com\/blog\/2016\/09\/21\/shb-rumia-organizon-te-dielen-daljen-ne-mozhur\/","title":{"rendered":"SHB \u201cRumia\u201d organizon t\u00eb diel\u00ebn daljen n\u00eb Mozhur"},"content":{"rendered":"<p><strong><a href=\"http:\/\/www.visit-ulcinj.com\/blog\/wp-content\/uploads\/2016\/09\/Shoqata-e-bjeshkatar\u00ebve-Rumia-Dalja-ne-Mozhur-Ulqin.jpg\"><img loading=\"lazy\" class=\"alignleft wp-image-99844\" src=\"http:\/\/www.visit-ulcinj.com\/blog\/wp-content\/uploads\/2016\/09\/Shoqata-e-bjeshkatar\u00ebve-Rumia-Dalja-ne-Mozhur-Ulqin.jpg\" alt=\"Shoqata e bjeshkatar\u00ebve Rumia-Dalja ne Mozhur-Ulqin\" width=\"508\" height=\"339\" srcset=\"https:\/\/www.visit-ulcinj.com\/blog\/wp-content\/uploads\/2016\/09\/Shoqata-e-bjeshkatar\u00ebve-Rumia-Dalja-ne-Mozhur-Ulqin.jpg 927w, https:\/\/www.visit-ulcinj.com\/blog\/wp-content\/uploads\/2016\/09\/Shoqata-e-bjeshkatar\u00ebve-Rumia-Dalja-ne-Mozhur-Ulqin-300x200.jpg 300w, https:\/\/www.visit-ulcinj.com\/blog\/wp-content\/uploads\/2016\/09\/Shoqata-e-bjeshkatar\u00ebve-Rumia-Dalja-ne-Mozhur-Ulqin-768x512.jpg 768w\" sizes=\"(max-width: 508px) 100vw, 508px\" \/><\/a>SHOQATA E BJESHKATAR\u00cbVE \u201eRUMIA\u201c &#8211; ULQIN<\/strong><\/p>\n<p><strong>UDRU\u017dENJE PLANINARA \u201eRUMIA\u201c &#8211; ULCINJ<\/strong><\/p>\n<p><strong>MOUNTAINEERING ASSOCIATION \u201eRUMIA\u201c \u2013 ULQIN<\/strong><\/p>\n<p>E-mail<strong>: <a href=\"mailto:shbrumia@gmail.com\">shbrumia@gmail.com<\/a><\/strong><\/p>\n<p>Ulqin, 20. 09. 2016<\/p>\n<h5 id=\"js_bw\" class=\"_5pbw _5vra _11dd\" style=\"text-align: center;\" data-ft=\"{&quot;tn&quot;:&quot;C&quot;}\"><span class=\"fwn fcg\"><span class=\"fcg\"><span class=\"fwb\">Njoftim nga Shoqata e bjeshkatar\u00ebve &#8220;Rumia&#8221; &#8211; Ulqin<\/span><\/span><\/span><\/h5>\n<p>&nbsp;<\/p>\n<p>Shoqata e Bjeshkatar\u00ebve \u201cRumia\u201d njofton t\u00eb gjith\u00eb adhuruesit e natyr\u00ebs dhe bjeshkataris\u00eb se n\u00eb kuad\u00ebr t\u00eb aktiviteteve t\u00eb saj t\u00eb rregullta, t\u00eb diel\u00ebn, m\u00eb 25 shtator 2016, organizon daljen n\u00eb Mozhur.<\/p>\n<p>Q\u00ebllimi i k\u00ebtij aktiviteti \u00ebsht\u00eb q\u00eb sa m\u00eb shum\u00eb t\u00eb rinj dhe familjar\u00eb t\u00eb dalin dhe t\u00eb njohin zonat tona t\u00eb bukura, q\u00eb nuk jan\u00eb t\u00eb pak\u00ebta.<\/p>\n<p>Dalja n\u00eb Mozhur, e cila \u00ebsht\u00eb relativisht e leht\u00eb, \u00ebsht\u00eb nj\u00eb rast i bukur p\u00ebr t\u00eb shijuar pamjet panoramike mahnit\u00ebse.<\/p>\n<p>Ejani dhe na bashk\u00ebngjituni.<\/p>\n<p>Orari:<\/p>\n<p>8:00 \u2013 Grumbullimi para Autoservisit \u201cMillenium\u201d n\u00eb Kodra<\/p>\n<p>8:05 &#8211; Nisja nga Kollomza dhe ecja n\u00ebp\u00ebr k\u00ebto vende t\u00eb bukura:<br \/>\n&#8211; Ballaban<br \/>\n&#8211; Sojmir\u00eb<br \/>\n&#8211; Ublat e Pre\u00e7 Palit<br \/>\n&#8211; Antenat (Mozhur)<\/p>\n<p>Pas q\u00ebndrimit, pushimit dhe fotografimit n\u00eb pik\u00ebn m\u00eb t\u00eb lart\u00eb tek Antenat n\u00eb Mozhur, kthimi prapa n\u00eb t\u00eb nj\u00ebjtin relacion.<\/p>\n","protected":false},"excerpt":{"rendered":"<p>SHOQATA E BJESHKATAR\u00cbVE \u201eRUMIA\u201c &#8211; ULQIN UDRU\u017dENJE PLANINARA \u201eRUMIA\u201c &#8211; ULCINJ MOUNTAINEERING ASSOCIATION \u201eRUMIA\u201c \u2013 ULQIN E-mail: shbrumia@gmail.com Ulqin, 20. 09. 2016 Njoftim nga Shoqata e bjeshkatar\u00ebve &#8220;Rumia&#8221; &#8211; Ulqin &nbsp; Shoqata e Bjeshkatar\u00ebve \u201cRumia\u201d njofton t\u00eb gjith\u00eb adhuruesit e natyr\u00ebs dhe bjeshkataris\u00eb se n\u00eb kuad\u00ebr t\u00eb aktiviteteve t\u00eb saj t\u00eb rregullta, t\u00eb diel\u00ebn, m\u00eb [&hellip;]<\/p>\n","protected":false},"author":1,"featured_media":0,"comment_status":"closed","ping_status":"closed","sticky":false,"template":"","format":"standard","meta":{"spay_email":"","jetpack_publicize_message":"","jetpack_is_tweetstorm":false,"jetpack_publicize_feature_enabled":true},"categories":[6950],"tags":[],"jetpack_publicize_connections":[],"yoast_head":"<!-- This site is optimized with the Yoast SEO plugin v19.1 - https:\/\/yoast.com\/wordpress\/plugins\/seo\/ -->\n<title>SHB \u201cRumia\u201d organizon t\u00eb diel\u00ebn daljen n\u00eb Mozhur - Lajme nga Ulqini<\/title>\n<meta name=\"description\" content=\"SHOQATA E BJESHKATAR\u00cbVE \u201eRUMIA\u201c - ULQIN UDRU\u017dENJE PLANINARA \u201eRUMIA\u201c - ULCINJ MOUNTAINEERING ASSOCIATION \u201eRUMIA\u201c \u2013 ULQIN E-mail: shbrumia@gmail.com Ulqin,\" \/>\n<meta name=\"robots\" content=\"index, follow, max-snippet:-1, max-image-preview:large, max-video-preview:-1\" \/>\n<link rel=\"canonical\" href=\"https:\/\/www.visit-ulcinj.com\/blog\/2016\/09\/21\/shb-rumia-organizon-te-dielen-daljen-ne-mozhur\/\" \/>\n<meta property=\"og:locale\" content=\"en_US\" \/>\n<meta property=\"og:type\" content=\"article\" \/>\n<meta property=\"og:title\" content=\"SHB \u201cRumia\u201d organizon t\u00eb diel\u00ebn daljen n\u00eb Mozhur - Lajme nga Ulqini\" \/>\n<meta property=\"og:description\" content=\"SHOQATA E BJESHKATAR\u00cbVE \u201eRUMIA\u201c - ULQIN UDRU\u017dENJE PLANINARA \u201eRUMIA\u201c - ULCINJ MOUNTAINEERING ASSOCIATION \u201eRUMIA\u201c \u2013 ULQIN E-mail: shbrumia@gmail.com Ulqin,\" \/>\n<meta property=\"og:url\" content=\"https:\/\/www.visit-ulcinj.com\/blog\/2016\/09\/21\/shb-rumia-organizon-te-dielen-daljen-ne-mozhur\/\" \/>\n<meta property=\"og:site_name\" content=\"Lajme nga Ulqini\" \/>\n<meta property=\"article:published_time\" content=\"2016-09-21T09:13:14+00:00\" \/>\n<meta name=\"twitter:label1\" content=\"Written by\" \/>\n\t<meta name=\"twitter:data1\" content=\"ulqini\" \/>\n\t<meta name=\"twitter:label2\" content=\"Est. reading time\" \/>\n\t<meta name=\"twitter:data2\" content=\"1 minute\" \/>\n<script type=\"application\/ld+json\" class=\"yoast-schema-graph\">{\"@context\":\"https:\/\/schema.org\",\"@graph\":[{\"@type\":\"WebSite\",\"@id\":\"https:\/\/www.visit-ulcinj.com\/blog\/#website\",\"url\":\"https:\/\/www.visit-ulcinj.com\/blog\/\",\"name\":\"Lajme nga Ulqini\",\"description\":\"Lajme,Vijesti,Ulqini,Ulqin,Crna Gora,Mali i Zi\",\"potentialAction\":[{\"@type\":\"SearchAction\",\"target\":{\"@type\":\"EntryPoint\",\"urlTemplate\":\"https:\/\/www.visit-ulcinj.com\/blog\/?s={search_term_string}\"},\"query-input\":\"required name=search_term_string\"}],\"inLanguage\":\"en-US\"},{\"@type\":\"WebPage\",\"@id\":\"https:\/\/www.visit-ulcinj.com\/blog\/2016\/09\/21\/shb-rumia-organizon-te-dielen-daljen-ne-mozhur\/#webpage\",\"url\":\"https:\/\/www.visit-ulcinj.com\/blog\/2016\/09\/21\/shb-rumia-organizon-te-dielen-daljen-ne-mozhur\/\",\"name\":\"SHB \u201cRumia\u201d organizon t\u00eb diel\u00ebn daljen n\u00eb Mozhur - Lajme nga Ulqini\",\"isPartOf\":{\"@id\":\"https:\/\/www.visit-ulcinj.com\/blog\/#website\"},\"datePublished\":\"2016-09-21T09:13:14+00:00\",\"dateModified\":\"2016-09-21T09:13:14+00:00\",\"author\":{\"@id\":\"https:\/\/www.visit-ulcinj.com\/blog\/#\/schema\/person\/dcab619c614d3038751c63bc2aadc06d\"},\"description\":\"SHOQATA E BJESHKATAR\u00cbVE \u201eRUMIA\u201c - ULQIN UDRU\u017dENJE PLANINARA \u201eRUMIA\u201c - ULCINJ MOUNTAINEERING ASSOCIATION \u201eRUMIA\u201c \u2013 ULQIN E-mail: shbrumia@gmail.com Ulqin,\",\"breadcrumb\":{\"@id\":\"https:\/\/www.visit-ulcinj.com\/blog\/2016\/09\/21\/shb-rumia-organizon-te-dielen-daljen-ne-mozhur\/#breadcrumb\"},\"inLanguage\":\"en-US\",\"potentialAction\":[{\"@type\":\"ReadAction\",\"target\":[\"https:\/\/www.visit-ulcinj.com\/blog\/2016\/09\/21\/shb-rumia-organizon-te-dielen-daljen-ne-mozhur\/\"]}]},{\"@type\":\"BreadcrumbList\",\"@id\":\"https:\/\/www.visit-ulcinj.com\/blog\/2016\/09\/21\/shb-rumia-organizon-te-dielen-daljen-ne-mozhur\/#breadcrumb\",\"itemListElement\":[{\"@type\":\"ListItem\",\"position\":1,\"name\":\"SHB \u201cRumia\u201d organizon t\u00eb diel\u00ebn daljen n\u00eb Mozhur\"}]},{\"@type\":\"Person\",\"@id\":\"https:\/\/www.visit-ulcinj.com\/blog\/#\/schema\/person\/dcab619c614d3038751c63bc2aadc06d\",\"name\":\"ulqini\",\"sameAs\":[\"http:\/\/www.visit-ulcinj.com\"],\"url\":\"https:\/\/www.visit-ulcinj.com\/blog\/author\/admin\/\"}]}<\/script>\n<!-- \/ Yoast SEO plugin. -->","yoast_head_json":{"title":"SHB \u201cRumia\u201d organizon t\u00eb diel\u00ebn daljen n\u00eb Mozhur - Lajme nga Ulqini","description":"SHOQATA E BJESHKATAR\u00cbVE \u201eRUMIA\u201c - ULQIN UDRU\u017dENJE PLANINARA \u201eRUMIA\u201c - ULCINJ MOUNTAINEERING ASSOCIATION \u201eRUMIA\u201c \u2013 ULQIN E-mail: shbrumia@gmail.com Ulqin,","robots":{"index":"index","follow":"follow","max-snippet":"max-snippet:-1","max-image-preview":"max-image-preview:large","max-video-preview":"max-video-preview:-1"},"canonical":"https:\/\/www.visit-ulcinj.com\/blog\/2016\/09\/21\/shb-rumia-organizon-te-dielen-daljen-ne-mozhur\/","og_locale":"en_US","og_type":"article","og_title":"SHB \u201cRumia\u201d organizon t\u00eb diel\u00ebn daljen n\u00eb Mozhur - Lajme nga Ulqini","og_description":"SHOQATA E BJESHKATAR\u00cbVE \u201eRUMIA\u201c - ULQIN UDRU\u017dENJE PLANINARA \u201eRUMIA\u201c - ULCINJ MOUNTAINEERING ASSOCIATION \u201eRUMIA\u201c \u2013 ULQIN E-mail: shbrumia@gmail.com Ulqin,","og_url":"https:\/\/www.visit-ulcinj.com\/blog\/2016\/09\/21\/shb-rumia-organizon-te-dielen-daljen-ne-mozhur\/","og_site_name":"Lajme nga Ulqini","article_published_time":"2016-09-21T09:13:14+00:00","twitter_misc":{"Written by":"ulqini","Est. reading time":"1 minute"},"schema":{"@context":"https:\/\/schema.org","@graph":[{"@type":"WebSite","@id":"https:\/\/www.visit-ulcinj.com\/blog\/#website","url":"https:\/\/www.visit-ulcinj.com\/blog\/","name":"Lajme nga Ulqini","description":"Lajme,Vijesti,Ulqini,Ulqin,Crna Gora,Mali i Zi","potentialAction":[{"@type":"SearchAction","target":{"@type":"EntryPoint","urlTemplate":"https:\/\/www.visit-ulcinj.com\/blog\/?s={search_term_string}"},"query-input":"required name=search_term_string"}],"inLanguage":"en-US"},{"@type":"WebPage","@id":"https:\/\/www.visit-ulcinj.com\/blog\/2016\/09\/21\/shb-rumia-organizon-te-dielen-daljen-ne-mozhur\/#webpage","url":"https:\/\/www.visit-ulcinj.com\/blog\/2016\/09\/21\/shb-rumia-organizon-te-dielen-daljen-ne-mozhur\/","name":"SHB \u201cRumia\u201d organizon t\u00eb diel\u00ebn daljen n\u00eb Mozhur - Lajme nga Ulqini","isPartOf":{"@id":"https:\/\/www.visit-ulcinj.com\/blog\/#website"},"datePublished":"2016-09-21T09:13:14+00:00","dateModified":"2016-09-21T09:13:14+00:00","author":{"@id":"https:\/\/www.visit-ulcinj.com\/blog\/#\/schema\/person\/dcab619c614d3038751c63bc2aadc06d"},"description":"SHOQATA E BJESHKATAR\u00cbVE \u201eRUMIA\u201c - ULQIN UDRU\u017dENJE PLANINARA \u201eRUMIA\u201c - ULCINJ MOUNTAINEERING ASSOCIATION \u201eRUMIA\u201c \u2013 ULQIN E-mail: shbrumia@gmail.com Ulqin,","breadcrumb":{"@id":"https:\/\/www.visit-ulcinj.com\/blog\/2016\/09\/21\/shb-rumia-organizon-te-dielen-daljen-ne-mozhur\/#breadcrumb"},"inLanguage":"en-US","potentialAction":[{"@type":"ReadAction","target":["https:\/\/www.visit-ulcinj.com\/blog\/2016\/09\/21\/shb-rumia-organizon-te-dielen-daljen-ne-mozhur\/"]}]},{"@type":"BreadcrumbList","@id":"https:\/\/www.visit-ulcinj.com\/blog\/2016\/09\/21\/shb-rumia-organizon-te-dielen-daljen-ne-mozhur\/#breadcrumb","itemListElement":[{"@type":"ListItem","position":1,"name":"SHB \u201cRumia\u201d organizon t\u00eb diel\u00ebn daljen n\u00eb Mozhur"}]},{"@type":"Person","@id":"https:\/\/www.visit-ulcinj.com\/blog\/#\/schema\/person\/dcab619c614d3038751c63bc2aadc06d","name":"ulqini","sameAs":["http:\/\/www.visit-ulcinj.com"],"url":"https:\/\/www.visit-ulcinj.com\/blog\/author\/admin\/"}]}},"jetpack_featured_media_url":"","jetpack_sharing_enabled":true,"jetpack_shortlink":"https:\/\/wp.me\/pe6lTn-pYn","_links":{"self":[{"href":"https:\/\/www.visit-ulcinj.com\/blog\/wp-json\/wp\/v2\/posts\/99843"}],"collection":[{"href":"https:\/\/www.visit-ulcinj.com\/blog\/wp-json\/wp\/v2\/posts"}],"about":[{"href":"https:\/\/www.visit-ulcinj.com\/blog\/wp-json\/wp\/v2\/types\/post"}],"author":[{"embeddable":true,"href":"https:\/\/www.visit-ulcinj.com\/blog\/wp-json\/wp\/v2\/users\/1"}],"replies":[{"embeddable":true,"href":"https:\/\/www.visit-ulcinj.com\/blog\/wp-json\/wp\/v2\/comments?post=99843"}],"version-history":[{"count":1,"href":"https:\/\/www.visit-ulcinj.com\/blog\/wp-json\/wp\/v2\/posts\/99843\/revisions"}],"predecessor-version":[{"id":99845,"href":"https:\/\/www.visit-ulcinj.com\/blog\/wp-json\/wp\/v2\/posts\/99843\/revisions\/99845"}],"wp:attachment":[{"href":"https:\/\/www.visit-ulcinj.com\/blog\/wp-json\/wp\/v2\/media?parent=99843"}],"wp:term":[{"taxonomy":"category","embeddable":true,"href":"https:\/\/www.visit-ulcinj.com\/blog\/wp-json\/wp\/v2\/categories?post=99843"},{"taxonomy":"post_tag","embeddable":true,"href":"https:\/\/www.visit-ulcinj.com\/blog\/wp-json\/wp\/v2\/tags?post=99843"}],"curies":[{"name":"wp","href":"https:\/\/api.w.org\/{rel}","templated":true}]}}