{"id":99851,"date":"2016-09-21T12:35:06","date_gmt":"2016-09-21T11:35:06","guid":{"rendered":"http:\/\/www.visit-ulcinj.com\/blog\/?p=99851"},"modified":"2016-09-27T18:40:20","modified_gmt":"2016-09-27T17:40:20","slug":"behet-publike-lista-e-koalicionit-shqiptar-nje-qellim","status":"publish","type":"post","link":"https:\/\/www.visit-ulcinj.com\/blog\/2016\/09\/21\/behet-publike-lista-e-koalicionit-shqiptar-nje-qellim\/","title":{"rendered":"B\u00ebhet publike Lista e koalicionit Shqiptar \u201cME NJ\u00cb Q\u00cbLLIM\u201d"},"content":{"rendered":"<p><a href=\"http:\/\/www.visit-ulcinj.com\/blog\/wp-content\/uploads\/2016\/09\/Koalicioni-Shqiptar-Me-nje-qellim-gzim-hajdinaga.jpg\"><img loading=\"lazy\" class=\"alignleft wp-image-99993\" src=\"http:\/\/www.visit-ulcinj.com\/blog\/wp-content\/uploads\/2016\/09\/Koalicioni-Shqiptar-Me-nje-qellim-gzim-hajdinaga.jpg\" alt=\"Koalicioni-Shqiptar-Me nje qellim-gzim-hajdinaga\" width=\"508\" height=\"337\" srcset=\"https:\/\/www.visit-ulcinj.com\/blog\/wp-content\/uploads\/2016\/09\/Koalicioni-Shqiptar-Me-nje-qellim-gzim-hajdinaga.jpg 551w, https:\/\/www.visit-ulcinj.com\/blog\/wp-content\/uploads\/2016\/09\/Koalicioni-Shqiptar-Me-nje-qellim-gzim-hajdinaga-300x199.jpg 300w\" sizes=\"(max-width: 508px) 100vw, 508px\" \/><\/a>Koalicioni\u00a0Shqiptar \u201cME NJ\u00cb Q\u00cbLLIM\u201d ka publikuar listat zyrtare, me kandidat\u00ebt e tyre, nd\u00ebrkoh\u00eb q\u00eb tashm\u00eb p\u00ebrmenden edhe emrat e personave q\u00eb pritet t\u2019i prijn\u00eb koalicionit aktual.<\/p>\n<p><strong>Lista e kanidat\u00ebve p\u00ebr deputet e Koalicionit Shqiptar \u201cME NJ\u00cb Q\u00cbLLIM\u201d<\/strong><br \/>\n<strong> Lista kandidata za poslanike Albanske Koalicije \u201cSA JEDNIM CILJEM\u201d<\/strong><\/p>\n<table>\n<tbody>\n<tr>\n<td colspan=\"3\" width=\"417\"><strong>KOALICIONI SHQIPTAR &#8211; ME NJ\u00cb Q\u00cbLLIM<\/strong><\/p>\n<p><strong>PD-IQ-LD<\/strong>ne<strong>MZ &#8211;<\/strong>LQ<strong>-PERSPEKTIVA<\/strong><\/td>\n<\/tr>\n<tr>\n<td width=\"33\"><strong>Nr.<\/strong><\/td>\n<td width=\"270\"><strong>Emir dhe mbiemri<\/strong><\/td>\n<td width=\"114\"><strong>Profesioni<\/strong><\/td>\n<\/tr>\n<tr>\n<td width=\"33\">1<\/td>\n<td width=\"270\"><strong>GZIM HAJDINAGA<\/strong><\/td>\n<td width=\"114\">inxh. i dipl. i el.<\/td>\n<\/tr>\n<tr>\n<td width=\"33\">2<\/td>\n<td width=\"270\">FATMIR GJEKA<\/td>\n<td width=\"114\">ecc i dipl<\/td>\n<\/tr>\n<tr>\n<td width=\"33\">3<\/td>\n<td width=\"270\">VASEL SINISHTAJ<\/td>\n<td width=\"114\">Jurist I dipl.<\/td>\n<\/tr>\n<tr>\n<td width=\"33\">4<\/td>\n<td width=\"270\">ZANA SARVAN<\/td>\n<td width=\"114\">inxh.dipl.ark<\/td>\n<\/tr>\n<tr>\n<td width=\"33\">5<\/td>\n<td width=\"270\">SAUBIH MEHMETI<\/td>\n<td width=\"114\">Inxh.dipl.teknol<\/td>\n<\/tr>\n<tr>\n<td width=\"33\">6<\/td>\n<td width=\"270\">MEHMED SINANAJ<\/td>\n<td width=\"114\">mr. ph<\/td>\n<\/tr>\n<tr>\n<td width=\"33\">7<\/td>\n<td width=\"270\">RAGIP BUSHATI<\/td>\n<td width=\"114\">ecc i dipl<\/td>\n<\/tr>\n<tr>\n<td width=\"33\">8<\/td>\n<td width=\"270\">SUELA AVDIU<\/td>\n<td width=\"114\">prof.<\/td>\n<\/tr>\n<tr>\n<td width=\"33\">9<\/td>\n<td width=\"270\">MARASH DEDVUKAJ<\/td>\n<td width=\"114\">prof.<\/td>\n<\/tr>\n<tr>\n<td width=\"33\">10<\/td>\n<td width=\"270\">SMAJL \u00c7UNMULAJ<\/td>\n<td width=\"114\">inxh.<\/td>\n<\/tr>\n<tr>\n<td width=\"33\">11<\/td>\n<td width=\"270\">FLORIM PALI<\/td>\n<td width=\"114\">ecc i dipl<\/td>\n<\/tr>\n<tr>\n<td width=\"33\">12<\/td>\n<td width=\"270\">ELEONORA SHATA<\/td>\n<td width=\"114\">juriste<\/td>\n<\/tr>\n<tr>\n<td width=\"33\">13<\/td>\n<td width=\"270\">FEHIM AVDIU,<\/td>\n<td width=\"114\">inxh. dipl.\u00a0 elek<\/td>\n<\/tr>\n<tr>\n<td width=\"33\">14<\/td>\n<td width=\"270\">VALMIR ARBNESHI<\/td>\n<td width=\"114\">prof.<\/td>\n<\/tr>\n<tr>\n<td width=\"33\">15<\/td>\n<td width=\"270\">ROBERT CAMAJ,\u00a0 .<\/td>\n<td width=\"114\">jurist i dipl<\/td>\n<\/tr>\n<tr>\n<td width=\"33\">16<\/td>\n<td width=\"270\">EMIRA TELIQ ,<\/td>\n<td width=\"114\">mami e dipl..<\/td>\n<\/tr>\n<tr>\n<td width=\"33\">17<\/td>\n<td width=\"270\">XHELAL MYRTOJA<\/td>\n<td width=\"114\">dr. veterinar<\/td>\n<\/tr>\n<tr>\n<td width=\"33\">18<\/td>\n<td width=\"270\">SAMIR ISHMIQ<\/td>\n<td width=\"114\">ecc i dipl<\/td>\n<\/tr>\n<tr>\n<td width=\"33\">19<\/td>\n<td width=\"270\">FITIM DRAGOVIQ,.<\/td>\n<td width=\"114\">prof<\/td>\n<\/tr>\n<tr>\n<td width=\"33\">20<\/td>\n<td width=\"270\">FLJORIJETA PEROVIQ<\/td>\n<td width=\"114\">student<\/td>\n<\/tr>\n<tr>\n<td width=\"33\">21<\/td>\n<td width=\"270\">REXHEP GJOKAJ,.<\/td>\n<td width=\"114\">prof<\/td>\n<\/tr>\n<tr>\n<td width=\"33\">22<\/td>\n<td width=\"270\">ASTRIT SALJAJ<\/td>\n<td width=\"114\">prof.<\/td>\n<\/tr>\n<tr>\n<td width=\"33\">23<\/td>\n<td width=\"270\">NERMIN GU\u00c7IQ<\/td>\n<td width=\"114\">ekonomist<\/td>\n<\/tr>\n<tr>\n<td width=\"33\">24<\/td>\n<td width=\"270\">HAZRETE CUCA<\/td>\n<td width=\"114\">student<\/td>\n<\/tr>\n<tr>\n<td width=\"33\">25<\/td>\n<td width=\"270\">RIZA \u00c7OBA<\/td>\n<td width=\"114\">Prof.<\/td>\n<\/tr>\n<tr>\n<td width=\"33\">26<\/td>\n<td width=\"270\">KATARINA GJURASHEVIQ<\/td>\n<td width=\"114\">juriste<\/td>\n<\/tr>\n<tr>\n<td width=\"33\">27<\/td>\n<td width=\"270\">KADRI SINANI.<\/td>\n<td width=\"114\">\u00a0prof<\/td>\n<\/tr>\n<tr>\n<td width=\"33\">28<\/td>\n<td width=\"270\">ASTRIT HOXHA,<\/td>\n<td width=\"114\">ecc i dipl<\/td>\n<\/tr>\n<tr>\n<td width=\"33\">29<\/td>\n<td width=\"270\">HAXHI SULEJMANI<\/td>\n<td width=\"114\">ekonomist<\/td>\n<\/tr>\n<tr>\n<td width=\"33\">30<\/td>\n<td width=\"270\">ZEJNEBE KRAJA<\/td>\n<td width=\"114\">juriste<\/td>\n<\/tr>\n<tr>\n<td width=\"33\">31<\/td>\n<td width=\"270\">NEZIR GJECBITRIQ<\/td>\n<td width=\"114\">ecc i dipl<\/td>\n<\/tr>\n<tr>\n<td width=\"33\">32<\/td>\n<td width=\"270\">NUO CAMAJ<\/td>\n<td width=\"114\">\u00a0gazetar<\/td>\n<\/tr>\n<tr>\n<td width=\"33\">33<\/td>\n<td width=\"270\">ADNAN RESULBEGOVIQ<\/td>\n<td width=\"114\">jurist<\/td>\n<\/tr>\n<tr>\n<td width=\"33\">34<\/td>\n<td width=\"270\">BEQIR SELOVIQ,<\/td>\n<td width=\"114\">prof.<\/td>\n<\/tr>\n<tr>\n<td width=\"33\">35<\/td>\n<td width=\"270\">ALI BEG BUSHATI<\/td>\n<td width=\"114\">bachelor i turiz.<\/td>\n<\/tr>\n<tr>\n<td width=\"33\">36<\/td>\n<td width=\"270\">NAILE HARDOLLI<\/td>\n<td width=\"114\">teknik i turizmit<\/td>\n<\/tr>\n<tr>\n<td width=\"33\">37<\/td>\n<td width=\"270\">QEMAL BAJRI,<\/td>\n<td width=\"114\">prof.<\/td>\n<\/tr>\n<tr>\n<td width=\"33\">38<\/td>\n<td width=\"270\">LINDITA \u00c7UNMULAJ<\/td>\n<td width=\"114\">student<\/td>\n<\/tr>\n<tr>\n<td width=\"33\">39<\/td>\n<td width=\"270\">DHURATA ABAZI,.<\/td>\n<td width=\"114\">bachelor i turiz<\/td>\n<\/tr>\n<tr>\n<td width=\"33\">40<\/td>\n<td width=\"270\">SEIDA SUMA<\/td>\n<td width=\"114\">student<\/td>\n<\/tr>\n<tr>\n<td width=\"33\">41<\/td>\n<td width=\"270\">SKENDER REXHOVIQ<\/td>\n<td width=\"114\">\u00a0teknik i komun<\/td>\n<\/tr>\n<tr>\n<td width=\"33\">42<\/td>\n<td width=\"270\">HANA RESULBEGOVIQ<\/td>\n<td width=\"114\">ekonomiste<\/td>\n<\/tr>\n<tr>\n<td width=\"33\">43<\/td>\n<td width=\"270\">GJON JUNCAJ<\/td>\n<td width=\"114\">punetor<\/td>\n<\/tr>\n<tr>\n<td width=\"33\">44<\/td>\n<td width=\"270\">KAPLLAN MU\u00c7AJ<\/td>\n<td width=\"114\">jurist i dipl.<\/td>\n<\/tr>\n<tr>\n<td width=\"33\">45<\/td>\n<td width=\"270\">REXHEP \u00c7UNMULAJ<\/td>\n<td width=\"114\">Prof.<\/td>\n<\/tr>\n<tr>\n<td width=\"33\">46<\/td>\n<td width=\"270\">NIKOLINA SINISTAJ<\/td>\n<td width=\"114\">studente<\/td>\n<\/tr>\n<tr>\n<td width=\"33\">47<\/td>\n<td width=\"270\">XHAUDET SULJOVIQ<\/td>\n<td width=\"114\">prof<\/td>\n<\/tr>\n<\/tbody>\n<\/table>\n<p>&nbsp;<\/p>\n<p><span class=\"text_exposed_show\">\u00a0<\/span><\/p>\n","protected":false},"excerpt":{"rendered":"<p>Koalicioni\u00a0Shqiptar \u201cME NJ\u00cb Q\u00cbLLIM\u201d ka publikuar listat zyrtare, me kandidat\u00ebt e tyre, nd\u00ebrkoh\u00eb q\u00eb tashm\u00eb p\u00ebrmenden edhe emrat e personave q\u00eb pritet t\u2019i prijn\u00eb koalicionit aktual. Lista e kanidat\u00ebve p\u00ebr deputet e Koalicionit Shqiptar \u201cME NJ\u00cb Q\u00cbLLIM\u201d Lista kandidata za poslanike Albanske Koalicije \u201cSA JEDNIM CILJEM\u201d KOALICIONI SHQIPTAR &#8211; ME NJ\u00cb Q\u00cbLLIM PD-IQ-LDneMZ &#8211;LQ-PERSPEKTIVA Nr. [&hellip;]<\/p>\n","protected":false},"author":1,"featured_media":0,"comment_status":"closed","ping_status":"closed","sticky":false,"template":"","format":"standard","meta":{"spay_email":"","jetpack_publicize_message":"","jetpack_is_tweetstorm":false,"jetpack_publicize_feature_enabled":true},"categories":[6950],"tags":[],"jetpack_publicize_connections":[],"yoast_head":"<!-- This site is optimized with the Yoast SEO plugin v19.1 - https:\/\/yoast.com\/wordpress\/plugins\/seo\/ -->\n<title>B\u00ebhet publike Lista e koalicionit Shqiptar \u201cME NJ\u00cb Q\u00cbLLIM\u201d - Lajme nga Ulqini<\/title>\n<meta name=\"description\" content=\"Koalicioni\u00a0Shqiptar \u201cME NJ\u00cb Q\u00cbLLIM\u201d ka publikuar listat zyrtare, me kandidat\u00ebt e tyre, nd\u00ebrkoh\u00eb q\u00eb tashm\u00eb p\u00ebrmenden edhe emrat e personave q\u00eb pritet t\u2019i\" \/>\n<meta name=\"robots\" content=\"index, follow, max-snippet:-1, max-image-preview:large, max-video-preview:-1\" \/>\n<link rel=\"canonical\" href=\"https:\/\/www.visit-ulcinj.com\/blog\/2016\/09\/21\/behet-publike-lista-e-koalicionit-shqiptar-nje-qellim\/\" \/>\n<meta property=\"og:locale\" content=\"en_US\" \/>\n<meta property=\"og:type\" content=\"article\" \/>\n<meta property=\"og:title\" content=\"B\u00ebhet publike Lista e koalicionit Shqiptar \u201cME NJ\u00cb Q\u00cbLLIM\u201d - Lajme nga Ulqini\" \/>\n<meta property=\"og:description\" content=\"Koalicioni\u00a0Shqiptar \u201cME NJ\u00cb Q\u00cbLLIM\u201d ka publikuar listat zyrtare, me kandidat\u00ebt e tyre, nd\u00ebrkoh\u00eb q\u00eb tashm\u00eb p\u00ebrmenden edhe emrat e personave q\u00eb pritet t\u2019i\" \/>\n<meta property=\"og:url\" content=\"https:\/\/www.visit-ulcinj.com\/blog\/2016\/09\/21\/behet-publike-lista-e-koalicionit-shqiptar-nje-qellim\/\" \/>\n<meta property=\"og:site_name\" content=\"Lajme nga Ulqini\" \/>\n<meta property=\"article:published_time\" content=\"2016-09-21T11:35:06+00:00\" \/>\n<meta property=\"article:modified_time\" content=\"2016-09-27T17:40:20+00:00\" \/>\n<meta property=\"og:image\" content=\"http:\/\/www.visit-ulcinj.com\/blog\/wp-content\/uploads\/2016\/09\/Koalicioni-Shqiptar-Me-nje-qellim-gzim-hajdinaga.jpg\" \/>\n<meta name=\"twitter:label1\" content=\"Written by\" \/>\n\t<meta name=\"twitter:data1\" content=\"ulqini\" \/>\n\t<meta name=\"twitter:label2\" content=\"Est. reading time\" \/>\n\t<meta name=\"twitter:data2\" content=\"1 minute\" \/>\n<script type=\"application\/ld+json\" class=\"yoast-schema-graph\">{\"@context\":\"https:\/\/schema.org\",\"@graph\":[{\"@type\":\"WebSite\",\"@id\":\"https:\/\/www.visit-ulcinj.com\/blog\/#website\",\"url\":\"https:\/\/www.visit-ulcinj.com\/blog\/\",\"name\":\"Lajme nga Ulqini\",\"description\":\"Lajme,Vijesti,Ulqini,Ulqin,Crna Gora,Mali i Zi\",\"potentialAction\":[{\"@type\":\"SearchAction\",\"target\":{\"@type\":\"EntryPoint\",\"urlTemplate\":\"https:\/\/www.visit-ulcinj.com\/blog\/?s={search_term_string}\"},\"query-input\":\"required name=search_term_string\"}],\"inLanguage\":\"en-US\"},{\"@type\":\"ImageObject\",\"inLanguage\":\"en-US\",\"@id\":\"https:\/\/www.visit-ulcinj.com\/blog\/2016\/09\/21\/behet-publike-lista-e-koalicionit-shqiptar-nje-qellim\/#primaryimage\",\"url\":\"https:\/\/www.visit-ulcinj.com\/blog\/wp-content\/uploads\/2016\/09\/Koalicioni-Shqiptar-Me-nje-qellim-gzim-hajdinaga.jpg\",\"contentUrl\":\"https:\/\/www.visit-ulcinj.com\/blog\/wp-content\/uploads\/2016\/09\/Koalicioni-Shqiptar-Me-nje-qellim-gzim-hajdinaga.jpg\",\"width\":551,\"height\":365},{\"@type\":\"WebPage\",\"@id\":\"https:\/\/www.visit-ulcinj.com\/blog\/2016\/09\/21\/behet-publike-lista-e-koalicionit-shqiptar-nje-qellim\/#webpage\",\"url\":\"https:\/\/www.visit-ulcinj.com\/blog\/2016\/09\/21\/behet-publike-lista-e-koalicionit-shqiptar-nje-qellim\/\",\"name\":\"B\u00ebhet publike Lista e koalicionit Shqiptar \u201cME NJ\u00cb Q\u00cbLLIM\u201d - Lajme nga Ulqini\",\"isPartOf\":{\"@id\":\"https:\/\/www.visit-ulcinj.com\/blog\/#website\"},\"primaryImageOfPage\":{\"@id\":\"https:\/\/www.visit-ulcinj.com\/blog\/2016\/09\/21\/behet-publike-lista-e-koalicionit-shqiptar-nje-qellim\/#primaryimage\"},\"datePublished\":\"2016-09-21T11:35:06+00:00\",\"dateModified\":\"2016-09-27T17:40:20+00:00\",\"author\":{\"@id\":\"https:\/\/www.visit-ulcinj.com\/blog\/#\/schema\/person\/dcab619c614d3038751c63bc2aadc06d\"},\"description\":\"Koalicioni\u00a0Shqiptar \u201cME NJ\u00cb Q\u00cbLLIM\u201d ka publikuar listat zyrtare, me kandidat\u00ebt e tyre, nd\u00ebrkoh\u00eb q\u00eb tashm\u00eb p\u00ebrmenden edhe emrat e personave q\u00eb pritet t\u2019i\",\"breadcrumb\":{\"@id\":\"https:\/\/www.visit-ulcinj.com\/blog\/2016\/09\/21\/behet-publike-lista-e-koalicionit-shqiptar-nje-qellim\/#breadcrumb\"},\"inLanguage\":\"en-US\",\"potentialAction\":[{\"@type\":\"ReadAction\",\"target\":[\"https:\/\/www.visit-ulcinj.com\/blog\/2016\/09\/21\/behet-publike-lista-e-koalicionit-shqiptar-nje-qellim\/\"]}]},{\"@type\":\"BreadcrumbList\",\"@id\":\"https:\/\/www.visit-ulcinj.com\/blog\/2016\/09\/21\/behet-publike-lista-e-koalicionit-shqiptar-nje-qellim\/#breadcrumb\",\"itemListElement\":[{\"@type\":\"ListItem\",\"position\":1,\"name\":\"B\u00ebhet publike Lista e koalicionit Shqiptar \u201cME NJ\u00cb Q\u00cbLLIM\u201d\"}]},{\"@type\":\"Person\",\"@id\":\"https:\/\/www.visit-ulcinj.com\/blog\/#\/schema\/person\/dcab619c614d3038751c63bc2aadc06d\",\"name\":\"ulqini\",\"sameAs\":[\"http:\/\/www.visit-ulcinj.com\"],\"url\":\"https:\/\/www.visit-ulcinj.com\/blog\/author\/admin\/\"}]}<\/script>\n<!-- \/ Yoast SEO plugin. -->","yoast_head_json":{"title":"B\u00ebhet publike Lista e koalicionit Shqiptar \u201cME NJ\u00cb Q\u00cbLLIM\u201d - Lajme nga Ulqini","description":"Koalicioni\u00a0Shqiptar \u201cME NJ\u00cb Q\u00cbLLIM\u201d ka publikuar listat zyrtare, me kandidat\u00ebt e tyre, nd\u00ebrkoh\u00eb q\u00eb tashm\u00eb p\u00ebrmenden edhe emrat e personave q\u00eb pritet t\u2019i","robots":{"index":"index","follow":"follow","max-snippet":"max-snippet:-1","max-image-preview":"max-image-preview:large","max-video-preview":"max-video-preview:-1"},"canonical":"https:\/\/www.visit-ulcinj.com\/blog\/2016\/09\/21\/behet-publike-lista-e-koalicionit-shqiptar-nje-qellim\/","og_locale":"en_US","og_type":"article","og_title":"B\u00ebhet publike Lista e koalicionit Shqiptar \u201cME NJ\u00cb Q\u00cbLLIM\u201d - Lajme nga Ulqini","og_description":"Koalicioni\u00a0Shqiptar \u201cME NJ\u00cb Q\u00cbLLIM\u201d ka publikuar listat zyrtare, me kandidat\u00ebt e tyre, nd\u00ebrkoh\u00eb q\u00eb tashm\u00eb p\u00ebrmenden edhe emrat e personave q\u00eb pritet t\u2019i","og_url":"https:\/\/www.visit-ulcinj.com\/blog\/2016\/09\/21\/behet-publike-lista-e-koalicionit-shqiptar-nje-qellim\/","og_site_name":"Lajme nga Ulqini","article_published_time":"2016-09-21T11:35:06+00:00","article_modified_time":"2016-09-27T17:40:20+00:00","og_image":[{"url":"http:\/\/www.visit-ulcinj.com\/blog\/wp-content\/uploads\/2016\/09\/Koalicioni-Shqiptar-Me-nje-qellim-gzim-hajdinaga.jpg"}],"twitter_misc":{"Written by":"ulqini","Est. reading time":"1 minute"},"schema":{"@context":"https:\/\/schema.org","@graph":[{"@type":"WebSite","@id":"https:\/\/www.visit-ulcinj.com\/blog\/#website","url":"https:\/\/www.visit-ulcinj.com\/blog\/","name":"Lajme nga Ulqini","description":"Lajme,Vijesti,Ulqini,Ulqin,Crna Gora,Mali i Zi","potentialAction":[{"@type":"SearchAction","target":{"@type":"EntryPoint","urlTemplate":"https:\/\/www.visit-ulcinj.com\/blog\/?s={search_term_string}"},"query-input":"required name=search_term_string"}],"inLanguage":"en-US"},{"@type":"ImageObject","inLanguage":"en-US","@id":"https:\/\/www.visit-ulcinj.com\/blog\/2016\/09\/21\/behet-publike-lista-e-koalicionit-shqiptar-nje-qellim\/#primaryimage","url":"https:\/\/www.visit-ulcinj.com\/blog\/wp-content\/uploads\/2016\/09\/Koalicioni-Shqiptar-Me-nje-qellim-gzim-hajdinaga.jpg","contentUrl":"https:\/\/www.visit-ulcinj.com\/blog\/wp-content\/uploads\/2016\/09\/Koalicioni-Shqiptar-Me-nje-qellim-gzim-hajdinaga.jpg","width":551,"height":365},{"@type":"WebPage","@id":"https:\/\/www.visit-ulcinj.com\/blog\/2016\/09\/21\/behet-publike-lista-e-koalicionit-shqiptar-nje-qellim\/#webpage","url":"https:\/\/www.visit-ulcinj.com\/blog\/2016\/09\/21\/behet-publike-lista-e-koalicionit-shqiptar-nje-qellim\/","name":"B\u00ebhet publike Lista e koalicionit Shqiptar \u201cME NJ\u00cb Q\u00cbLLIM\u201d - Lajme nga Ulqini","isPartOf":{"@id":"https:\/\/www.visit-ulcinj.com\/blog\/#website"},"primaryImageOfPage":{"@id":"https:\/\/www.visit-ulcinj.com\/blog\/2016\/09\/21\/behet-publike-lista-e-koalicionit-shqiptar-nje-qellim\/#primaryimage"},"datePublished":"2016-09-21T11:35:06+00:00","dateModified":"2016-09-27T17:40:20+00:00","author":{"@id":"https:\/\/www.visit-ulcinj.com\/blog\/#\/schema\/person\/dcab619c614d3038751c63bc2aadc06d"},"description":"Koalicioni\u00a0Shqiptar \u201cME NJ\u00cb Q\u00cbLLIM\u201d ka publikuar listat zyrtare, me kandidat\u00ebt e tyre, nd\u00ebrkoh\u00eb q\u00eb tashm\u00eb p\u00ebrmenden edhe emrat e personave q\u00eb pritet t\u2019i","breadcrumb":{"@id":"https:\/\/www.visit-ulcinj.com\/blog\/2016\/09\/21\/behet-publike-lista-e-koalicionit-shqiptar-nje-qellim\/#breadcrumb"},"inLanguage":"en-US","potentialAction":[{"@type":"ReadAction","target":["https:\/\/www.visit-ulcinj.com\/blog\/2016\/09\/21\/behet-publike-lista-e-koalicionit-shqiptar-nje-qellim\/"]}]},{"@type":"BreadcrumbList","@id":"https:\/\/www.visit-ulcinj.com\/blog\/2016\/09\/21\/behet-publike-lista-e-koalicionit-shqiptar-nje-qellim\/#breadcrumb","itemListElement":[{"@type":"ListItem","position":1,"name":"B\u00ebhet publike Lista e koalicionit Shqiptar \u201cME NJ\u00cb Q\u00cbLLIM\u201d"}]},{"@type":"Person","@id":"https:\/\/www.visit-ulcinj.com\/blog\/#\/schema\/person\/dcab619c614d3038751c63bc2aadc06d","name":"ulqini","sameAs":["http:\/\/www.visit-ulcinj.com"],"url":"https:\/\/www.visit-ulcinj.com\/blog\/author\/admin\/"}]}},"jetpack_featured_media_url":"","jetpack_sharing_enabled":true,"jetpack_shortlink":"https:\/\/wp.me\/pe6lTn-pYv","_links":{"self":[{"href":"https:\/\/www.visit-ulcinj.com\/blog\/wp-json\/wp\/v2\/posts\/99851"}],"collection":[{"href":"https:\/\/www.visit-ulcinj.com\/blog\/wp-json\/wp\/v2\/posts"}],"about":[{"href":"https:\/\/www.visit-ulcinj.com\/blog\/wp-json\/wp\/v2\/types\/post"}],"author":[{"embeddable":true,"href":"https:\/\/www.visit-ulcinj.com\/blog\/wp-json\/wp\/v2\/users\/1"}],"replies":[{"embeddable":true,"href":"https:\/\/www.visit-ulcinj.com\/blog\/wp-json\/wp\/v2\/comments?post=99851"}],"version-history":[{"count":3,"href":"https:\/\/www.visit-ulcinj.com\/blog\/wp-json\/wp\/v2\/posts\/99851\/revisions"}],"predecessor-version":[{"id":99994,"href":"https:\/\/www.visit-ulcinj.com\/blog\/wp-json\/wp\/v2\/posts\/99851\/revisions\/99994"}],"wp:attachment":[{"href":"https:\/\/www.visit-ulcinj.com\/blog\/wp-json\/wp\/v2\/media?parent=99851"}],"wp:term":[{"taxonomy":"category","embeddable":true,"href":"https:\/\/www.visit-ulcinj.com\/blog\/wp-json\/wp\/v2\/categories?post=99851"},{"taxonomy":"post_tag","embeddable":true,"href":"https:\/\/www.visit-ulcinj.com\/blog\/wp-json\/wp\/v2\/tags?post=99851"}],"curies":[{"name":"wp","href":"https:\/\/api.w.org\/{rel}","templated":true}]}}