{"id":99863,"date":"2016-09-22T14:29:16","date_gmt":"2016-09-22T13:29:16","guid":{"rendered":"http:\/\/www.visit-ulcinj.com\/blog\/?p=99863"},"modified":"2016-09-22T17:03:37","modified_gmt":"2016-09-22T16:03:37","slug":"ojq-horizonti-ri-kendi-per-te-rinj-ne-ulqin","status":"publish","type":"post","link":"https:\/\/www.visit-ulcinj.com\/blog\/2016\/09\/22\/ojq-horizonti-ri-kendi-per-te-rinj-ne-ulqin\/","title":{"rendered":"OJQ Horizonti i Ri: \u201cK\u00ebndi p\u00ebr t\u00eb rinj n\u00eb Ulqin\u201d"},"content":{"rendered":"<p style=\"text-align: center;\"><strong><a href=\"http:\/\/www.visit-ulcinj.com\/blog\/wp-content\/uploads\/2016\/09\/Youth-Corner-Ulqin-Ulcinj-Montenegro.jpg\"><img loading=\"lazy\" class=\"alignleft wp-image-99864\" src=\"http:\/\/www.visit-ulcinj.com\/blog\/wp-content\/uploads\/2016\/09\/Youth-Corner-Ulqin-Ulcinj-Montenegro.jpg\" alt=\"Youth-Corner-Ulqin-Ulcinj-Montenegro\" width=\"508\" height=\"268\" srcset=\"https:\/\/www.visit-ulcinj.com\/blog\/wp-content\/uploads\/2016\/09\/Youth-Corner-Ulqin-Ulcinj-Montenegro.jpg 999w, https:\/\/www.visit-ulcinj.com\/blog\/wp-content\/uploads\/2016\/09\/Youth-Corner-Ulqin-Ulcinj-Montenegro-300x158.jpg 300w, https:\/\/www.visit-ulcinj.com\/blog\/wp-content\/uploads\/2016\/09\/Youth-Corner-Ulqin-Ulcinj-Montenegro-768x405.jpg 768w\" sizes=\"(max-width: 508px) 100vw, 508px\" \/><\/a>PROGRAM P\u00cbR PJES\u00cbMARRJEN E T\u00cb RINJ\u00cbVE<\/strong><\/p>\n<p>&nbsp;<\/p>\n<p>Organizata e shoq\u00ebris\u00eb civile Horizonti i Ri fillon realizimin e projektit \u201c<strong>k\u00ebndi p\u00ebr t\u00eb rinj n\u00eb ulqin<\/strong>\u201d. Q\u00ebllimi i p\u00ebrgjithsh\u00ebm i k\u00ebtij projekti \u00ebsht\u00eb q\u00eb t\u2019iu siguroj\u00eb t\u00eb rinjve n\u00eb Ulqin m\u00eb shum\u00eb mund\u00ebsi p\u00ebr kalimin e dobish\u00ebm t\u00eb koh\u00ebs s\u00eb lir\u00eb, zhvillimin e kultur\u00ebs s\u00eb leximit dhe t\u00eb dialogut, n\u00eb nj\u00eb hap\u00ebsir\u00eb m\u00eb t\u00eb p\u00ebrshtatshme si dhe promovimin e filantropis\u00eb n\u00eb komunitetin lokal. Projektin e mb\u00ebshtet\u00eb <strong>Fondi p\u00ebr Qytetari Vepruese \u2013 fAKT<\/strong>.<\/p>\n<p>&nbsp;<\/p>\n<p>Aktivitetet kryesore t\u00eb projektit do t\u00eb jen\u00eb:<\/p>\n<ul>\n<li><em>Trajnimi i edukator\u00ebve bashk\u00ebmoshatar\u00eb p\u00ebr promovimin e aktivizimit rinor dhe kultur\u00ebs s\u00eb dh\u00ebnies (filantropis\u00eb),<\/em><\/li>\n<li><em>Adaptimi i hap\u00ebsir\u00ebs n\u00eb Bibliotek\u00ebn e Qytetit dhe v\u00ebnia n\u00eb funksion e \u201eK\u00ebndit Rinor\u201c;<\/em><\/li>\n<li><em>Organizimi i aksionit t\u00eb mbledhjes s\u00eb mjeteve n\u00eb komunitet,<\/em><\/li>\n<li><em>Organizimi i ngjarjeve kreative dhe promovuese<\/em><em>. <\/em><\/li>\n<\/ul>\n<p>&nbsp;<\/p>\n<p>Programi p\u00ebr trajnimin e edukator\u00ebve t\u00eb rinj do t\u00eb ndiqet nga 20 aktivist\u00eb rinor\u00eb. Programi p\u00ebrfshin\u00eb kat\u00ebr seminare n\u00eb temat e m\u00ebposhtme:<\/p>\n<ul>\n<li><strong>Komuniteti dhe un\u00eb<\/strong><\/li>\n<li><strong>Komunikimi i suksessh\u00ebm<\/strong><\/li>\n<li><strong>Aktivizimi dhe vullnetarizmi<\/strong><\/li>\n<li><strong>Planifikimi dhe shkrimi i projektit<\/strong><\/li>\n<\/ul>\n<p>&nbsp;<\/p>\n<p>Me k\u00ebt\u00eb rast, ftohen t\u00eb rinjt\u00eb e interesuar, sidomos nx\u00ebn\u00ebsit e shkollave t\u00eb mesme n\u00eb Ulqin, q\u00eb t\u00eb paraqiten p\u00ebr pjes\u00ebmarrje n\u00eb k\u00ebt\u00eb projekt. Regjistrimi mund t\u00eb b\u00ebhet n\u00eb k\u00ebt\u00eb link:<\/p>\n<p><a href=\"https:\/\/goo.gl\/forms\/IqIwKWPS6qa9dure2\">https:\/\/goo.gl\/forms\/IqIwKWPS6qa9dure2<\/a><\/p>\n","protected":false},"excerpt":{"rendered":"<p>PROGRAM P\u00cbR PJES\u00cbMARRJEN E T\u00cb RINJ\u00cbVE &nbsp; Organizata e shoq\u00ebris\u00eb civile Horizonti i Ri fillon realizimin e projektit \u201ck\u00ebndi p\u00ebr t\u00eb rinj n\u00eb ulqin\u201d. Q\u00ebllimi i p\u00ebrgjithsh\u00ebm i k\u00ebtij projekti \u00ebsht\u00eb q\u00eb t\u2019iu siguroj\u00eb t\u00eb rinjve n\u00eb Ulqin m\u00eb shum\u00eb mund\u00ebsi p\u00ebr kalimin e dobish\u00ebm t\u00eb koh\u00ebs s\u00eb lir\u00eb, zhvillimin e kultur\u00ebs s\u00eb leximit dhe [&hellip;]<\/p>\n","protected":false},"author":1,"featured_media":0,"comment_status":"closed","ping_status":"closed","sticky":false,"template":"","format":"standard","meta":{"spay_email":"","jetpack_publicize_message":"","jetpack_is_tweetstorm":false,"jetpack_publicize_feature_enabled":true},"categories":[1,12],"tags":[],"jetpack_publicize_connections":[],"yoast_head":"<!-- This site is optimized with the Yoast SEO plugin v19.1 - https:\/\/yoast.com\/wordpress\/plugins\/seo\/ -->\n<title>OJQ Horizonti i Ri: \u201cK\u00ebndi p\u00ebr t\u00eb rinj n\u00eb Ulqin\u201d - Lajme nga Ulqini<\/title>\n<meta name=\"description\" content=\"PROGRAM P\u00cbR PJES\u00cbMARRJEN E T\u00cb RINJ\u00cbVE &nbsp; Organizata e shoq\u00ebris\u00eb civile Horizonti i Ri fillon realizimin e projektit \u201ck\u00ebndi p\u00ebr t\u00eb rinj n\u00eb ulqin\u201d.\" \/>\n<meta name=\"robots\" content=\"index, follow, max-snippet:-1, max-image-preview:large, max-video-preview:-1\" \/>\n<link rel=\"canonical\" href=\"https:\/\/www.visit-ulcinj.com\/blog\/2016\/09\/22\/ojq-horizonti-ri-kendi-per-te-rinj-ne-ulqin\/\" \/>\n<meta property=\"og:locale\" content=\"en_US\" \/>\n<meta property=\"og:type\" content=\"article\" \/>\n<meta property=\"og:title\" content=\"OJQ Horizonti i Ri: \u201cK\u00ebndi p\u00ebr t\u00eb rinj n\u00eb Ulqin\u201d - Lajme nga Ulqini\" \/>\n<meta property=\"og:description\" content=\"PROGRAM P\u00cbR PJES\u00cbMARRJEN E T\u00cb RINJ\u00cbVE &nbsp; Organizata e shoq\u00ebris\u00eb civile Horizonti i Ri fillon realizimin e projektit \u201ck\u00ebndi p\u00ebr t\u00eb rinj n\u00eb ulqin\u201d.\" \/>\n<meta property=\"og:url\" content=\"https:\/\/www.visit-ulcinj.com\/blog\/2016\/09\/22\/ojq-horizonti-ri-kendi-per-te-rinj-ne-ulqin\/\" \/>\n<meta property=\"og:site_name\" content=\"Lajme nga Ulqini\" \/>\n<meta property=\"article:published_time\" content=\"2016-09-22T13:29:16+00:00\" \/>\n<meta property=\"article:modified_time\" content=\"2016-09-22T16:03:37+00:00\" \/>\n<meta property=\"og:image\" content=\"http:\/\/www.visit-ulcinj.com\/blog\/wp-content\/uploads\/2016\/09\/Youth-Corner-Ulqin-Ulcinj-Montenegro.jpg\" \/>\n<meta name=\"twitter:label1\" content=\"Written by\" \/>\n\t<meta name=\"twitter:data1\" content=\"ulqini\" \/>\n\t<meta name=\"twitter:label2\" content=\"Est. reading time\" \/>\n\t<meta name=\"twitter:data2\" content=\"1 minute\" \/>\n<script type=\"application\/ld+json\" class=\"yoast-schema-graph\">{\"@context\":\"https:\/\/schema.org\",\"@graph\":[{\"@type\":\"WebSite\",\"@id\":\"https:\/\/www.visit-ulcinj.com\/blog\/#website\",\"url\":\"https:\/\/www.visit-ulcinj.com\/blog\/\",\"name\":\"Lajme nga Ulqini\",\"description\":\"Lajme,Vijesti,Ulqini,Ulqin,Crna Gora,Mali i Zi\",\"potentialAction\":[{\"@type\":\"SearchAction\",\"target\":{\"@type\":\"EntryPoint\",\"urlTemplate\":\"https:\/\/www.visit-ulcinj.com\/blog\/?s={search_term_string}\"},\"query-input\":\"required name=search_term_string\"}],\"inLanguage\":\"en-US\"},{\"@type\":\"ImageObject\",\"inLanguage\":\"en-US\",\"@id\":\"https:\/\/www.visit-ulcinj.com\/blog\/2016\/09\/22\/ojq-horizonti-ri-kendi-per-te-rinj-ne-ulqin\/#primaryimage\",\"url\":\"https:\/\/www.visit-ulcinj.com\/blog\/wp-content\/uploads\/2016\/09\/Youth-Corner-Ulqin-Ulcinj-Montenegro.jpg\",\"contentUrl\":\"https:\/\/www.visit-ulcinj.com\/blog\/wp-content\/uploads\/2016\/09\/Youth-Corner-Ulqin-Ulcinj-Montenegro.jpg\",\"width\":999,\"height\":527},{\"@type\":\"WebPage\",\"@id\":\"https:\/\/www.visit-ulcinj.com\/blog\/2016\/09\/22\/ojq-horizonti-ri-kendi-per-te-rinj-ne-ulqin\/#webpage\",\"url\":\"https:\/\/www.visit-ulcinj.com\/blog\/2016\/09\/22\/ojq-horizonti-ri-kendi-per-te-rinj-ne-ulqin\/\",\"name\":\"OJQ Horizonti i Ri: \u201cK\u00ebndi p\u00ebr t\u00eb rinj n\u00eb Ulqin\u201d - Lajme nga Ulqini\",\"isPartOf\":{\"@id\":\"https:\/\/www.visit-ulcinj.com\/blog\/#website\"},\"primaryImageOfPage\":{\"@id\":\"https:\/\/www.visit-ulcinj.com\/blog\/2016\/09\/22\/ojq-horizonti-ri-kendi-per-te-rinj-ne-ulqin\/#primaryimage\"},\"datePublished\":\"2016-09-22T13:29:16+00:00\",\"dateModified\":\"2016-09-22T16:03:37+00:00\",\"author\":{\"@id\":\"https:\/\/www.visit-ulcinj.com\/blog\/#\/schema\/person\/dcab619c614d3038751c63bc2aadc06d\"},\"description\":\"PROGRAM P\u00cbR PJES\u00cbMARRJEN E T\u00cb RINJ\u00cbVE &nbsp; Organizata e shoq\u00ebris\u00eb civile Horizonti i Ri fillon realizimin e projektit \u201ck\u00ebndi p\u00ebr t\u00eb rinj n\u00eb ulqin\u201d.\",\"breadcrumb\":{\"@id\":\"https:\/\/www.visit-ulcinj.com\/blog\/2016\/09\/22\/ojq-horizonti-ri-kendi-per-te-rinj-ne-ulqin\/#breadcrumb\"},\"inLanguage\":\"en-US\",\"potentialAction\":[{\"@type\":\"ReadAction\",\"target\":[\"https:\/\/www.visit-ulcinj.com\/blog\/2016\/09\/22\/ojq-horizonti-ri-kendi-per-te-rinj-ne-ulqin\/\"]}]},{\"@type\":\"BreadcrumbList\",\"@id\":\"https:\/\/www.visit-ulcinj.com\/blog\/2016\/09\/22\/ojq-horizonti-ri-kendi-per-te-rinj-ne-ulqin\/#breadcrumb\",\"itemListElement\":[{\"@type\":\"ListItem\",\"position\":1,\"name\":\"OJQ Horizonti i Ri: \u201cK\u00ebndi p\u00ebr t\u00eb rinj n\u00eb Ulqin\u201d\"}]},{\"@type\":\"Person\",\"@id\":\"https:\/\/www.visit-ulcinj.com\/blog\/#\/schema\/person\/dcab619c614d3038751c63bc2aadc06d\",\"name\":\"ulqini\",\"sameAs\":[\"http:\/\/www.visit-ulcinj.com\"],\"url\":\"https:\/\/www.visit-ulcinj.com\/blog\/author\/admin\/\"}]}<\/script>\n<!-- \/ Yoast SEO plugin. -->","yoast_head_json":{"title":"OJQ Horizonti i Ri: \u201cK\u00ebndi p\u00ebr t\u00eb rinj n\u00eb Ulqin\u201d - Lajme nga Ulqini","description":"PROGRAM P\u00cbR PJES\u00cbMARRJEN E T\u00cb RINJ\u00cbVE &nbsp; Organizata e shoq\u00ebris\u00eb civile Horizonti i Ri fillon realizimin e projektit \u201ck\u00ebndi p\u00ebr t\u00eb rinj n\u00eb ulqin\u201d.","robots":{"index":"index","follow":"follow","max-snippet":"max-snippet:-1","max-image-preview":"max-image-preview:large","max-video-preview":"max-video-preview:-1"},"canonical":"https:\/\/www.visit-ulcinj.com\/blog\/2016\/09\/22\/ojq-horizonti-ri-kendi-per-te-rinj-ne-ulqin\/","og_locale":"en_US","og_type":"article","og_title":"OJQ Horizonti i Ri: \u201cK\u00ebndi p\u00ebr t\u00eb rinj n\u00eb Ulqin\u201d - Lajme nga Ulqini","og_description":"PROGRAM P\u00cbR PJES\u00cbMARRJEN E T\u00cb RINJ\u00cbVE &nbsp; Organizata e shoq\u00ebris\u00eb civile Horizonti i Ri fillon realizimin e projektit \u201ck\u00ebndi p\u00ebr t\u00eb rinj n\u00eb ulqin\u201d.","og_url":"https:\/\/www.visit-ulcinj.com\/blog\/2016\/09\/22\/ojq-horizonti-ri-kendi-per-te-rinj-ne-ulqin\/","og_site_name":"Lajme nga Ulqini","article_published_time":"2016-09-22T13:29:16+00:00","article_modified_time":"2016-09-22T16:03:37+00:00","og_image":[{"url":"http:\/\/www.visit-ulcinj.com\/blog\/wp-content\/uploads\/2016\/09\/Youth-Corner-Ulqin-Ulcinj-Montenegro.jpg"}],"twitter_misc":{"Written by":"ulqini","Est. reading time":"1 minute"},"schema":{"@context":"https:\/\/schema.org","@graph":[{"@type":"WebSite","@id":"https:\/\/www.visit-ulcinj.com\/blog\/#website","url":"https:\/\/www.visit-ulcinj.com\/blog\/","name":"Lajme nga Ulqini","description":"Lajme,Vijesti,Ulqini,Ulqin,Crna Gora,Mali i Zi","potentialAction":[{"@type":"SearchAction","target":{"@type":"EntryPoint","urlTemplate":"https:\/\/www.visit-ulcinj.com\/blog\/?s={search_term_string}"},"query-input":"required name=search_term_string"}],"inLanguage":"en-US"},{"@type":"ImageObject","inLanguage":"en-US","@id":"https:\/\/www.visit-ulcinj.com\/blog\/2016\/09\/22\/ojq-horizonti-ri-kendi-per-te-rinj-ne-ulqin\/#primaryimage","url":"https:\/\/www.visit-ulcinj.com\/blog\/wp-content\/uploads\/2016\/09\/Youth-Corner-Ulqin-Ulcinj-Montenegro.jpg","contentUrl":"https:\/\/www.visit-ulcinj.com\/blog\/wp-content\/uploads\/2016\/09\/Youth-Corner-Ulqin-Ulcinj-Montenegro.jpg","width":999,"height":527},{"@type":"WebPage","@id":"https:\/\/www.visit-ulcinj.com\/blog\/2016\/09\/22\/ojq-horizonti-ri-kendi-per-te-rinj-ne-ulqin\/#webpage","url":"https:\/\/www.visit-ulcinj.com\/blog\/2016\/09\/22\/ojq-horizonti-ri-kendi-per-te-rinj-ne-ulqin\/","name":"OJQ Horizonti i Ri: \u201cK\u00ebndi p\u00ebr t\u00eb rinj n\u00eb Ulqin\u201d - Lajme nga Ulqini","isPartOf":{"@id":"https:\/\/www.visit-ulcinj.com\/blog\/#website"},"primaryImageOfPage":{"@id":"https:\/\/www.visit-ulcinj.com\/blog\/2016\/09\/22\/ojq-horizonti-ri-kendi-per-te-rinj-ne-ulqin\/#primaryimage"},"datePublished":"2016-09-22T13:29:16+00:00","dateModified":"2016-09-22T16:03:37+00:00","author":{"@id":"https:\/\/www.visit-ulcinj.com\/blog\/#\/schema\/person\/dcab619c614d3038751c63bc2aadc06d"},"description":"PROGRAM P\u00cbR PJES\u00cbMARRJEN E T\u00cb RINJ\u00cbVE &nbsp; Organizata e shoq\u00ebris\u00eb civile Horizonti i Ri fillon realizimin e projektit \u201ck\u00ebndi p\u00ebr t\u00eb rinj n\u00eb ulqin\u201d.","breadcrumb":{"@id":"https:\/\/www.visit-ulcinj.com\/blog\/2016\/09\/22\/ojq-horizonti-ri-kendi-per-te-rinj-ne-ulqin\/#breadcrumb"},"inLanguage":"en-US","potentialAction":[{"@type":"ReadAction","target":["https:\/\/www.visit-ulcinj.com\/blog\/2016\/09\/22\/ojq-horizonti-ri-kendi-per-te-rinj-ne-ulqin\/"]}]},{"@type":"BreadcrumbList","@id":"https:\/\/www.visit-ulcinj.com\/blog\/2016\/09\/22\/ojq-horizonti-ri-kendi-per-te-rinj-ne-ulqin\/#breadcrumb","itemListElement":[{"@type":"ListItem","position":1,"name":"OJQ Horizonti i Ri: \u201cK\u00ebndi p\u00ebr t\u00eb rinj n\u00eb Ulqin\u201d"}]},{"@type":"Person","@id":"https:\/\/www.visit-ulcinj.com\/blog\/#\/schema\/person\/dcab619c614d3038751c63bc2aadc06d","name":"ulqini","sameAs":["http:\/\/www.visit-ulcinj.com"],"url":"https:\/\/www.visit-ulcinj.com\/blog\/author\/admin\/"}]}},"jetpack_featured_media_url":"","jetpack_sharing_enabled":true,"jetpack_shortlink":"https:\/\/wp.me\/pe6lTn-pYH","_links":{"self":[{"href":"https:\/\/www.visit-ulcinj.com\/blog\/wp-json\/wp\/v2\/posts\/99863"}],"collection":[{"href":"https:\/\/www.visit-ulcinj.com\/blog\/wp-json\/wp\/v2\/posts"}],"about":[{"href":"https:\/\/www.visit-ulcinj.com\/blog\/wp-json\/wp\/v2\/types\/post"}],"author":[{"embeddable":true,"href":"https:\/\/www.visit-ulcinj.com\/blog\/wp-json\/wp\/v2\/users\/1"}],"replies":[{"embeddable":true,"href":"https:\/\/www.visit-ulcinj.com\/blog\/wp-json\/wp\/v2\/comments?post=99863"}],"version-history":[{"count":1,"href":"https:\/\/www.visit-ulcinj.com\/blog\/wp-json\/wp\/v2\/posts\/99863\/revisions"}],"predecessor-version":[{"id":99865,"href":"https:\/\/www.visit-ulcinj.com\/blog\/wp-json\/wp\/v2\/posts\/99863\/revisions\/99865"}],"wp:attachment":[{"href":"https:\/\/www.visit-ulcinj.com\/blog\/wp-json\/wp\/v2\/media?parent=99863"}],"wp:term":[{"taxonomy":"category","embeddable":true,"href":"https:\/\/www.visit-ulcinj.com\/blog\/wp-json\/wp\/v2\/categories?post=99863"},{"taxonomy":"post_tag","embeddable":true,"href":"https:\/\/www.visit-ulcinj.com\/blog\/wp-json\/wp\/v2\/tags?post=99863"}],"curies":[{"name":"wp","href":"https:\/\/api.w.org\/{rel}","templated":true}]}}