{"id":99875,"date":"2016-09-22T17:01:42","date_gmt":"2016-09-22T16:01:42","guid":{"rendered":"http:\/\/www.visit-ulcinj.com\/blog\/?p=99875"},"modified":"2016-09-23T13:49:43","modified_gmt":"2016-09-23T12:49:43","slug":"perfaqesuesit-e-bankes-gjermane-per-zhvillim-kfw-vizituan-komunen-e-ulqinit","status":"publish","type":"post","link":"https:\/\/www.visit-ulcinj.com\/blog\/2016\/09\/22\/perfaqesuesit-e-bankes-gjermane-per-zhvillim-kfw-vizituan-komunen-e-ulqinit\/","title":{"rendered":"P\u00ebrfaq\u00ebsuesit e Bank\u00ebs Gjermane p\u00ebr Zhvillim (KFW) vizituan Komunen e Ulqinit"},"content":{"rendered":"<p class=\"r\"><a href=\"http:\/\/www.visit-ulcinj.com\/blog\/wp-content\/uploads\/2016\/09\/Perfaq\u00ebsuesit-e-bank\u00ebs-KfW-ne-vizit-komunes-Ulqinit.jpg\"><img loading=\"lazy\" class=\"alignleft wp-image-99876\" src=\"http:\/\/www.visit-ulcinj.com\/blog\/wp-content\/uploads\/2016\/09\/Perfaq\u00ebsuesit-e-bank\u00ebs-KfW-ne-vizit-komunes-Ulqinit.jpg\" alt=\"Perfaq\u00ebsuesit e bank\u00ebs KfW-ne vizit komunes Ulqinit\" width=\"508\" height=\"338\" srcset=\"https:\/\/www.visit-ulcinj.com\/blog\/wp-content\/uploads\/2016\/09\/Perfaq\u00ebsuesit-e-bank\u00ebs-KfW-ne-vizit-komunes-Ulqinit.jpg 999w, https:\/\/www.visit-ulcinj.com\/blog\/wp-content\/uploads\/2016\/09\/Perfaq\u00ebsuesit-e-bank\u00ebs-KfW-ne-vizit-komunes-Ulqinit-300x200.jpg 300w, https:\/\/www.visit-ulcinj.com\/blog\/wp-content\/uploads\/2016\/09\/Perfaq\u00ebsuesit-e-bank\u00ebs-KfW-ne-vizit-komunes-Ulqinit-768x511.jpg 768w\" sizes=\"(max-width: 508px) 100vw, 508px\" \/><\/a>Kryetari i Komun\u00ebs s\u00eb Ulqinit Nazif Cungu dhe bashk\u00ebpun\u00ebtor\u00ebt e tij prit\u00ebn p\u00ebrfaq\u00ebsuesit e bank\u00ebs Gjermane p\u00ebr zhvillim KfW, Vodakomit, NP Uj\u00ebsjell\u00ebs dhe Kanalizim dhe fimrave konsultative Sachsen -wasser dhe Hydrophil.<br \/>\nNe takim u fol mbi situaten aktuale ne NP Uj\u00ebsjell\u00ebs dhe kanalizim dhe vazhdimin e realizimit t\u00eb projektit p\u00ebr nd\u00ebrtimin e sistemit p\u00ebr furnizim me uj\u00eb dhe sistemit te kanalizimit p\u00ebr 4 nj\u00ebsi (Bratica, Totosh, kodra dhe Mal i Bardh\u00eb) i cili momentalisht ndodhet ne faz\u00ebn e pergaditjes teknike faz\u00eb e cila i paraprin\u00eb faz\u00ebs kryesore gjat\u00eb s\u00eb cil\u00ebs pritet realizimi i investimit ne infrastrukture ne vler\u00eb prej 20 milion eurosh.<br \/>\nP\u00ebrfaqesuesja e Bank\u00ebs KfW nj\u00ebherit dhe menaxherja e projektit Lotte Westermann tha se nga qeveria Gjermane pritet q\u00eb p\u00ebrve\u00e7 ndryshimeve n\u00eb infrastruktur\u00eb, projekti t\u00eb sh\u00ebrbej\u00eb edhe si baz\u00eb p\u00ebr reforma n\u00eb NP Uj\u00ebsjell\u00ebs dhe Kanalizim si dhe pritet q\u00eb kjo nd\u00ebrmarrje t\u00eb jet\u00eb e gatshme q\u00eb ne periudhen e ardhshme t\u00eb menaxhoj\u00eb dhe mir\u00ebmbaj\u00eb sistemin modern i cili pritet t\u00eb nd\u00ebrtohet. P\u00ebrve\u00e7 t\u00eb tjerave, ajo p\u00ebrshendeti mundimin q\u00eb po b\u00ebn Komuna e Ulqinit q\u00eb t\u00eb zgjidhi problemet egrumbulluar prej koh\u00ebsh me q\u00ebllim q\u00eb t\u00eb p\u00ebrshpejtohet realizimi i projektit.<br \/>\nKryetari Cungu theksoi se ne Komun\u00eb te Ulqinit vazhdimisht ka inicijativa p\u00ebr projekte t\u00eb tilla dhe beson se ne periudh\u00ebn e ardhshme Komuna e Ulqinit do gjej\u00eb zgjidhje p\u00ebr problemet e krijuara gjat\u00eb viteve dhe n\u00eb at\u00eb drejtim t\u00eb veproj\u00eb q\u00eb NP Uj\u00ebsjell\u00ebs dhe Kanalizim t\u00eb kaloj\u00eb n\u00eb nje nd\u00ebrmarrje e zhvilluar dhe rentabile. Ai foli edhe p\u00ebr projektet ne Krru\u00e7 dhe n\u00eb Brajsh\u00eb fillimi i realizimit i t\u00eb cil\u00ebve pritet n\u00eb periudh\u00ebn e ardhshme.<br \/>\nNe fund kryetari Cungu theksoi se ky projekt p\u00ebr t\u00eb cilin flitet do t\u00eb ndikoj\u00eb ndjesh\u00ebm n\u00eb zgjidhjen e problemit t\u00eb Port Milen\u00ebs dhe do ndikoj\u00eb ne permir\u00ebsimin e jet\u00ebs s\u00eb qytetar\u00ebve te Ulqinit.<\/p>\n","protected":false},"excerpt":{"rendered":"<p>Kryetari i Komun\u00ebs s\u00eb Ulqinit Nazif Cungu dhe bashk\u00ebpun\u00ebtor\u00ebt e tij prit\u00ebn p\u00ebrfaq\u00ebsuesit e bank\u00ebs Gjermane p\u00ebr zhvillim KfW, Vodakomit, NP Uj\u00ebsjell\u00ebs dhe Kanalizim dhe fimrave konsultative Sachsen -wasser dhe Hydrophil. Ne takim u fol mbi situaten aktuale ne NP Uj\u00ebsjell\u00ebs dhe kanalizim dhe vazhdimin e realizimit t\u00eb projektit p\u00ebr nd\u00ebrtimin e sistemit p\u00ebr furnizim [&hellip;]<\/p>\n","protected":false},"author":1,"featured_media":0,"comment_status":"closed","ping_status":"closed","sticky":false,"template":"","format":"standard","meta":{"spay_email":"","jetpack_publicize_message":"","jetpack_is_tweetstorm":false,"jetpack_publicize_feature_enabled":true},"categories":[1,14],"tags":[],"jetpack_publicize_connections":[],"yoast_head":"<!-- This site is optimized with the Yoast SEO plugin v19.1 - https:\/\/yoast.com\/wordpress\/plugins\/seo\/ -->\n<title>P\u00ebrfaq\u00ebsuesit e Bank\u00ebs Gjermane p\u00ebr Zhvillim (KFW) vizituan Komunen e Ulqinit - Lajme nga Ulqini<\/title>\n<meta name=\"description\" content=\"Kryetari i Komun\u00ebs s\u00eb Ulqinit Nazif Cungu dhe bashk\u00ebpun\u00ebtor\u00ebt e tij prit\u00ebn p\u00ebrfaq\u00ebsuesit e bank\u00ebs Gjermane p\u00ebr zhvillim KfW, Vodakomit, NP Uj\u00ebsjell\u00ebs dhe\" \/>\n<meta name=\"robots\" content=\"index, follow, max-snippet:-1, max-image-preview:large, max-video-preview:-1\" \/>\n<link rel=\"canonical\" href=\"https:\/\/www.visit-ulcinj.com\/blog\/2016\/09\/22\/perfaqesuesit-e-bankes-gjermane-per-zhvillim-kfw-vizituan-komunen-e-ulqinit\/\" \/>\n<meta property=\"og:locale\" content=\"en_US\" \/>\n<meta property=\"og:type\" content=\"article\" \/>\n<meta property=\"og:title\" content=\"P\u00ebrfaq\u00ebsuesit e Bank\u00ebs Gjermane p\u00ebr Zhvillim (KFW) vizituan Komunen e Ulqinit - Lajme nga Ulqini\" \/>\n<meta property=\"og:description\" content=\"Kryetari i Komun\u00ebs s\u00eb Ulqinit Nazif Cungu dhe bashk\u00ebpun\u00ebtor\u00ebt e tij prit\u00ebn p\u00ebrfaq\u00ebsuesit e bank\u00ebs Gjermane p\u00ebr zhvillim KfW, Vodakomit, NP Uj\u00ebsjell\u00ebs dhe\" \/>\n<meta property=\"og:url\" content=\"https:\/\/www.visit-ulcinj.com\/blog\/2016\/09\/22\/perfaqesuesit-e-bankes-gjermane-per-zhvillim-kfw-vizituan-komunen-e-ulqinit\/\" \/>\n<meta property=\"og:site_name\" content=\"Lajme nga Ulqini\" \/>\n<meta property=\"article:published_time\" content=\"2016-09-22T16:01:42+00:00\" \/>\n<meta property=\"article:modified_time\" content=\"2016-09-23T12:49:43+00:00\" \/>\n<meta name=\"twitter:label1\" content=\"Written by\" \/>\n\t<meta name=\"twitter:data1\" content=\"ulqini\" \/>\n\t<meta name=\"twitter:label2\" content=\"Est. reading time\" \/>\n\t<meta name=\"twitter:data2\" content=\"2 minutes\" \/>\n<script type=\"application\/ld+json\" class=\"yoast-schema-graph\">{\"@context\":\"https:\/\/schema.org\",\"@graph\":[{\"@type\":\"WebSite\",\"@id\":\"https:\/\/www.visit-ulcinj.com\/blog\/#website\",\"url\":\"https:\/\/www.visit-ulcinj.com\/blog\/\",\"name\":\"Lajme nga Ulqini\",\"description\":\"Lajme,Vijesti,Ulqini,Ulqin,Crna Gora,Mali i Zi\",\"potentialAction\":[{\"@type\":\"SearchAction\",\"target\":{\"@type\":\"EntryPoint\",\"urlTemplate\":\"https:\/\/www.visit-ulcinj.com\/blog\/?s={search_term_string}\"},\"query-input\":\"required name=search_term_string\"}],\"inLanguage\":\"en-US\"},{\"@type\":\"WebPage\",\"@id\":\"https:\/\/www.visit-ulcinj.com\/blog\/2016\/09\/22\/perfaqesuesit-e-bankes-gjermane-per-zhvillim-kfw-vizituan-komunen-e-ulqinit\/#webpage\",\"url\":\"https:\/\/www.visit-ulcinj.com\/blog\/2016\/09\/22\/perfaqesuesit-e-bankes-gjermane-per-zhvillim-kfw-vizituan-komunen-e-ulqinit\/\",\"name\":\"P\u00ebrfaq\u00ebsuesit e Bank\u00ebs Gjermane p\u00ebr Zhvillim (KFW) vizituan Komunen e Ulqinit - Lajme nga Ulqini\",\"isPartOf\":{\"@id\":\"https:\/\/www.visit-ulcinj.com\/blog\/#website\"},\"datePublished\":\"2016-09-22T16:01:42+00:00\",\"dateModified\":\"2016-09-23T12:49:43+00:00\",\"author\":{\"@id\":\"https:\/\/www.visit-ulcinj.com\/blog\/#\/schema\/person\/dcab619c614d3038751c63bc2aadc06d\"},\"description\":\"Kryetari i Komun\u00ebs s\u00eb Ulqinit Nazif Cungu dhe bashk\u00ebpun\u00ebtor\u00ebt e tij prit\u00ebn p\u00ebrfaq\u00ebsuesit e bank\u00ebs Gjermane p\u00ebr zhvillim KfW, Vodakomit, NP Uj\u00ebsjell\u00ebs dhe\",\"breadcrumb\":{\"@id\":\"https:\/\/www.visit-ulcinj.com\/blog\/2016\/09\/22\/perfaqesuesit-e-bankes-gjermane-per-zhvillim-kfw-vizituan-komunen-e-ulqinit\/#breadcrumb\"},\"inLanguage\":\"en-US\",\"potentialAction\":[{\"@type\":\"ReadAction\",\"target\":[\"https:\/\/www.visit-ulcinj.com\/blog\/2016\/09\/22\/perfaqesuesit-e-bankes-gjermane-per-zhvillim-kfw-vizituan-komunen-e-ulqinit\/\"]}]},{\"@type\":\"BreadcrumbList\",\"@id\":\"https:\/\/www.visit-ulcinj.com\/blog\/2016\/09\/22\/perfaqesuesit-e-bankes-gjermane-per-zhvillim-kfw-vizituan-komunen-e-ulqinit\/#breadcrumb\",\"itemListElement\":[{\"@type\":\"ListItem\",\"position\":1,\"name\":\"P\u00ebrfaq\u00ebsuesit e Bank\u00ebs Gjermane p\u00ebr Zhvillim (KFW) vizituan Komunen e Ulqinit\"}]},{\"@type\":\"Person\",\"@id\":\"https:\/\/www.visit-ulcinj.com\/blog\/#\/schema\/person\/dcab619c614d3038751c63bc2aadc06d\",\"name\":\"ulqini\",\"sameAs\":[\"http:\/\/www.visit-ulcinj.com\"],\"url\":\"https:\/\/www.visit-ulcinj.com\/blog\/author\/admin\/\"}]}<\/script>\n<!-- \/ Yoast SEO plugin. -->","yoast_head_json":{"title":"P\u00ebrfaq\u00ebsuesit e Bank\u00ebs Gjermane p\u00ebr Zhvillim (KFW) vizituan Komunen e Ulqinit - Lajme nga Ulqini","description":"Kryetari i Komun\u00ebs s\u00eb Ulqinit Nazif Cungu dhe bashk\u00ebpun\u00ebtor\u00ebt e tij prit\u00ebn p\u00ebrfaq\u00ebsuesit e bank\u00ebs Gjermane p\u00ebr zhvillim KfW, Vodakomit, NP Uj\u00ebsjell\u00ebs dhe","robots":{"index":"index","follow":"follow","max-snippet":"max-snippet:-1","max-image-preview":"max-image-preview:large","max-video-preview":"max-video-preview:-1"},"canonical":"https:\/\/www.visit-ulcinj.com\/blog\/2016\/09\/22\/perfaqesuesit-e-bankes-gjermane-per-zhvillim-kfw-vizituan-komunen-e-ulqinit\/","og_locale":"en_US","og_type":"article","og_title":"P\u00ebrfaq\u00ebsuesit e Bank\u00ebs Gjermane p\u00ebr Zhvillim (KFW) vizituan Komunen e Ulqinit - Lajme nga Ulqini","og_description":"Kryetari i Komun\u00ebs s\u00eb Ulqinit Nazif Cungu dhe bashk\u00ebpun\u00ebtor\u00ebt e tij prit\u00ebn p\u00ebrfaq\u00ebsuesit e bank\u00ebs Gjermane p\u00ebr zhvillim KfW, Vodakomit, NP Uj\u00ebsjell\u00ebs dhe","og_url":"https:\/\/www.visit-ulcinj.com\/blog\/2016\/09\/22\/perfaqesuesit-e-bankes-gjermane-per-zhvillim-kfw-vizituan-komunen-e-ulqinit\/","og_site_name":"Lajme nga Ulqini","article_published_time":"2016-09-22T16:01:42+00:00","article_modified_time":"2016-09-23T12:49:43+00:00","twitter_misc":{"Written by":"ulqini","Est. reading time":"2 minutes"},"schema":{"@context":"https:\/\/schema.org","@graph":[{"@type":"WebSite","@id":"https:\/\/www.visit-ulcinj.com\/blog\/#website","url":"https:\/\/www.visit-ulcinj.com\/blog\/","name":"Lajme nga Ulqini","description":"Lajme,Vijesti,Ulqini,Ulqin,Crna Gora,Mali i Zi","potentialAction":[{"@type":"SearchAction","target":{"@type":"EntryPoint","urlTemplate":"https:\/\/www.visit-ulcinj.com\/blog\/?s={search_term_string}"},"query-input":"required name=search_term_string"}],"inLanguage":"en-US"},{"@type":"WebPage","@id":"https:\/\/www.visit-ulcinj.com\/blog\/2016\/09\/22\/perfaqesuesit-e-bankes-gjermane-per-zhvillim-kfw-vizituan-komunen-e-ulqinit\/#webpage","url":"https:\/\/www.visit-ulcinj.com\/blog\/2016\/09\/22\/perfaqesuesit-e-bankes-gjermane-per-zhvillim-kfw-vizituan-komunen-e-ulqinit\/","name":"P\u00ebrfaq\u00ebsuesit e Bank\u00ebs Gjermane p\u00ebr Zhvillim (KFW) vizituan Komunen e Ulqinit - Lajme nga Ulqini","isPartOf":{"@id":"https:\/\/www.visit-ulcinj.com\/blog\/#website"},"datePublished":"2016-09-22T16:01:42+00:00","dateModified":"2016-09-23T12:49:43+00:00","author":{"@id":"https:\/\/www.visit-ulcinj.com\/blog\/#\/schema\/person\/dcab619c614d3038751c63bc2aadc06d"},"description":"Kryetari i Komun\u00ebs s\u00eb Ulqinit Nazif Cungu dhe bashk\u00ebpun\u00ebtor\u00ebt e tij prit\u00ebn p\u00ebrfaq\u00ebsuesit e bank\u00ebs Gjermane p\u00ebr zhvillim KfW, Vodakomit, NP Uj\u00ebsjell\u00ebs dhe","breadcrumb":{"@id":"https:\/\/www.visit-ulcinj.com\/blog\/2016\/09\/22\/perfaqesuesit-e-bankes-gjermane-per-zhvillim-kfw-vizituan-komunen-e-ulqinit\/#breadcrumb"},"inLanguage":"en-US","potentialAction":[{"@type":"ReadAction","target":["https:\/\/www.visit-ulcinj.com\/blog\/2016\/09\/22\/perfaqesuesit-e-bankes-gjermane-per-zhvillim-kfw-vizituan-komunen-e-ulqinit\/"]}]},{"@type":"BreadcrumbList","@id":"https:\/\/www.visit-ulcinj.com\/blog\/2016\/09\/22\/perfaqesuesit-e-bankes-gjermane-per-zhvillim-kfw-vizituan-komunen-e-ulqinit\/#breadcrumb","itemListElement":[{"@type":"ListItem","position":1,"name":"P\u00ebrfaq\u00ebsuesit e Bank\u00ebs Gjermane p\u00ebr Zhvillim (KFW) vizituan Komunen e Ulqinit"}]},{"@type":"Person","@id":"https:\/\/www.visit-ulcinj.com\/blog\/#\/schema\/person\/dcab619c614d3038751c63bc2aadc06d","name":"ulqini","sameAs":["http:\/\/www.visit-ulcinj.com"],"url":"https:\/\/www.visit-ulcinj.com\/blog\/author\/admin\/"}]}},"jetpack_featured_media_url":"","jetpack_sharing_enabled":true,"jetpack_shortlink":"https:\/\/wp.me\/pe6lTn-pYT","_links":{"self":[{"href":"https:\/\/www.visit-ulcinj.com\/blog\/wp-json\/wp\/v2\/posts\/99875"}],"collection":[{"href":"https:\/\/www.visit-ulcinj.com\/blog\/wp-json\/wp\/v2\/posts"}],"about":[{"href":"https:\/\/www.visit-ulcinj.com\/blog\/wp-json\/wp\/v2\/types\/post"}],"author":[{"embeddable":true,"href":"https:\/\/www.visit-ulcinj.com\/blog\/wp-json\/wp\/v2\/users\/1"}],"replies":[{"embeddable":true,"href":"https:\/\/www.visit-ulcinj.com\/blog\/wp-json\/wp\/v2\/comments?post=99875"}],"version-history":[{"count":1,"href":"https:\/\/www.visit-ulcinj.com\/blog\/wp-json\/wp\/v2\/posts\/99875\/revisions"}],"predecessor-version":[{"id":99877,"href":"https:\/\/www.visit-ulcinj.com\/blog\/wp-json\/wp\/v2\/posts\/99875\/revisions\/99877"}],"wp:attachment":[{"href":"https:\/\/www.visit-ulcinj.com\/blog\/wp-json\/wp\/v2\/media?parent=99875"}],"wp:term":[{"taxonomy":"category","embeddable":true,"href":"https:\/\/www.visit-ulcinj.com\/blog\/wp-json\/wp\/v2\/categories?post=99875"},{"taxonomy":"post_tag","embeddable":true,"href":"https:\/\/www.visit-ulcinj.com\/blog\/wp-json\/wp\/v2\/tags?post=99875"}],"curies":[{"name":"wp","href":"https:\/\/api.w.org\/{rel}","templated":true}]}}