{"id":99880,"date":"2016-09-23T13:47:26","date_gmt":"2016-09-23T12:47:26","guid":{"rendered":"http:\/\/www.visit-ulcinj.com\/blog\/?p=99880"},"modified":"2016-09-24T13:05:45","modified_gmt":"2016-09-24T12:05:45","slug":"cungu-te-pezullohen-lejet-e-ndertimit-ne-lumin-buna","status":"publish","type":"post","link":"https:\/\/www.visit-ulcinj.com\/blog\/2016\/09\/23\/cungu-te-pezullohen-lejet-e-ndertimit-ne-lumin-buna\/","title":{"rendered":"Cungu: T\u00eb pezullohen lejet e nd\u00ebrtimit n\u00eb lumin Buna"},"content":{"rendered":"<p><strong>\u00a0<a href=\"http:\/\/www.visit-ulcinj.com\/blog\/wp-content\/uploads\/2016\/09\/Nazif-Cungu-Ulqin-Ulcinj.jpg\"><img loading=\"lazy\" class=\"alignleft wp-image-99881\" src=\"http:\/\/www.visit-ulcinj.com\/blog\/wp-content\/uploads\/2016\/09\/Nazif-Cungu-Ulqin-Ulcinj.jpg\" alt=\"Nazif-Cungu-Ulqin-Ulcinj\" width=\"508\" height=\"430\" srcset=\"https:\/\/www.visit-ulcinj.com\/blog\/wp-content\/uploads\/2016\/09\/Nazif-Cungu-Ulqin-Ulcinj.jpg 720w, https:\/\/www.visit-ulcinj.com\/blog\/wp-content\/uploads\/2016\/09\/Nazif-Cungu-Ulqin-Ulcinj-300x254.jpg 300w\" sizes=\"(max-width: 508px) 100vw, 508px\" \/><\/a>T\u00eb pezullohen lejet e nd\u00ebrtimit derisa t\u00eb hartohet plani i ri n\u00eb lumin Buna<\/strong><\/p>\n<div><b><span lang=\"EN-GB\">Komuna e Ulqinit deklarohet\u00a0 p\u00ebr\u00a0 katalogun\u00a0 e objekteve t\u00eb p\u00ebrkoheshme\u00a0 n\u00eb brigjet e Lumit Buna, hartuar nga Ministria\u00a0 e zhvillimit t\u00eb q\u00ebndruesh\u00ebm dhe turizmit<u><\/u><u><\/u><\/span><\/b><\/div>\n<div><\/div>\n<div>Kryetari i komun\u00ebs s\u00eb Ulqinit Nazif Cungu, me dat\u00ebn 15.9.2016. ka d\u00ebrguar v\u00ebrejtjet e Komun\u00ebs s\u00eb Ulqinit Ministris\u00eb s\u00eb zhvillimit t\u00eb q\u00ebndruesh\u00ebm, n\u00eb lidhje me\u00a0propozimin e katalogut t\u00eb objekteve t\u00eb p\u00ebrkohshme\u00a0 n\u00eb brigjet e Lumit Buna.<u><\/u><u><\/u><\/div>\n<div>Q\u00ebndrimi i Komun\u00ebs s\u00eb Ulqinit, \u00ebsht\u00eb q\u00eb ky katalog \u00ebsht\u00eb\u00a0 i paq\u00ebndruesh\u00ebm dhe se ai duhet\u00a0 ndryshuar. Katalogu si i till\u00eb\u00a0 \u00ebsht\u00eb n\u00eb kund\u00ebrshtim me\u00a0 dokumentet\u00a0 strategjike\u00a0 t\u00eb vendit si\u00e7 jan\u00eb Strategjia\u00a0 e\u00a0 zhvillimit t\u00eb\u00a0 turizmit\u00a0 n\u00eb Mal t\u00eb Zi\u00a0 deri n\u00eb vitin 2020, Master Plani i\u00a0 inovuar\u00a0 i zhvillimit t\u00eb\u00a0 turzmit\u00a0 n\u00eb Mal t\u00eb Zi\u00a0 nga viti 2008 dhe Plani\u00a0 strategjik\u00a0 zhvillimor i Komun\u00ebs s\u00eb Ulqinit i miratuar n\u00eb Kuvendin lokal. K\u00ebto dokumente nuk jan\u00eb marr\u00eb n\u00eb konsiderat\u00eb, dhe posa\u00e7arisht\u00a0 habit\u00a0 fakti\u00a0 q\u00eb katalogu\u00a0 \u00ebsht\u00eb\u00a0 n\u00eb kund\u00ebrshtim dhe me\u00a0 pejsazhin natyror\u00eb\u00a0 t\u00eb Lumit Buna dhe Ujdhes\u00ebs Ada .<u><\/u><u><\/u><\/div>\n<div><\/div>\n<div>Koncepti i katalogut ndryshon\u00a0 vlerat\u00a0 e Bun\u00ebs, zvog\u00eblon\u00a0 pejsazhin potencial\u00a0 dhe\u00a0 hapsir\u00ebn\u00a0 autentike. P\u00ebr k\u00ebt\u00eb ar\u00ebsye me katalog\u00a0 nuk duhet parapar\u00eb\u00a0 objekte t\u00eb tjer\u00eb t\u00eb\u00a0 p\u00ebrkohesh\u00ebm dhe Ministria e turizmit dhe NP,,Te mirat detare,,\u00a0 nuk duhet t\u00eb vazhdoj\u00eb me\u00a0 dh\u00ebnijen e lejeve t\u00eb reja\u00a0 p\u00ebr vendosjen e tyre.<\/div>\n<div><\/div>\n<div>\n<div>\n<p>OP\u0160TINA ULCINJ \u2013 KABINET PREDSJEDNIKA<\/p>\n<p>KOMUNA E ULQINIT \u2013 KABINETI I KRYETARIT<\/p>\n<p>MUNICIPALITY OF ULCINJ \u2013 MAYOR\u2019S OFFICE<\/p>\n<\/div>\n<\/div>\n","protected":false},"excerpt":{"rendered":"<p>\u00a0T\u00eb pezullohen lejet e nd\u00ebrtimit derisa t\u00eb hartohet plani i ri n\u00eb lumin Buna Komuna e Ulqinit deklarohet\u00a0 p\u00ebr\u00a0 katalogun\u00a0 e objekteve t\u00eb p\u00ebrkoheshme\u00a0 n\u00eb brigjet e Lumit Buna, hartuar nga Ministria\u00a0 e zhvillimit t\u00eb q\u00ebndruesh\u00ebm dhe turizmit Kryetari i komun\u00ebs s\u00eb Ulqinit Nazif Cungu, me dat\u00ebn 15.9.2016. ka d\u00ebrguar v\u00ebrejtjet e Komun\u00ebs s\u00eb Ulqinit [&hellip;]<\/p>\n","protected":false},"author":1,"featured_media":0,"comment_status":"closed","ping_status":"closed","sticky":false,"template":"","format":"standard","meta":{"spay_email":"","jetpack_publicize_message":"","jetpack_is_tweetstorm":false,"jetpack_publicize_feature_enabled":true},"categories":[1,12],"tags":[],"jetpack_publicize_connections":[],"yoast_head":"<!-- This site is optimized with the Yoast SEO plugin v19.1 - https:\/\/yoast.com\/wordpress\/plugins\/seo\/ -->\n<title>Cungu: T\u00eb pezullohen lejet e nd\u00ebrtimit n\u00eb lumin Buna - Lajme nga Ulqini<\/title>\n<meta name=\"description\" content=\"\u00a0T\u00eb pezullohen lejet e nd\u00ebrtimit derisa t\u00eb hartohet plani i ri n\u00eb lumin Buna Komuna e Ulqinit deklarohet\u00a0 p\u00ebr\u00a0 katalogun\u00a0 e objekteve t\u00eb p\u00ebrkoheshme\u00a0 n\u00eb\" \/>\n<meta name=\"robots\" content=\"index, follow, max-snippet:-1, max-image-preview:large, max-video-preview:-1\" \/>\n<link rel=\"canonical\" href=\"https:\/\/www.visit-ulcinj.com\/blog\/2016\/09\/23\/cungu-te-pezullohen-lejet-e-ndertimit-ne-lumin-buna\/\" \/>\n<meta property=\"og:locale\" content=\"en_US\" \/>\n<meta property=\"og:type\" content=\"article\" \/>\n<meta property=\"og:title\" content=\"Cungu: T\u00eb pezullohen lejet e nd\u00ebrtimit n\u00eb lumin Buna - Lajme nga Ulqini\" \/>\n<meta property=\"og:description\" content=\"\u00a0T\u00eb pezullohen lejet e nd\u00ebrtimit derisa t\u00eb hartohet plani i ri n\u00eb lumin Buna Komuna e Ulqinit deklarohet\u00a0 p\u00ebr\u00a0 katalogun\u00a0 e objekteve t\u00eb p\u00ebrkoheshme\u00a0 n\u00eb\" \/>\n<meta property=\"og:url\" content=\"https:\/\/www.visit-ulcinj.com\/blog\/2016\/09\/23\/cungu-te-pezullohen-lejet-e-ndertimit-ne-lumin-buna\/\" \/>\n<meta property=\"og:site_name\" content=\"Lajme nga Ulqini\" \/>\n<meta property=\"article:published_time\" content=\"2016-09-23T12:47:26+00:00\" \/>\n<meta property=\"article:modified_time\" content=\"2016-09-24T12:05:45+00:00\" \/>\n<meta property=\"og:image\" content=\"http:\/\/www.visit-ulcinj.com\/blog\/wp-content\/uploads\/2016\/09\/Nazif-Cungu-Ulqin-Ulcinj.jpg\" \/>\n<meta name=\"twitter:label1\" content=\"Written by\" \/>\n\t<meta name=\"twitter:data1\" content=\"ulqini\" \/>\n\t<meta name=\"twitter:label2\" content=\"Est. reading time\" \/>\n\t<meta name=\"twitter:data2\" content=\"1 minute\" \/>\n<script type=\"application\/ld+json\" class=\"yoast-schema-graph\">{\"@context\":\"https:\/\/schema.org\",\"@graph\":[{\"@type\":\"WebSite\",\"@id\":\"https:\/\/www.visit-ulcinj.com\/blog\/#website\",\"url\":\"https:\/\/www.visit-ulcinj.com\/blog\/\",\"name\":\"Lajme nga Ulqini\",\"description\":\"Lajme,Vijesti,Ulqini,Ulqin,Crna Gora,Mali i Zi\",\"potentialAction\":[{\"@type\":\"SearchAction\",\"target\":{\"@type\":\"EntryPoint\",\"urlTemplate\":\"https:\/\/www.visit-ulcinj.com\/blog\/?s={search_term_string}\"},\"query-input\":\"required name=search_term_string\"}],\"inLanguage\":\"en-US\"},{\"@type\":\"ImageObject\",\"inLanguage\":\"en-US\",\"@id\":\"https:\/\/www.visit-ulcinj.com\/blog\/2016\/09\/23\/cungu-te-pezullohen-lejet-e-ndertimit-ne-lumin-buna\/#primaryimage\",\"url\":\"https:\/\/www.visit-ulcinj.com\/blog\/wp-content\/uploads\/2016\/09\/Nazif-Cungu-Ulqin-Ulcinj.jpg\",\"contentUrl\":\"https:\/\/www.visit-ulcinj.com\/blog\/wp-content\/uploads\/2016\/09\/Nazif-Cungu-Ulqin-Ulcinj.jpg\",\"width\":720,\"height\":610},{\"@type\":\"WebPage\",\"@id\":\"https:\/\/www.visit-ulcinj.com\/blog\/2016\/09\/23\/cungu-te-pezullohen-lejet-e-ndertimit-ne-lumin-buna\/#webpage\",\"url\":\"https:\/\/www.visit-ulcinj.com\/blog\/2016\/09\/23\/cungu-te-pezullohen-lejet-e-ndertimit-ne-lumin-buna\/\",\"name\":\"Cungu: T\u00eb pezullohen lejet e nd\u00ebrtimit n\u00eb lumin Buna - Lajme nga Ulqini\",\"isPartOf\":{\"@id\":\"https:\/\/www.visit-ulcinj.com\/blog\/#website\"},\"primaryImageOfPage\":{\"@id\":\"https:\/\/www.visit-ulcinj.com\/blog\/2016\/09\/23\/cungu-te-pezullohen-lejet-e-ndertimit-ne-lumin-buna\/#primaryimage\"},\"datePublished\":\"2016-09-23T12:47:26+00:00\",\"dateModified\":\"2016-09-24T12:05:45+00:00\",\"author\":{\"@id\":\"https:\/\/www.visit-ulcinj.com\/blog\/#\/schema\/person\/dcab619c614d3038751c63bc2aadc06d\"},\"description\":\"\u00a0T\u00eb pezullohen lejet e nd\u00ebrtimit derisa t\u00eb hartohet plani i ri n\u00eb lumin Buna Komuna e Ulqinit deklarohet\u00a0 p\u00ebr\u00a0 katalogun\u00a0 e objekteve t\u00eb p\u00ebrkoheshme\u00a0 n\u00eb\",\"breadcrumb\":{\"@id\":\"https:\/\/www.visit-ulcinj.com\/blog\/2016\/09\/23\/cungu-te-pezullohen-lejet-e-ndertimit-ne-lumin-buna\/#breadcrumb\"},\"inLanguage\":\"en-US\",\"potentialAction\":[{\"@type\":\"ReadAction\",\"target\":[\"https:\/\/www.visit-ulcinj.com\/blog\/2016\/09\/23\/cungu-te-pezullohen-lejet-e-ndertimit-ne-lumin-buna\/\"]}]},{\"@type\":\"BreadcrumbList\",\"@id\":\"https:\/\/www.visit-ulcinj.com\/blog\/2016\/09\/23\/cungu-te-pezullohen-lejet-e-ndertimit-ne-lumin-buna\/#breadcrumb\",\"itemListElement\":[{\"@type\":\"ListItem\",\"position\":1,\"name\":\"Cungu: T\u00eb pezullohen lejet e nd\u00ebrtimit n\u00eb lumin Buna\"}]},{\"@type\":\"Person\",\"@id\":\"https:\/\/www.visit-ulcinj.com\/blog\/#\/schema\/person\/dcab619c614d3038751c63bc2aadc06d\",\"name\":\"ulqini\",\"sameAs\":[\"http:\/\/www.visit-ulcinj.com\"],\"url\":\"https:\/\/www.visit-ulcinj.com\/blog\/author\/admin\/\"}]}<\/script>\n<!-- \/ Yoast SEO plugin. -->","yoast_head_json":{"title":"Cungu: T\u00eb pezullohen lejet e nd\u00ebrtimit n\u00eb lumin Buna - Lajme nga Ulqini","description":"\u00a0T\u00eb pezullohen lejet e nd\u00ebrtimit derisa t\u00eb hartohet plani i ri n\u00eb lumin Buna Komuna e Ulqinit deklarohet\u00a0 p\u00ebr\u00a0 katalogun\u00a0 e objekteve t\u00eb p\u00ebrkoheshme\u00a0 n\u00eb","robots":{"index":"index","follow":"follow","max-snippet":"max-snippet:-1","max-image-preview":"max-image-preview:large","max-video-preview":"max-video-preview:-1"},"canonical":"https:\/\/www.visit-ulcinj.com\/blog\/2016\/09\/23\/cungu-te-pezullohen-lejet-e-ndertimit-ne-lumin-buna\/","og_locale":"en_US","og_type":"article","og_title":"Cungu: T\u00eb pezullohen lejet e nd\u00ebrtimit n\u00eb lumin Buna - Lajme nga Ulqini","og_description":"\u00a0T\u00eb pezullohen lejet e nd\u00ebrtimit derisa t\u00eb hartohet plani i ri n\u00eb lumin Buna Komuna e Ulqinit deklarohet\u00a0 p\u00ebr\u00a0 katalogun\u00a0 e objekteve t\u00eb p\u00ebrkoheshme\u00a0 n\u00eb","og_url":"https:\/\/www.visit-ulcinj.com\/blog\/2016\/09\/23\/cungu-te-pezullohen-lejet-e-ndertimit-ne-lumin-buna\/","og_site_name":"Lajme nga Ulqini","article_published_time":"2016-09-23T12:47:26+00:00","article_modified_time":"2016-09-24T12:05:45+00:00","og_image":[{"url":"http:\/\/www.visit-ulcinj.com\/blog\/wp-content\/uploads\/2016\/09\/Nazif-Cungu-Ulqin-Ulcinj.jpg"}],"twitter_misc":{"Written by":"ulqini","Est. reading time":"1 minute"},"schema":{"@context":"https:\/\/schema.org","@graph":[{"@type":"WebSite","@id":"https:\/\/www.visit-ulcinj.com\/blog\/#website","url":"https:\/\/www.visit-ulcinj.com\/blog\/","name":"Lajme nga Ulqini","description":"Lajme,Vijesti,Ulqini,Ulqin,Crna Gora,Mali i Zi","potentialAction":[{"@type":"SearchAction","target":{"@type":"EntryPoint","urlTemplate":"https:\/\/www.visit-ulcinj.com\/blog\/?s={search_term_string}"},"query-input":"required name=search_term_string"}],"inLanguage":"en-US"},{"@type":"ImageObject","inLanguage":"en-US","@id":"https:\/\/www.visit-ulcinj.com\/blog\/2016\/09\/23\/cungu-te-pezullohen-lejet-e-ndertimit-ne-lumin-buna\/#primaryimage","url":"https:\/\/www.visit-ulcinj.com\/blog\/wp-content\/uploads\/2016\/09\/Nazif-Cungu-Ulqin-Ulcinj.jpg","contentUrl":"https:\/\/www.visit-ulcinj.com\/blog\/wp-content\/uploads\/2016\/09\/Nazif-Cungu-Ulqin-Ulcinj.jpg","width":720,"height":610},{"@type":"WebPage","@id":"https:\/\/www.visit-ulcinj.com\/blog\/2016\/09\/23\/cungu-te-pezullohen-lejet-e-ndertimit-ne-lumin-buna\/#webpage","url":"https:\/\/www.visit-ulcinj.com\/blog\/2016\/09\/23\/cungu-te-pezullohen-lejet-e-ndertimit-ne-lumin-buna\/","name":"Cungu: T\u00eb pezullohen lejet e nd\u00ebrtimit n\u00eb lumin Buna - Lajme nga Ulqini","isPartOf":{"@id":"https:\/\/www.visit-ulcinj.com\/blog\/#website"},"primaryImageOfPage":{"@id":"https:\/\/www.visit-ulcinj.com\/blog\/2016\/09\/23\/cungu-te-pezullohen-lejet-e-ndertimit-ne-lumin-buna\/#primaryimage"},"datePublished":"2016-09-23T12:47:26+00:00","dateModified":"2016-09-24T12:05:45+00:00","author":{"@id":"https:\/\/www.visit-ulcinj.com\/blog\/#\/schema\/person\/dcab619c614d3038751c63bc2aadc06d"},"description":"\u00a0T\u00eb pezullohen lejet e nd\u00ebrtimit derisa t\u00eb hartohet plani i ri n\u00eb lumin Buna Komuna e Ulqinit deklarohet\u00a0 p\u00ebr\u00a0 katalogun\u00a0 e objekteve t\u00eb p\u00ebrkoheshme\u00a0 n\u00eb","breadcrumb":{"@id":"https:\/\/www.visit-ulcinj.com\/blog\/2016\/09\/23\/cungu-te-pezullohen-lejet-e-ndertimit-ne-lumin-buna\/#breadcrumb"},"inLanguage":"en-US","potentialAction":[{"@type":"ReadAction","target":["https:\/\/www.visit-ulcinj.com\/blog\/2016\/09\/23\/cungu-te-pezullohen-lejet-e-ndertimit-ne-lumin-buna\/"]}]},{"@type":"BreadcrumbList","@id":"https:\/\/www.visit-ulcinj.com\/blog\/2016\/09\/23\/cungu-te-pezullohen-lejet-e-ndertimit-ne-lumin-buna\/#breadcrumb","itemListElement":[{"@type":"ListItem","position":1,"name":"Cungu: T\u00eb pezullohen lejet e nd\u00ebrtimit n\u00eb lumin Buna"}]},{"@type":"Person","@id":"https:\/\/www.visit-ulcinj.com\/blog\/#\/schema\/person\/dcab619c614d3038751c63bc2aadc06d","name":"ulqini","sameAs":["http:\/\/www.visit-ulcinj.com"],"url":"https:\/\/www.visit-ulcinj.com\/blog\/author\/admin\/"}]}},"jetpack_featured_media_url":"","jetpack_sharing_enabled":true,"jetpack_shortlink":"https:\/\/wp.me\/pe6lTn-pYY","_links":{"self":[{"href":"https:\/\/www.visit-ulcinj.com\/blog\/wp-json\/wp\/v2\/posts\/99880"}],"collection":[{"href":"https:\/\/www.visit-ulcinj.com\/blog\/wp-json\/wp\/v2\/posts"}],"about":[{"href":"https:\/\/www.visit-ulcinj.com\/blog\/wp-json\/wp\/v2\/types\/post"}],"author":[{"embeddable":true,"href":"https:\/\/www.visit-ulcinj.com\/blog\/wp-json\/wp\/v2\/users\/1"}],"replies":[{"embeddable":true,"href":"https:\/\/www.visit-ulcinj.com\/blog\/wp-json\/wp\/v2\/comments?post=99880"}],"version-history":[{"count":2,"href":"https:\/\/www.visit-ulcinj.com\/blog\/wp-json\/wp\/v2\/posts\/99880\/revisions"}],"predecessor-version":[{"id":99885,"href":"https:\/\/www.visit-ulcinj.com\/blog\/wp-json\/wp\/v2\/posts\/99880\/revisions\/99885"}],"wp:attachment":[{"href":"https:\/\/www.visit-ulcinj.com\/blog\/wp-json\/wp\/v2\/media?parent=99880"}],"wp:term":[{"taxonomy":"category","embeddable":true,"href":"https:\/\/www.visit-ulcinj.com\/blog\/wp-json\/wp\/v2\/categories?post=99880"},{"taxonomy":"post_tag","embeddable":true,"href":"https:\/\/www.visit-ulcinj.com\/blog\/wp-json\/wp\/v2\/tags?post=99880"}],"curies":[{"name":"wp","href":"https:\/\/api.w.org\/{rel}","templated":true}]}}