{"id":99886,"date":"2016-09-23T14:01:11","date_gmt":"2016-09-23T13:01:11","guid":{"rendered":"http:\/\/www.visit-ulcinj.com\/blog\/?p=99886"},"modified":"2016-09-23T14:01:11","modified_gmt":"2016-09-23T13:01:11","slug":"dolcinium-international-festival-ulqin-2016","status":"publish","type":"post","link":"https:\/\/www.visit-ulcinj.com\/blog\/2016\/09\/23\/dolcinium-international-festival-ulqin-2016\/","title":{"rendered":"D\u2019olcinium International Festival Ulqin 2016"},"content":{"rendered":"<p><a href=\"http:\/\/www.visit-ulcinj.com\/blog\/wp-content\/uploads\/2016\/09\/D\u2019olcinium-International-Festival-Ulqin-Ulcinj-Montenegro.jpg\"><img loading=\"lazy\" class=\"alignleft wp-image-99887\" src=\"http:\/\/www.visit-ulcinj.com\/blog\/wp-content\/uploads\/2016\/09\/D\u2019olcinium-International-Festival-Ulqin-Ulcinj-Montenegro.jpg\" alt=\"D\u2019olcinium International Festival - Ulqin-Ulcinj-Montenegro\" width=\"508\" height=\"339\" srcset=\"https:\/\/www.visit-ulcinj.com\/blog\/wp-content\/uploads\/2016\/09\/D\u2019olcinium-International-Festival-Ulqin-Ulcinj-Montenegro.jpg 927w, https:\/\/www.visit-ulcinj.com\/blog\/wp-content\/uploads\/2016\/09\/D\u2019olcinium-International-Festival-Ulqin-Ulcinj-Montenegro-300x200.jpg 300w, https:\/\/www.visit-ulcinj.com\/blog\/wp-content\/uploads\/2016\/09\/D\u2019olcinium-International-Festival-Ulqin-Ulcinj-Montenegro-768x512.jpg 768w\" sizes=\"(max-width: 508px) 100vw, 508px\" \/><\/a>Po ju njoftojme edhe njehere qe, Organizata Turistike e Ulqinit ne bashk\u00ebpunim me Komun\u00ebn, dhe afarist\u00ebt e Ulqinit p\u00ebr her\u00eb t\u00eb tret\u00eb do t\u00eb organizoj manifestimin D\u2019olcinium International Festival q\u00eb do t\u00eb mbahet prej 23 deri me 25 shtator 2016.<br \/>\nMe k\u00ebt\u00eb manifestim\u00a0 nj\u00ebkoh\u00ebsisht do t\u00eb filloje me promovimin e ofert\u00ebs turistike p\u00ebr vitin e ardhsh\u00ebm 2017.<br \/>\nQellimi i k\u00ebtij manifestimi \u00ebsht\u00eb edhe prezentimi i vlerave kulturore dhe folklorike te Ulqinit dhe rajonit ne nj\u00eb vend.<\/p>\n<p>Manifestimi do t\u00eb filloj me 23 shtator ku do behet pritja e mysafireve dhe akomodimi i tyre. Me date 24 shtator do t\u00eb ket\u00eb program artistik per te gjithe te pranishmit dhe\u00a0 do t\u00eb vazhdoj me defilen e grupeve folklorike n\u00eb ora 18.00h nga Plazha e vogel deri n\u00eb Qend\u00ebr p\u00ebr kulture ku edhe do te mbahet koncerti me fillim ne ora 19.00h.<\/p>\n<p>Nata finale e koncertit folklorik do t\u00eb mbahet me 25 shtator poashtu n\u00eb Qend\u00ebr p\u00ebr kultur\u00eb me fillim ne ora 19.00h ku pas koncertit do kemi nje koktej per te gjithe pjesemarresit dhe perfaqsuesit e mediave. Kokteji do filloj ne ora 21:30 ne Hotelin Mediteran.<\/p>\n<p>Qyteti do te jete perseri i zbukuruar me kostume, etno detaje dhe muzike tradicionale, sepse ky festival per cdo vit ka nje numer me te madh te pjesemarresve sic jane nga Mali i zi, Serbia, Bosnja dhe Hercegovina, Kroacia, Kosova, Shqiperia, Rumania, Turqia etj etj.<br \/>\nMire se vini !!!<\/p>\n<p><a href=\"http:\/\/www.visit-ulcinj.com\/blog\/wp-content\/uploads\/2016\/09\/D\u2019olcinium-International-Festival-Ulqin-Ulcinj-Montenegro-1.jpg\"><img loading=\"lazy\" class=\"alignleft wp-image-99888\" src=\"http:\/\/www.visit-ulcinj.com\/blog\/wp-content\/uploads\/2016\/09\/D\u2019olcinium-International-Festival-Ulqin-Ulcinj-Montenegro-1.jpg\" alt=\"D\u2019olcinium International Festival - Ulqin-Ulcinj-Montenegro-1\" width=\"508\" height=\"338\" srcset=\"https:\/\/www.visit-ulcinj.com\/blog\/wp-content\/uploads\/2016\/09\/D\u2019olcinium-International-Festival-Ulqin-Ulcinj-Montenegro-1.jpg 930w, https:\/\/www.visit-ulcinj.com\/blog\/wp-content\/uploads\/2016\/09\/D\u2019olcinium-International-Festival-Ulqin-Ulcinj-Montenegro-1-300x199.jpg 300w, https:\/\/www.visit-ulcinj.com\/blog\/wp-content\/uploads\/2016\/09\/D\u2019olcinium-International-Festival-Ulqin-Ulcinj-Montenegro-1-768x510.jpg 768w\" sizes=\"(max-width: 508px) 100vw, 508px\" \/><\/a><\/p>\n<p><a href=\"http:\/\/www.visit-ulcinj.com\/blog\/wp-content\/uploads\/2016\/09\/D\u2019olcinium-International-Festival-Ulqin-Ulcinj-Montenegro-2.jpg\"><img loading=\"lazy\" class=\"alignleft wp-image-99889\" src=\"http:\/\/www.visit-ulcinj.com\/blog\/wp-content\/uploads\/2016\/09\/D\u2019olcinium-International-Festival-Ulqin-Ulcinj-Montenegro-2.jpg\" alt=\"D\u2019olcinium International Festival - Ulqin-Ulcinj-Montenegro-2\" width=\"508\" height=\"764\" srcset=\"https:\/\/www.visit-ulcinj.com\/blog\/wp-content\/uploads\/2016\/09\/D\u2019olcinium-International-Festival-Ulqin-Ulcinj-Montenegro-2.jpg 411w, https:\/\/www.visit-ulcinj.com\/blog\/wp-content\/uploads\/2016\/09\/D\u2019olcinium-International-Festival-Ulqin-Ulcinj-Montenegro-2-200x300.jpg 200w\" sizes=\"(max-width: 508px) 100vw, 508px\" \/><\/a><\/p>\n<p><a href=\"http:\/\/www.visit-ulcinj.com\/blog\/wp-content\/uploads\/2016\/09\/D\u2019olcinium-International-Festival-Ulqin-Ulcinj-Montenegro-3.jpg\"><img loading=\"lazy\" class=\"alignleft wp-image-99890\" src=\"http:\/\/www.visit-ulcinj.com\/blog\/wp-content\/uploads\/2016\/09\/D\u2019olcinium-International-Festival-Ulqin-Ulcinj-Montenegro-3.jpg\" alt=\"D\u2019olcinium International Festival - Ulqin-Ulcinj-Montenegro-3\" width=\"508\" height=\"764\" srcset=\"https:\/\/www.visit-ulcinj.com\/blog\/wp-content\/uploads\/2016\/09\/D\u2019olcinium-International-Festival-Ulqin-Ulcinj-Montenegro-3.jpg 411w, https:\/\/www.visit-ulcinj.com\/blog\/wp-content\/uploads\/2016\/09\/D\u2019olcinium-International-Festival-Ulqin-Ulcinj-Montenegro-3-200x300.jpg 200w\" sizes=\"(max-width: 508px) 100vw, 508px\" \/><\/a><\/p>\n","protected":false},"excerpt":{"rendered":"<p>Po ju njoftojme edhe njehere qe, Organizata Turistike e Ulqinit ne bashk\u00ebpunim me Komun\u00ebn, dhe afarist\u00ebt e Ulqinit p\u00ebr her\u00eb t\u00eb tret\u00eb do t\u00eb organizoj manifestimin D\u2019olcinium International Festival q\u00eb do t\u00eb mbahet prej 23 deri me 25 shtator 2016. Me k\u00ebt\u00eb manifestim\u00a0 nj\u00ebkoh\u00ebsisht do t\u00eb filloje me promovimin e ofert\u00ebs turistike p\u00ebr vitin e [&hellip;]<\/p>\n","protected":false},"author":1,"featured_media":0,"comment_status":"closed","ping_status":"closed","sticky":false,"template":"","format":"standard","meta":{"spay_email":"","jetpack_publicize_message":"","jetpack_is_tweetstorm":false,"jetpack_publicize_feature_enabled":true},"categories":[15],"tags":[],"jetpack_publicize_connections":[],"yoast_head":"<!-- This site is optimized with the Yoast SEO plugin v19.1 - https:\/\/yoast.com\/wordpress\/plugins\/seo\/ -->\n<title>D\u2019olcinium International Festival Ulqin 2016 - Lajme nga Ulqini<\/title>\n<meta name=\"description\" content=\"Po ju njoftojme edhe njehere qe, Organizata Turistike e Ulqinit ne bashk\u00ebpunim me Komun\u00ebn, dhe afarist\u00ebt e Ulqinit p\u00ebr her\u00eb t\u00eb tret\u00eb do t\u00eb organizoj\" \/>\n<meta name=\"robots\" content=\"index, follow, max-snippet:-1, max-image-preview:large, max-video-preview:-1\" \/>\n<link rel=\"canonical\" href=\"https:\/\/www.visit-ulcinj.com\/blog\/2016\/09\/23\/dolcinium-international-festival-ulqin-2016\/\" \/>\n<meta property=\"og:locale\" content=\"en_US\" \/>\n<meta property=\"og:type\" content=\"article\" \/>\n<meta property=\"og:title\" content=\"D\u2019olcinium International Festival Ulqin 2016 - Lajme nga Ulqini\" \/>\n<meta property=\"og:description\" content=\"Po ju njoftojme edhe njehere qe, Organizata Turistike e Ulqinit ne bashk\u00ebpunim me Komun\u00ebn, dhe afarist\u00ebt e Ulqinit p\u00ebr her\u00eb t\u00eb tret\u00eb do t\u00eb organizoj\" \/>\n<meta property=\"og:url\" content=\"https:\/\/www.visit-ulcinj.com\/blog\/2016\/09\/23\/dolcinium-international-festival-ulqin-2016\/\" \/>\n<meta property=\"og:site_name\" content=\"Lajme nga Ulqini\" \/>\n<meta property=\"article:published_time\" content=\"2016-09-23T13:01:11+00:00\" \/>\n<meta name=\"twitter:label1\" content=\"Written by\" \/>\n\t<meta name=\"twitter:data1\" content=\"ulqini\" \/>\n\t<meta name=\"twitter:label2\" content=\"Est. reading time\" \/>\n\t<meta name=\"twitter:data2\" content=\"1 minute\" \/>\n<script type=\"application\/ld+json\" class=\"yoast-schema-graph\">{\"@context\":\"https:\/\/schema.org\",\"@graph\":[{\"@type\":\"WebSite\",\"@id\":\"https:\/\/www.visit-ulcinj.com\/blog\/#website\",\"url\":\"https:\/\/www.visit-ulcinj.com\/blog\/\",\"name\":\"Lajme nga Ulqini\",\"description\":\"Lajme,Vijesti,Ulqini,Ulqin,Crna Gora,Mali i Zi\",\"potentialAction\":[{\"@type\":\"SearchAction\",\"target\":{\"@type\":\"EntryPoint\",\"urlTemplate\":\"https:\/\/www.visit-ulcinj.com\/blog\/?s={search_term_string}\"},\"query-input\":\"required name=search_term_string\"}],\"inLanguage\":\"en-US\"},{\"@type\":\"WebPage\",\"@id\":\"https:\/\/www.visit-ulcinj.com\/blog\/2016\/09\/23\/dolcinium-international-festival-ulqin-2016\/#webpage\",\"url\":\"https:\/\/www.visit-ulcinj.com\/blog\/2016\/09\/23\/dolcinium-international-festival-ulqin-2016\/\",\"name\":\"D\u2019olcinium International Festival Ulqin 2016 - Lajme nga Ulqini\",\"isPartOf\":{\"@id\":\"https:\/\/www.visit-ulcinj.com\/blog\/#website\"},\"datePublished\":\"2016-09-23T13:01:11+00:00\",\"dateModified\":\"2016-09-23T13:01:11+00:00\",\"author\":{\"@id\":\"https:\/\/www.visit-ulcinj.com\/blog\/#\/schema\/person\/dcab619c614d3038751c63bc2aadc06d\"},\"description\":\"Po ju njoftojme edhe njehere qe, Organizata Turistike e Ulqinit ne bashk\u00ebpunim me Komun\u00ebn, dhe afarist\u00ebt e Ulqinit p\u00ebr her\u00eb t\u00eb tret\u00eb do t\u00eb organizoj\",\"breadcrumb\":{\"@id\":\"https:\/\/www.visit-ulcinj.com\/blog\/2016\/09\/23\/dolcinium-international-festival-ulqin-2016\/#breadcrumb\"},\"inLanguage\":\"en-US\",\"potentialAction\":[{\"@type\":\"ReadAction\",\"target\":[\"https:\/\/www.visit-ulcinj.com\/blog\/2016\/09\/23\/dolcinium-international-festival-ulqin-2016\/\"]}]},{\"@type\":\"BreadcrumbList\",\"@id\":\"https:\/\/www.visit-ulcinj.com\/blog\/2016\/09\/23\/dolcinium-international-festival-ulqin-2016\/#breadcrumb\",\"itemListElement\":[{\"@type\":\"ListItem\",\"position\":1,\"name\":\"D\u2019olcinium International Festival Ulqin 2016\"}]},{\"@type\":\"Person\",\"@id\":\"https:\/\/www.visit-ulcinj.com\/blog\/#\/schema\/person\/dcab619c614d3038751c63bc2aadc06d\",\"name\":\"ulqini\",\"sameAs\":[\"http:\/\/www.visit-ulcinj.com\"],\"url\":\"https:\/\/www.visit-ulcinj.com\/blog\/author\/admin\/\"}]}<\/script>\n<!-- \/ Yoast SEO plugin. -->","yoast_head_json":{"title":"D\u2019olcinium International Festival Ulqin 2016 - Lajme nga Ulqini","description":"Po ju njoftojme edhe njehere qe, Organizata Turistike e Ulqinit ne bashk\u00ebpunim me Komun\u00ebn, dhe afarist\u00ebt e Ulqinit p\u00ebr her\u00eb t\u00eb tret\u00eb do t\u00eb organizoj","robots":{"index":"index","follow":"follow","max-snippet":"max-snippet:-1","max-image-preview":"max-image-preview:large","max-video-preview":"max-video-preview:-1"},"canonical":"https:\/\/www.visit-ulcinj.com\/blog\/2016\/09\/23\/dolcinium-international-festival-ulqin-2016\/","og_locale":"en_US","og_type":"article","og_title":"D\u2019olcinium International Festival Ulqin 2016 - Lajme nga Ulqini","og_description":"Po ju njoftojme edhe njehere qe, Organizata Turistike e Ulqinit ne bashk\u00ebpunim me Komun\u00ebn, dhe afarist\u00ebt e Ulqinit p\u00ebr her\u00eb t\u00eb tret\u00eb do t\u00eb organizoj","og_url":"https:\/\/www.visit-ulcinj.com\/blog\/2016\/09\/23\/dolcinium-international-festival-ulqin-2016\/","og_site_name":"Lajme nga Ulqini","article_published_time":"2016-09-23T13:01:11+00:00","twitter_misc":{"Written by":"ulqini","Est. reading time":"1 minute"},"schema":{"@context":"https:\/\/schema.org","@graph":[{"@type":"WebSite","@id":"https:\/\/www.visit-ulcinj.com\/blog\/#website","url":"https:\/\/www.visit-ulcinj.com\/blog\/","name":"Lajme nga Ulqini","description":"Lajme,Vijesti,Ulqini,Ulqin,Crna Gora,Mali i Zi","potentialAction":[{"@type":"SearchAction","target":{"@type":"EntryPoint","urlTemplate":"https:\/\/www.visit-ulcinj.com\/blog\/?s={search_term_string}"},"query-input":"required name=search_term_string"}],"inLanguage":"en-US"},{"@type":"WebPage","@id":"https:\/\/www.visit-ulcinj.com\/blog\/2016\/09\/23\/dolcinium-international-festival-ulqin-2016\/#webpage","url":"https:\/\/www.visit-ulcinj.com\/blog\/2016\/09\/23\/dolcinium-international-festival-ulqin-2016\/","name":"D\u2019olcinium International Festival Ulqin 2016 - Lajme nga Ulqini","isPartOf":{"@id":"https:\/\/www.visit-ulcinj.com\/blog\/#website"},"datePublished":"2016-09-23T13:01:11+00:00","dateModified":"2016-09-23T13:01:11+00:00","author":{"@id":"https:\/\/www.visit-ulcinj.com\/blog\/#\/schema\/person\/dcab619c614d3038751c63bc2aadc06d"},"description":"Po ju njoftojme edhe njehere qe, Organizata Turistike e Ulqinit ne bashk\u00ebpunim me Komun\u00ebn, dhe afarist\u00ebt e Ulqinit p\u00ebr her\u00eb t\u00eb tret\u00eb do t\u00eb organizoj","breadcrumb":{"@id":"https:\/\/www.visit-ulcinj.com\/blog\/2016\/09\/23\/dolcinium-international-festival-ulqin-2016\/#breadcrumb"},"inLanguage":"en-US","potentialAction":[{"@type":"ReadAction","target":["https:\/\/www.visit-ulcinj.com\/blog\/2016\/09\/23\/dolcinium-international-festival-ulqin-2016\/"]}]},{"@type":"BreadcrumbList","@id":"https:\/\/www.visit-ulcinj.com\/blog\/2016\/09\/23\/dolcinium-international-festival-ulqin-2016\/#breadcrumb","itemListElement":[{"@type":"ListItem","position":1,"name":"D\u2019olcinium International Festival Ulqin 2016"}]},{"@type":"Person","@id":"https:\/\/www.visit-ulcinj.com\/blog\/#\/schema\/person\/dcab619c614d3038751c63bc2aadc06d","name":"ulqini","sameAs":["http:\/\/www.visit-ulcinj.com"],"url":"https:\/\/www.visit-ulcinj.com\/blog\/author\/admin\/"}]}},"jetpack_featured_media_url":"","jetpack_sharing_enabled":true,"jetpack_shortlink":"https:\/\/wp.me\/pe6lTn-pZ4","_links":{"self":[{"href":"https:\/\/www.visit-ulcinj.com\/blog\/wp-json\/wp\/v2\/posts\/99886"}],"collection":[{"href":"https:\/\/www.visit-ulcinj.com\/blog\/wp-json\/wp\/v2\/posts"}],"about":[{"href":"https:\/\/www.visit-ulcinj.com\/blog\/wp-json\/wp\/v2\/types\/post"}],"author":[{"embeddable":true,"href":"https:\/\/www.visit-ulcinj.com\/blog\/wp-json\/wp\/v2\/users\/1"}],"replies":[{"embeddable":true,"href":"https:\/\/www.visit-ulcinj.com\/blog\/wp-json\/wp\/v2\/comments?post=99886"}],"version-history":[{"count":1,"href":"https:\/\/www.visit-ulcinj.com\/blog\/wp-json\/wp\/v2\/posts\/99886\/revisions"}],"predecessor-version":[{"id":99891,"href":"https:\/\/www.visit-ulcinj.com\/blog\/wp-json\/wp\/v2\/posts\/99886\/revisions\/99891"}],"wp:attachment":[{"href":"https:\/\/www.visit-ulcinj.com\/blog\/wp-json\/wp\/v2\/media?parent=99886"}],"wp:term":[{"taxonomy":"category","embeddable":true,"href":"https:\/\/www.visit-ulcinj.com\/blog\/wp-json\/wp\/v2\/categories?post=99886"},{"taxonomy":"post_tag","embeddable":true,"href":"https:\/\/www.visit-ulcinj.com\/blog\/wp-json\/wp\/v2\/tags?post=99886"}],"curies":[{"name":"wp","href":"https:\/\/api.w.org\/{rel}","templated":true}]}}