{"id":99903,"date":"2016-09-24T17:29:58","date_gmt":"2016-09-24T16:29:58","guid":{"rendered":"http:\/\/www.visit-ulcinj.com\/blog\/?p=99903"},"modified":"2016-09-25T08:10:52","modified_gmt":"2016-09-25T07:10:52","slug":"presidenti-nishani-dekoron-frank-shkrelin","status":"publish","type":"post","link":"https:\/\/www.visit-ulcinj.com\/blog\/2016\/09\/24\/presidenti-nishani-dekoron-frank-shkrelin\/","title":{"rendered":"Presidenti Nishani dekoron Frank Shkrelin &#8211; Video"},"content":{"rendered":"<p><strong><a href=\"http:\/\/www.visit-ulcinj.com\/blog\/wp-content\/uploads\/2016\/09\/Dekorimi-nga-Prezidenti-Nishani-Frank-Shkreli-.jpg\"><img loading=\"lazy\" class=\"alignleft wp-image-99904\" src=\"http:\/\/www.visit-ulcinj.com\/blog\/wp-content\/uploads\/2016\/09\/Dekorimi-nga-Prezidenti-Nishani-Frank-Shkreli-.jpg\" alt=\"Dekorimi-nga-Prezidenti-Nishani-Frank-Shkreli-\" width=\"508\" height=\"340\" srcset=\"https:\/\/www.visit-ulcinj.com\/blog\/wp-content\/uploads\/2016\/09\/Dekorimi-nga-Prezidenti-Nishani-Frank-Shkreli-.jpg 840w, https:\/\/www.visit-ulcinj.com\/blog\/wp-content\/uploads\/2016\/09\/Dekorimi-nga-Prezidenti-Nishani-Frank-Shkreli--300x201.jpg 300w, https:\/\/www.visit-ulcinj.com\/blog\/wp-content\/uploads\/2016\/09\/Dekorimi-nga-Prezidenti-Nishani-Frank-Shkreli--768x514.jpg 768w\" sizes=\"(max-width: 508px) 100vw, 508px\" \/><\/a><\/strong><\/p>\n<p style=\"text-align: center;\"><strong>\u00a0\u00a0\u00a0\u00a0\u00a0\u00a0\u00a0\u00a0\u00a0\u00a0\u00a0\u00a0\u00a0\u00a0\u00a0\u00a0\u00a0\u00a0 \u00a0\u00a0\u00a0\u00a0\u00a0FJALA ME RASTIN E DEKORIMIT<\/strong><\/p>\n<p><strong>Nga Frank Shkreli<\/strong><\/p>\n<p><strong>\u00a0<\/strong><\/p>\n<p>I nderuar President Nishani, q\u00ebndroj para Jush me p\u00ebrvujt\u00ebrin\u00eb m\u00eb t\u00eb thell\u00eb p\u00ebr nderin q\u00eb m\u00eb keni b\u00ebr\u00eb, duke Ju falenderuar nga zem\u00ebra p\u00ebr k\u00ebt\u00eb dekorat\u00eb, t\u00eb cil\u00ebn sinqerisht nuk e prisja p\u00ebr arsyen se nuk e konsideroj veten t\u00eb merituar p\u00ebr nj\u00eb nderim t\u00eb till\u00eb t\u00eb lart\u00eb, nga Shk\u00eblq\u00ebsia Juaj.\u00a0 \u00a0Sepse jam p\u00ebrpjekur t\u00eb gjith\u00eb jet\u00ebn, n\u00eb heshtje dhe pa buj\u00eb, t\u00eb kryeja detyrat me p\u00ebrvujt\u00ebri, pa pretendime p\u00ebr vler\u00ebsime ose shp\u00ebrblime si ky.\u00a0\u00a0 Por e pranoj vler\u00ebsimin Tuaj, me mir\u00ebnjohjen m\u00eb t\u00eb thell\u00eb, p\u00ebr Ju Zoti President, p\u00ebr shtetin shqiptar q\u00eb ju p\u00ebrfaq\u00ebsoni, por edhe ndaj atyre q\u00eb kan\u00eb b\u00ebr\u00eb rekomandimin.<\/p>\n<p><a href=\"http:\/\/www.visit-ulcinj.com\/blog\/wp-content\/uploads\/2016\/09\/Dekorimi-nga-Prezidenti-Nishani-Frank-Shkreli-3.jpg\"><img loading=\"lazy\" class=\"alignleft wp-image-99906\" src=\"http:\/\/www.visit-ulcinj.com\/blog\/wp-content\/uploads\/2016\/09\/Dekorimi-nga-Prezidenti-Nishani-Frank-Shkreli-3.jpg\" alt=\"Dekorimi-nga-Prezidenti-Nishani-Frank-Shkreli-3\" width=\"508\" height=\"677\" srcset=\"https:\/\/www.visit-ulcinj.com\/blog\/wp-content\/uploads\/2016\/09\/Dekorimi-nga-Prezidenti-Nishani-Frank-Shkreli-3.jpg 464w, https:\/\/www.visit-ulcinj.com\/blog\/wp-content\/uploads\/2016\/09\/Dekorimi-nga-Prezidenti-Nishani-Frank-Shkreli-3-225x300.jpg 225w\" sizes=\"(max-width: 508px) 100vw, 508px\" \/><\/a><\/p>\n<p>E ndjej\u00eb veten t\u00eb privilegjuar gjithashtu edhe si pjes\u00ebtar i komunitetit shqiptaro-amerikan.\u00a0 Nuk ka privilegj m\u00eb t\u00eb madh p\u00ebr nj\u00eb shqiptaro-amerikan q\u00eb n\u00eb k\u00ebt\u00eb m\u00ebnyr\u00eb, t\u00eb ket\u00eb patur mund\u00ebsin\u00eb t\u00eb jap\u00eb kontributin e vet &#8212; megjith\u00ebse tep\u00ebr modest &#8212; n\u00eb nd\u00ebrtimin e urave dhe n\u00eb ruajtjen e miq\u00ebsis\u00eb historike midis dy popujve tan\u00eb.<\/p>\n<p>&nbsp;<\/p>\n<p>Zoti President, n\u00ebqoftse m\u00eb lejoni, d\u00ebshiroj t\u2019ju shpreh mir\u00ebnjohjen time personale p\u00ebr kujdesin dhe p\u00ebrkushtimin q\u00eb kini treguar si President i Shqip\u00ebris\u00eb ndaj fatit t\u00eb keq dhe ndaj vuajtjeve t\u00eb t\u00eb p\u00ebrndjekurve t\u00eb regjimit enverist.\u00a0\u00a0 Interesimi Juaj p\u00ebr \u2018ta i sh\u00ebrben pajtimit komb\u00ebtar dhe sh\u00ebrimit t\u00eb plag\u00ebve \u2013 p\u00ebr t\u00eb cilat Shqip\u00ebria dhe kombi shqiptar kan\u00eb aq shum\u00eb nevoj\u00eb.<\/p>\n<p><a href=\"http:\/\/www.visit-ulcinj.com\/blog\/wp-content\/uploads\/2016\/09\/Dekorimi-nga-Prezidenti-Nishani-Frank-Shkreli-1.jpg\"><img loading=\"lazy\" class=\"alignleft wp-image-99907\" src=\"http:\/\/www.visit-ulcinj.com\/blog\/wp-content\/uploads\/2016\/09\/Dekorimi-nga-Prezidenti-Nishani-Frank-Shkreli-1.jpg\" alt=\"Dekorimi-nga-Prezidenti-Nishani-Frank-Shkreli-1\" width=\"508\" height=\"339\" srcset=\"https:\/\/www.visit-ulcinj.com\/blog\/wp-content\/uploads\/2016\/09\/Dekorimi-nga-Prezidenti-Nishani-Frank-Shkreli-1.jpg 840w, https:\/\/www.visit-ulcinj.com\/blog\/wp-content\/uploads\/2016\/09\/Dekorimi-nga-Prezidenti-Nishani-Frank-Shkreli-1-300x200.jpg 300w, https:\/\/www.visit-ulcinj.com\/blog\/wp-content\/uploads\/2016\/09\/Dekorimi-nga-Prezidenti-Nishani-Frank-Shkreli-1-768x512.jpg 768w\" sizes=\"(max-width: 508px) 100vw, 508px\" \/><\/a><\/p>\n<p>Zoti President, si nj\u00eb shqiptaro-amerikan i lindur n\u00eb trojet shqiptare n\u00ebn Malin e Zi, d\u00ebshiroj t\u2019ju p\u00ebrsh\u00ebndes gjithashtu edhe p\u00ebr kujdesin v\u00ebllaz\u00ebror q\u00eb kini treguar p\u00ebr gjendjen e Shqiptar\u00ebve n\u00eb trojet shqiptare dhe m\u00eb larg. \u00a0\u00a0Interesimi dhe kujdesi p\u00ebr fatin madje edhe t\u00eb nj\u00eb shqiptari kudoqoft\u00eb \u2013 \u00ebsht\u00eb interesim p\u00ebr t\u00eb gjith\u00eb shqiptar\u00ebt kudo q\u00eb ata jetojn\u00eb.\u00a0\u00a0 P\u00ebr k\u00ebt\u00eb u jemi mir\u00ebnjoh\u00ebs.<\/p>\n<p>&nbsp;<\/p>\n<p>Gjithashtu, ndon\u00ebse jetoj p\u00ebr pothuaj nj\u00eb gjys\u00ebm shekulli n\u00eb Amerik\u00eb, identiteti im mbetet ai i Shkrelit dhe i Mal\u00ebsis\u00eb s\u00eb Madhe.\u00a0 Ju, Z. President, ndryshe nga t\u00eb tjer\u00ebt, gjat\u00eb mandatit tuaj kini treguar gjithashtu v\u00ebmendjen e ve\u00e7ant\u00eb ndaj Mal\u00ebsis\u00eb s\u00eb Madhe \u2013 nj\u00eb krahin\u00eb e vuajtur dhe e presekutuar p\u00ebr gjys\u00ebm shekulli nga regjimi komunist enverist &#8212; dhe kini vler\u00ebsuar vuajtjet dhe kontributin komb\u00ebtar t\u00eb k\u00ebsaj krahine gjat\u00eb historis\u00eb.\u00a0\u00a0 Me vler\u00ebsimet q\u00eb i kini b\u00ebr\u00eb k\u00ebsaj mburoje shekullore t\u00eb kombit, kund\u00ebr armiq\u00ebve historik\u00eb t\u00eb shqiptar\u00ebve, Ju Zoti President kini nderuar veten, por mbi t\u00eb gjitha kini nderuar kombin, sepse historia e Mal\u00ebsis\u00eb s\u00eb Madhe \u00ebsht\u00eb historia e kombit shqiptar.<\/p>\n<p>&nbsp;<\/p>\n<p>I nderuar Zoti President, megjith\u00eb problemet me t\u00eb cilat po p\u00ebrballen shqiptar\u00ebt gjat\u00eb 25 viteve t\u00eb fundit, sfida t\u00eb cilat miku im i ngusht\u00eb dhe kolegu prej shum\u00eb dekadash, Dr. Elez Biberaj \u2013 t\u00eb cilin e falenderoj nga zemra p\u00ebr pjesmarrjen me bashkshorten Kadiren n\u00eb k\u00ebt\u00eb ceremoni, shprehet se ato jan\u00eb \u201cprobleme t\u00eb rritjes\u201d.<\/p>\n<p>&nbsp;<\/p>\n<p>Duhet t\u00eb mbetemi optimist\u00eb se megjith\u00eb problemet me t\u00eb cilat p\u00ebrballen sot shqiptar\u00ebt, kombi shqiptar do t\u00eb dal\u00eb ngadhnjyes.\u00a0 Sepse &#8212; si\u00e7 \u00ebsht\u00eb shprehur shkrimtari Ismail Kadare me rastin e Sh\u00ebnjt\u00ebrimit t\u00eb N\u00ebn\u00eb Terez\u00ebs &#8212; \u201cGjergj Kastrioti, simbol i vullnetit ton\u00eb p\u00ebr liri dhe qytet\u00ebrim evropian, libri i Gjon Buzukut, m\u00ebshirimi i etjes s\u00eb shqiptar\u00ebve p\u00ebr kultur\u00eb dhe drit\u00eb dhe N\u00ebn\u00eb Tereza &#8212; m\u00ebshirimi yn\u00eb i madh i harmonis\u00eb, p\u00ebrd\u00ebllimit dhe dashuris\u00eb p\u00ebr popujt dhe njer\u00ebzimin mbar\u00eb &#8212; jan\u00eb vlerat tona morale ato q\u00eb do t\u00eb na shoq\u00ebrojn\u00eb p\u00ebrher\u00eb n\u00eb rrug\u00ebtimin ton\u00eb t\u00eb madh\u201d.<\/p>\n<p><a href=\"http:\/\/www.visit-ulcinj.com\/blog\/wp-content\/uploads\/2016\/09\/Dekorimi-nga-Prezidenti-Nishani-Frank-Shkreli-2.jpg\"><img loading=\"lazy\" class=\"alignleft wp-image-99909\" src=\"http:\/\/www.visit-ulcinj.com\/blog\/wp-content\/uploads\/2016\/09\/Dekorimi-nga-Prezidenti-Nishani-Frank-Shkreli-2.jpg\" alt=\"Dekorimi-nga-Prezidenti-Nishani-Frank-Shkreli-2\" width=\"508\" height=\"319\" srcset=\"https:\/\/www.visit-ulcinj.com\/blog\/wp-content\/uploads\/2016\/09\/Dekorimi-nga-Prezidenti-Nishani-Frank-Shkreli-2.jpg 840w, https:\/\/www.visit-ulcinj.com\/blog\/wp-content\/uploads\/2016\/09\/Dekorimi-nga-Prezidenti-Nishani-Frank-Shkreli-2-300x188.jpg 300w, https:\/\/www.visit-ulcinj.com\/blog\/wp-content\/uploads\/2016\/09\/Dekorimi-nga-Prezidenti-Nishani-Frank-Shkreli-2-768x482.jpg 768w\" sizes=\"(max-width: 508px) 100vw, 508px\" \/><\/a><\/p>\n<p>Zoti President, edhe nj\u00ebher\u00eb u fal\u00ebnderoj nga zem\u00ebra p\u00ebr vler\u00ebsimin duke uruar q\u00eb t\u00eb jeni p\u00ebrher\u00eb t\u00eb nderuar dhe q\u00eb kombi shqiptar t\u00eb jet\u00eb gjithmon\u00eb i bekuar nga i Madhi Zot dhe i nderuar nd\u00ebr shekuj.<\/p>\n<p>E p\u00ebrjet\u00ebshme qoft\u00eb miq\u00ebsia midis kombit shqiptar dhe kombit amerikan!<\/p>\n<p>Frank Shkreli<\/p>\n<!--YouTube Error: bad URL entered-->\n<p>&nbsp;<\/p>\n","protected":false},"excerpt":{"rendered":"<p>\u00a0\u00a0\u00a0\u00a0\u00a0\u00a0\u00a0\u00a0\u00a0\u00a0\u00a0\u00a0\u00a0\u00a0\u00a0\u00a0\u00a0\u00a0 \u00a0\u00a0\u00a0\u00a0\u00a0FJALA ME RASTIN E DEKORIMIT Nga Frank Shkreli \u00a0 I nderuar President Nishani, q\u00ebndroj para Jush me p\u00ebrvujt\u00ebrin\u00eb m\u00eb t\u00eb thell\u00eb p\u00ebr nderin q\u00eb m\u00eb keni b\u00ebr\u00eb, duke Ju falenderuar nga zem\u00ebra p\u00ebr k\u00ebt\u00eb dekorat\u00eb, t\u00eb cil\u00ebn sinqerisht nuk e prisja p\u00ebr arsyen se nuk e konsideroj veten t\u00eb merituar p\u00ebr nj\u00eb nderim t\u00eb [&hellip;]<\/p>\n","protected":false},"author":1,"featured_media":0,"comment_status":"closed","ping_status":"closed","sticky":false,"template":"","format":"standard","meta":{"spay_email":"","jetpack_publicize_message":"","jetpack_is_tweetstorm":false,"jetpack_publicize_feature_enabled":true},"categories":[7],"tags":[],"jetpack_publicize_connections":[],"yoast_head":"<!-- This site is optimized with the Yoast SEO plugin v19.1 - https:\/\/yoast.com\/wordpress\/plugins\/seo\/ -->\n<title>Presidenti Nishani dekoron Frank Shkrelin - Video - Lajme nga Ulqini<\/title>\n<meta name=\"description\" content=\"\u00a0\u00a0\u00a0\u00a0\u00a0\u00a0\u00a0\u00a0\u00a0\u00a0\u00a0\u00a0\u00a0\u00a0\u00a0\u00a0\u00a0\u00a0 \u00a0\u00a0\u00a0\u00a0\u00a0FJALA ME RASTIN E DEKORIMIT Nga Frank Shkreli \u00a0 I nderuar President Nishani, q\u00ebndroj para Jush me p\u00ebrvujt\u00ebrin\u00eb m\u00eb t\u00eb thell\u00eb p\u00ebr\" \/>\n<meta name=\"robots\" content=\"index, follow, max-snippet:-1, max-image-preview:large, max-video-preview:-1\" \/>\n<link rel=\"canonical\" href=\"https:\/\/www.visit-ulcinj.com\/blog\/2016\/09\/24\/presidenti-nishani-dekoron-frank-shkrelin\/\" \/>\n<meta property=\"og:locale\" content=\"en_US\" \/>\n<meta property=\"og:type\" content=\"article\" \/>\n<meta property=\"og:title\" content=\"Presidenti Nishani dekoron Frank Shkrelin - Video - Lajme nga Ulqini\" \/>\n<meta property=\"og:description\" content=\"\u00a0\u00a0\u00a0\u00a0\u00a0\u00a0\u00a0\u00a0\u00a0\u00a0\u00a0\u00a0\u00a0\u00a0\u00a0\u00a0\u00a0\u00a0 \u00a0\u00a0\u00a0\u00a0\u00a0FJALA ME RASTIN E DEKORIMIT Nga Frank Shkreli \u00a0 I nderuar President Nishani, q\u00ebndroj para Jush me p\u00ebrvujt\u00ebrin\u00eb m\u00eb t\u00eb thell\u00eb p\u00ebr\" \/>\n<meta property=\"og:url\" content=\"https:\/\/www.visit-ulcinj.com\/blog\/2016\/09\/24\/presidenti-nishani-dekoron-frank-shkrelin\/\" \/>\n<meta property=\"og:site_name\" content=\"Lajme nga Ulqini\" \/>\n<meta property=\"article:published_time\" content=\"2016-09-24T16:29:58+00:00\" \/>\n<meta property=\"article:modified_time\" content=\"2016-09-25T07:10:52+00:00\" \/>\n<meta property=\"og:image\" content=\"http:\/\/www.visit-ulcinj.com\/blog\/wp-content\/uploads\/2016\/09\/Dekorimi-nga-Prezidenti-Nishani-Frank-Shkreli-.jpg\" \/>\n<meta name=\"twitter:label1\" content=\"Written by\" \/>\n\t<meta name=\"twitter:data1\" content=\"ulqini\" \/>\n\t<meta name=\"twitter:label2\" content=\"Est. reading time\" \/>\n\t<meta name=\"twitter:data2\" content=\"4 minutes\" \/>\n<script type=\"application\/ld+json\" class=\"yoast-schema-graph\">{\"@context\":\"https:\/\/schema.org\",\"@graph\":[{\"@type\":\"WebSite\",\"@id\":\"https:\/\/www.visit-ulcinj.com\/blog\/#website\",\"url\":\"https:\/\/www.visit-ulcinj.com\/blog\/\",\"name\":\"Lajme nga Ulqini\",\"description\":\"Lajme,Vijesti,Ulqini,Ulqin,Crna Gora,Mali i Zi\",\"potentialAction\":[{\"@type\":\"SearchAction\",\"target\":{\"@type\":\"EntryPoint\",\"urlTemplate\":\"https:\/\/www.visit-ulcinj.com\/blog\/?s={search_term_string}\"},\"query-input\":\"required name=search_term_string\"}],\"inLanguage\":\"en-US\"},{\"@type\":\"ImageObject\",\"inLanguage\":\"en-US\",\"@id\":\"https:\/\/www.visit-ulcinj.com\/blog\/2016\/09\/24\/presidenti-nishani-dekoron-frank-shkrelin\/#primaryimage\",\"url\":\"https:\/\/www.visit-ulcinj.com\/blog\/wp-content\/uploads\/2016\/09\/Dekorimi-nga-Prezidenti-Nishani-Frank-Shkreli-.jpg\",\"contentUrl\":\"https:\/\/www.visit-ulcinj.com\/blog\/wp-content\/uploads\/2016\/09\/Dekorimi-nga-Prezidenti-Nishani-Frank-Shkreli-.jpg\",\"width\":840,\"height\":562},{\"@type\":\"WebPage\",\"@id\":\"https:\/\/www.visit-ulcinj.com\/blog\/2016\/09\/24\/presidenti-nishani-dekoron-frank-shkrelin\/#webpage\",\"url\":\"https:\/\/www.visit-ulcinj.com\/blog\/2016\/09\/24\/presidenti-nishani-dekoron-frank-shkrelin\/\",\"name\":\"Presidenti Nishani dekoron Frank Shkrelin - Video - Lajme nga Ulqini\",\"isPartOf\":{\"@id\":\"https:\/\/www.visit-ulcinj.com\/blog\/#website\"},\"primaryImageOfPage\":{\"@id\":\"https:\/\/www.visit-ulcinj.com\/blog\/2016\/09\/24\/presidenti-nishani-dekoron-frank-shkrelin\/#primaryimage\"},\"datePublished\":\"2016-09-24T16:29:58+00:00\",\"dateModified\":\"2016-09-25T07:10:52+00:00\",\"author\":{\"@id\":\"https:\/\/www.visit-ulcinj.com\/blog\/#\/schema\/person\/dcab619c614d3038751c63bc2aadc06d\"},\"description\":\"\u00a0\u00a0\u00a0\u00a0\u00a0\u00a0\u00a0\u00a0\u00a0\u00a0\u00a0\u00a0\u00a0\u00a0\u00a0\u00a0\u00a0\u00a0 \u00a0\u00a0\u00a0\u00a0\u00a0FJALA ME RASTIN E DEKORIMIT Nga Frank Shkreli \u00a0 I nderuar President Nishani, q\u00ebndroj para Jush me p\u00ebrvujt\u00ebrin\u00eb m\u00eb t\u00eb thell\u00eb p\u00ebr\",\"breadcrumb\":{\"@id\":\"https:\/\/www.visit-ulcinj.com\/blog\/2016\/09\/24\/presidenti-nishani-dekoron-frank-shkrelin\/#breadcrumb\"},\"inLanguage\":\"en-US\",\"potentialAction\":[{\"@type\":\"ReadAction\",\"target\":[\"https:\/\/www.visit-ulcinj.com\/blog\/2016\/09\/24\/presidenti-nishani-dekoron-frank-shkrelin\/\"]}]},{\"@type\":\"BreadcrumbList\",\"@id\":\"https:\/\/www.visit-ulcinj.com\/blog\/2016\/09\/24\/presidenti-nishani-dekoron-frank-shkrelin\/#breadcrumb\",\"itemListElement\":[{\"@type\":\"ListItem\",\"position\":1,\"name\":\"Presidenti Nishani dekoron Frank Shkrelin &#8211; Video\"}]},{\"@type\":\"Person\",\"@id\":\"https:\/\/www.visit-ulcinj.com\/blog\/#\/schema\/person\/dcab619c614d3038751c63bc2aadc06d\",\"name\":\"ulqini\",\"sameAs\":[\"http:\/\/www.visit-ulcinj.com\"],\"url\":\"https:\/\/www.visit-ulcinj.com\/blog\/author\/admin\/\"}]}<\/script>\n<!-- \/ Yoast SEO plugin. -->","yoast_head_json":{"title":"Presidenti Nishani dekoron Frank Shkrelin - Video - Lajme nga Ulqini","description":"\u00a0\u00a0\u00a0\u00a0\u00a0\u00a0\u00a0\u00a0\u00a0\u00a0\u00a0\u00a0\u00a0\u00a0\u00a0\u00a0\u00a0\u00a0 \u00a0\u00a0\u00a0\u00a0\u00a0FJALA ME RASTIN E DEKORIMIT Nga Frank Shkreli \u00a0 I nderuar President Nishani, q\u00ebndroj para Jush me p\u00ebrvujt\u00ebrin\u00eb m\u00eb t\u00eb thell\u00eb p\u00ebr","robots":{"index":"index","follow":"follow","max-snippet":"max-snippet:-1","max-image-preview":"max-image-preview:large","max-video-preview":"max-video-preview:-1"},"canonical":"https:\/\/www.visit-ulcinj.com\/blog\/2016\/09\/24\/presidenti-nishani-dekoron-frank-shkrelin\/","og_locale":"en_US","og_type":"article","og_title":"Presidenti Nishani dekoron Frank Shkrelin - Video - Lajme nga Ulqini","og_description":"\u00a0\u00a0\u00a0\u00a0\u00a0\u00a0\u00a0\u00a0\u00a0\u00a0\u00a0\u00a0\u00a0\u00a0\u00a0\u00a0\u00a0\u00a0 \u00a0\u00a0\u00a0\u00a0\u00a0FJALA ME RASTIN E DEKORIMIT Nga Frank Shkreli \u00a0 I nderuar President Nishani, q\u00ebndroj para Jush me p\u00ebrvujt\u00ebrin\u00eb m\u00eb t\u00eb thell\u00eb p\u00ebr","og_url":"https:\/\/www.visit-ulcinj.com\/blog\/2016\/09\/24\/presidenti-nishani-dekoron-frank-shkrelin\/","og_site_name":"Lajme nga Ulqini","article_published_time":"2016-09-24T16:29:58+00:00","article_modified_time":"2016-09-25T07:10:52+00:00","og_image":[{"url":"http:\/\/www.visit-ulcinj.com\/blog\/wp-content\/uploads\/2016\/09\/Dekorimi-nga-Prezidenti-Nishani-Frank-Shkreli-.jpg"}],"twitter_misc":{"Written by":"ulqini","Est. reading time":"4 minutes"},"schema":{"@context":"https:\/\/schema.org","@graph":[{"@type":"WebSite","@id":"https:\/\/www.visit-ulcinj.com\/blog\/#website","url":"https:\/\/www.visit-ulcinj.com\/blog\/","name":"Lajme nga Ulqini","description":"Lajme,Vijesti,Ulqini,Ulqin,Crna Gora,Mali i Zi","potentialAction":[{"@type":"SearchAction","target":{"@type":"EntryPoint","urlTemplate":"https:\/\/www.visit-ulcinj.com\/blog\/?s={search_term_string}"},"query-input":"required name=search_term_string"}],"inLanguage":"en-US"},{"@type":"ImageObject","inLanguage":"en-US","@id":"https:\/\/www.visit-ulcinj.com\/blog\/2016\/09\/24\/presidenti-nishani-dekoron-frank-shkrelin\/#primaryimage","url":"https:\/\/www.visit-ulcinj.com\/blog\/wp-content\/uploads\/2016\/09\/Dekorimi-nga-Prezidenti-Nishani-Frank-Shkreli-.jpg","contentUrl":"https:\/\/www.visit-ulcinj.com\/blog\/wp-content\/uploads\/2016\/09\/Dekorimi-nga-Prezidenti-Nishani-Frank-Shkreli-.jpg","width":840,"height":562},{"@type":"WebPage","@id":"https:\/\/www.visit-ulcinj.com\/blog\/2016\/09\/24\/presidenti-nishani-dekoron-frank-shkrelin\/#webpage","url":"https:\/\/www.visit-ulcinj.com\/blog\/2016\/09\/24\/presidenti-nishani-dekoron-frank-shkrelin\/","name":"Presidenti Nishani dekoron Frank Shkrelin - Video - Lajme nga Ulqini","isPartOf":{"@id":"https:\/\/www.visit-ulcinj.com\/blog\/#website"},"primaryImageOfPage":{"@id":"https:\/\/www.visit-ulcinj.com\/blog\/2016\/09\/24\/presidenti-nishani-dekoron-frank-shkrelin\/#primaryimage"},"datePublished":"2016-09-24T16:29:58+00:00","dateModified":"2016-09-25T07:10:52+00:00","author":{"@id":"https:\/\/www.visit-ulcinj.com\/blog\/#\/schema\/person\/dcab619c614d3038751c63bc2aadc06d"},"description":"\u00a0\u00a0\u00a0\u00a0\u00a0\u00a0\u00a0\u00a0\u00a0\u00a0\u00a0\u00a0\u00a0\u00a0\u00a0\u00a0\u00a0\u00a0 \u00a0\u00a0\u00a0\u00a0\u00a0FJALA ME RASTIN E DEKORIMIT Nga Frank Shkreli \u00a0 I nderuar President Nishani, q\u00ebndroj para Jush me p\u00ebrvujt\u00ebrin\u00eb m\u00eb t\u00eb thell\u00eb p\u00ebr","breadcrumb":{"@id":"https:\/\/www.visit-ulcinj.com\/blog\/2016\/09\/24\/presidenti-nishani-dekoron-frank-shkrelin\/#breadcrumb"},"inLanguage":"en-US","potentialAction":[{"@type":"ReadAction","target":["https:\/\/www.visit-ulcinj.com\/blog\/2016\/09\/24\/presidenti-nishani-dekoron-frank-shkrelin\/"]}]},{"@type":"BreadcrumbList","@id":"https:\/\/www.visit-ulcinj.com\/blog\/2016\/09\/24\/presidenti-nishani-dekoron-frank-shkrelin\/#breadcrumb","itemListElement":[{"@type":"ListItem","position":1,"name":"Presidenti Nishani dekoron Frank Shkrelin &#8211; Video"}]},{"@type":"Person","@id":"https:\/\/www.visit-ulcinj.com\/blog\/#\/schema\/person\/dcab619c614d3038751c63bc2aadc06d","name":"ulqini","sameAs":["http:\/\/www.visit-ulcinj.com"],"url":"https:\/\/www.visit-ulcinj.com\/blog\/author\/admin\/"}]}},"jetpack_featured_media_url":"","jetpack_sharing_enabled":true,"jetpack_shortlink":"https:\/\/wp.me\/pe6lTn-pZl","_links":{"self":[{"href":"https:\/\/www.visit-ulcinj.com\/blog\/wp-json\/wp\/v2\/posts\/99903"}],"collection":[{"href":"https:\/\/www.visit-ulcinj.com\/blog\/wp-json\/wp\/v2\/posts"}],"about":[{"href":"https:\/\/www.visit-ulcinj.com\/blog\/wp-json\/wp\/v2\/types\/post"}],"author":[{"embeddable":true,"href":"https:\/\/www.visit-ulcinj.com\/blog\/wp-json\/wp\/v2\/users\/1"}],"replies":[{"embeddable":true,"href":"https:\/\/www.visit-ulcinj.com\/blog\/wp-json\/wp\/v2\/comments?post=99903"}],"version-history":[{"count":4,"href":"https:\/\/www.visit-ulcinj.com\/blog\/wp-json\/wp\/v2\/posts\/99903\/revisions"}],"predecessor-version":[{"id":99928,"href":"https:\/\/www.visit-ulcinj.com\/blog\/wp-json\/wp\/v2\/posts\/99903\/revisions\/99928"}],"wp:attachment":[{"href":"https:\/\/www.visit-ulcinj.com\/blog\/wp-json\/wp\/v2\/media?parent=99903"}],"wp:term":[{"taxonomy":"category","embeddable":true,"href":"https:\/\/www.visit-ulcinj.com\/blog\/wp-json\/wp\/v2\/categories?post=99903"},{"taxonomy":"post_tag","embeddable":true,"href":"https:\/\/www.visit-ulcinj.com\/blog\/wp-json\/wp\/v2\/tags?post=99903"}],"curies":[{"name":"wp","href":"https:\/\/api.w.org\/{rel}","templated":true}]}}