{"id":99917,"date":"2016-09-24T23:49:58","date_gmt":"2016-09-24T22:49:58","guid":{"rendered":"http:\/\/www.visit-ulcinj.com\/blog\/?p=99917"},"modified":"2016-09-24T23:49:58","modified_gmt":"2016-09-24T22:49:58","slug":"libra-e-aleksander-stipcevic-per-arbereshet-e-zares-botohet-ne-ulqin","status":"publish","type":"post","link":"https:\/\/www.visit-ulcinj.com\/blog\/2016\/09\/24\/libra-e-aleksander-stipcevic-per-arbereshet-e-zares-botohet-ne-ulqin\/","title":{"rendered":"Libra e Aleksand\u00ebr Stip\u00e7evi\u00e7 p\u00ebr  arb\u00ebresh\u00ebt e Zar\u00ebs botohet n\u00eb Ulqin"},"content":{"rendered":"<div id=\"stcpDiv\"><a href=\"http:\/\/www.visit-ulcinj.com\/blog\/wp-content\/uploads\/2016\/09\/Libri-i-Stipceviqit-ne-ulqin.jpg\"><img loading=\"lazy\" class=\"alignleft wp-image-99918\" src=\"http:\/\/www.visit-ulcinj.com\/blog\/wp-content\/uploads\/2016\/09\/Libri-i-Stipceviqit-ne-ulqin.jpg\" alt=\"Libri i Stipceviqit ne ulqin\" width=\"508\" height=\"699\" srcset=\"https:\/\/www.visit-ulcinj.com\/blog\/wp-content\/uploads\/2016\/09\/Libri-i-Stipceviqit-ne-ulqin.jpg 372w, https:\/\/www.visit-ulcinj.com\/blog\/wp-content\/uploads\/2016\/09\/Libri-i-Stipceviqit-ne-ulqin-218x300.jpg 218w\" sizes=\"(max-width: 508px) 100vw, 508px\" \/><\/a><\/p>\n<div id=\"stcpDiv\"><strong>Jahja Dancolli<\/strong><\/div>\n<div><\/div>\n<p>P\u00ebrve\u00e7 botimit t\u00eb nj\u00eb vargu t\u00eb madh t\u00eb veprave shum\u00eb t\u00eb njohura me autor, Akademik Aleksand\u00ebr Stip\u00e7eviq, angazhimet e tij m\u00eb tep\u00ebr t\u00eb natyr\u00ebs shkencore \u2013 bashk\u00ebvepruese kan\u00eb b\u00ebr\u00eb q\u00eb k\u00ebtij studiuesi t\u00eb shquar (pas vdekjes 2015) t\u2019i mbesin n\u00eb dor\u00eb t\u00eb pabotuara edhe materiale p\u00ebr shp\u00ebrnguljen e ab\u00ebresh\u00ebve n\u00eb Zar\u00eb, historin\u00eb e tyre n\u00eb trev\u00ebn e sotme t\u00eb Komun\u00ebs s\u00eb Ulqinit dhe asaj t\u00eb Tivarit gjat\u00eb mesjet\u00ebs dhe periudh\u00ebs s\u00eb hershme osmane, e ndonj\u00eb tjet\u00ebr.<\/p>\n<p>Nga ky varg i veprave t\u00eb pabotuara t\u00eb studiuesit Stip\u00e7eviq, k\u00ebto dit\u00eb pa drit\u00ebn edhe vepra me titull: \u201cAlbanci o Zadarskim Arbanasima-Shqiptar\u00ebt p\u00ebr Arb\u00ebnesh\u00ebt e Zar\u00ebs\u201c.<br \/>\nVepra n\u00eb fjal\u00eb \u00ebsht\u00eb botuar n\u00eb saj\u00eb t\u00eb p\u00ebrkujdesj\u00ebs s\u00eb Famullis\u00eb s\u00eb Bratic\u00ebs s\u00eb Ulqinit (Mali Zi), dhe t\u00eb famullitarit Dom Gabriel Grabanica.<\/p>\n<p>Vepr\u00ebn q\u00eb e kemi n\u00eb dor\u00eb dhe jemi duke e shfletuar \u00ebsht\u00eb botuar krahas n\u00eb dy gjuh\u00eb, kroatisht dhe shqip (shqip\u00ebrimin e ka b\u00ebr\u00eb intelektuali dhe humanisti, Prof. Dr. Sim\u00eb Dobreci).<\/p>\n<p>Edhe pse vepra \u00ebsht\u00eb p\u00ebr nga madh\u00ebsia v\u00ebllimore e shkurt\u00ebr, ajo ofron nj\u00eb tabllo t\u00eb t\u00ebr\u00ebsishme p\u00ebr shkrimet e shqiptar\u00ebve kushtuar Arb\u00ebneshit dhe arb\u00ebneshve t\u00eb Zar\u00ebs n\u00eb aspektin historik, gjuh\u00ebsor dhe letrar.<\/p>\n<p>K\u00ebtej, kjo vep\u00ebr sintetike e A. Stip\u00e7eviqit synon t\u00eb paraqes\u00eb evolucionin dhe kontinuitetin e veprave, studimeve dhe artikujve nga fushat historike, gjuh\u00ebsore dhe letrare.<br \/>\nAutori, duke qen\u00eb konsekuent n\u00eb iden\u00eb e nj\u00eb studimi t\u00eb gjer\u00eb bibliografik dhe me nj\u00eb shtrirje kronologjike, vetiu na paraqet nj\u00eb studim t\u00eb shtrir\u00eb n\u00eb gjer\u00ebsi, duke u p\u00ebrpjekur p\u00ebr t\u00eb nd\u00ebrthurur fakor\u00ebt historik\u00eb, gjuh\u00ebsor dhe letrar, si\u00e7 e k\u00ebrkon nj\u00eb studim sintez\u00eb.<\/p>\n<p>T\u00ebrheq\u00eb v\u00ebmendjen edhe n\u00eb k\u00ebt\u00eb rast p\u00ebr t\u00eb p\u00ebrkujtuar se, p\u00ebr gjith\u00eb at\u00eb \u00e7ka ka b\u00ebr\u00eb Stip\u00e7eviq p\u00ebr shkenc\u00ebn dhe kultur\u00ebn shqiptare, ne i kemi mbetur shum\u00eb borxh jo vet\u00ebm atij por edhe arb\u00ebneshve t\u00eb Zar\u00ebs.<\/p>\n<p>Ju kan\u00eb mbetur borxh institucionet relevante shtet\u00ebrore t\u00eb Kosov\u00ebs dhe t\u00eb Shqip\u00ebris\u00eb, si dhe shqiptar\u00ebt p\u00ebrgjith\u00ebsisht. Pra, \u00ebsht\u00eb koha e duhur, q\u00eb mos ta humbin shansin p\u00ebr tu marr\u00eb me studime m\u00eb t\u00eb thelluara kushtuar arb\u00ebneshve t\u00eb Zar\u00ebs, si dhe p\u00ebr t&#8217;ia botuar t\u00eb gjitha dor\u00ebshkrimet e pabotuara, si dhe t\u00eb gjitha ato t\u00eb botuara p\u00ebr t&#8217;i botuar s\u00ebrish n\u00eb komplet si do t&#8217;i p\u00ebrshtatet nj\u00eb niveli t\u00eb studiuesit sikurse ishte Akademik Aleksand\u00ebr Stip\u00e7eviq.<\/p>\n<p>Nd\u00ebrsa, Famullia e Bratic\u00ebs, m\u00eb ne krye me famullitarin Dom Gabriel Grabanic\u00ebn, si dhe Prof. dr. Sim\u00eb Dobreci, t\u00eb merren si nj\u00eb model si nuk duhet harruar Vires Illustris (Burrat e Shquara) t\u00eb Kombit.<\/p><\/div>\n<div><\/div>\n<div>\n<div id=\"stcpDiv\"><strong>Redaksia Online<\/strong><br \/>\n<strong>(F.T\/shqiptarja.com)<\/strong><\/div>\n<\/div>\n","protected":false},"excerpt":{"rendered":"<p>Jahja Dancolli P\u00ebrve\u00e7 botimit t\u00eb nj\u00eb vargu t\u00eb madh t\u00eb veprave shum\u00eb t\u00eb njohura me autor, Akademik Aleksand\u00ebr Stip\u00e7eviq, angazhimet e tij m\u00eb tep\u00ebr t\u00eb natyr\u00ebs shkencore \u2013 bashk\u00ebvepruese kan\u00eb b\u00ebr\u00eb q\u00eb k\u00ebtij studiuesi t\u00eb shquar (pas vdekjes 2015) t\u2019i mbesin n\u00eb dor\u00eb t\u00eb pabotuara edhe materiale p\u00ebr shp\u00ebrnguljen e ab\u00ebresh\u00ebve n\u00eb Zar\u00eb, historin\u00eb e [&hellip;]<\/p>\n","protected":false},"author":1,"featured_media":0,"comment_status":"closed","ping_status":"closed","sticky":false,"template":"","format":"standard","meta":{"spay_email":"","jetpack_publicize_message":"","jetpack_is_tweetstorm":false,"jetpack_publicize_feature_enabled":true},"categories":[4],"tags":[],"jetpack_publicize_connections":[],"yoast_head":"<!-- This site is optimized with the Yoast SEO plugin v19.1 - https:\/\/yoast.com\/wordpress\/plugins\/seo\/ -->\n<title>Libra e Aleksand\u00ebr Stip\u00e7evi\u00e7 p\u00ebr arb\u00ebresh\u00ebt e Zar\u00ebs botohet n\u00eb Ulqin - Lajme nga Ulqini<\/title>\n<meta name=\"description\" content=\"Jahja Dancolli P\u00ebrve\u00e7 botimit t\u00eb nj\u00eb vargu t\u00eb madh t\u00eb veprave shum\u00eb t\u00eb njohura me autor, Akademik Aleksand\u00ebr Stip\u00e7eviq, angazhimet e tij m\u00eb tep\u00ebr t\u00eb\" \/>\n<meta name=\"robots\" content=\"index, follow, max-snippet:-1, max-image-preview:large, max-video-preview:-1\" \/>\n<link rel=\"canonical\" href=\"https:\/\/www.visit-ulcinj.com\/blog\/2016\/09\/24\/libra-e-aleksander-stipcevic-per-arbereshet-e-zares-botohet-ne-ulqin\/\" \/>\n<meta property=\"og:locale\" content=\"en_US\" \/>\n<meta property=\"og:type\" content=\"article\" \/>\n<meta property=\"og:title\" content=\"Libra e Aleksand\u00ebr Stip\u00e7evi\u00e7 p\u00ebr arb\u00ebresh\u00ebt e Zar\u00ebs botohet n\u00eb Ulqin - Lajme nga Ulqini\" \/>\n<meta property=\"og:description\" content=\"Jahja Dancolli P\u00ebrve\u00e7 botimit t\u00eb nj\u00eb vargu t\u00eb madh t\u00eb veprave shum\u00eb t\u00eb njohura me autor, Akademik Aleksand\u00ebr Stip\u00e7eviq, angazhimet e tij m\u00eb tep\u00ebr t\u00eb\" \/>\n<meta property=\"og:url\" content=\"https:\/\/www.visit-ulcinj.com\/blog\/2016\/09\/24\/libra-e-aleksander-stipcevic-per-arbereshet-e-zares-botohet-ne-ulqin\/\" \/>\n<meta property=\"og:site_name\" content=\"Lajme nga Ulqini\" \/>\n<meta property=\"article:published_time\" content=\"2016-09-24T22:49:58+00:00\" \/>\n<meta property=\"og:image\" content=\"http:\/\/www.visit-ulcinj.com\/blog\/wp-content\/uploads\/2016\/09\/Libri-i-Stipceviqit-ne-ulqin.jpg\" \/>\n<meta name=\"twitter:label1\" content=\"Written by\" \/>\n\t<meta name=\"twitter:data1\" content=\"ulqini\" \/>\n\t<meta name=\"twitter:label2\" content=\"Est. reading time\" \/>\n\t<meta name=\"twitter:data2\" content=\"2 minutes\" \/>\n<script type=\"application\/ld+json\" class=\"yoast-schema-graph\">{\"@context\":\"https:\/\/schema.org\",\"@graph\":[{\"@type\":\"WebSite\",\"@id\":\"https:\/\/www.visit-ulcinj.com\/blog\/#website\",\"url\":\"https:\/\/www.visit-ulcinj.com\/blog\/\",\"name\":\"Lajme nga Ulqini\",\"description\":\"Lajme,Vijesti,Ulqini,Ulqin,Crna Gora,Mali i Zi\",\"potentialAction\":[{\"@type\":\"SearchAction\",\"target\":{\"@type\":\"EntryPoint\",\"urlTemplate\":\"https:\/\/www.visit-ulcinj.com\/blog\/?s={search_term_string}\"},\"query-input\":\"required name=search_term_string\"}],\"inLanguage\":\"en-US\"},{\"@type\":\"ImageObject\",\"inLanguage\":\"en-US\",\"@id\":\"https:\/\/www.visit-ulcinj.com\/blog\/2016\/09\/24\/libra-e-aleksander-stipcevic-per-arbereshet-e-zares-botohet-ne-ulqin\/#primaryimage\",\"url\":\"https:\/\/www.visit-ulcinj.com\/blog\/wp-content\/uploads\/2016\/09\/Libri-i-Stipceviqit-ne-ulqin.jpg\",\"contentUrl\":\"https:\/\/www.visit-ulcinj.com\/blog\/wp-content\/uploads\/2016\/09\/Libri-i-Stipceviqit-ne-ulqin.jpg\",\"width\":372,\"height\":512},{\"@type\":\"WebPage\",\"@id\":\"https:\/\/www.visit-ulcinj.com\/blog\/2016\/09\/24\/libra-e-aleksander-stipcevic-per-arbereshet-e-zares-botohet-ne-ulqin\/#webpage\",\"url\":\"https:\/\/www.visit-ulcinj.com\/blog\/2016\/09\/24\/libra-e-aleksander-stipcevic-per-arbereshet-e-zares-botohet-ne-ulqin\/\",\"name\":\"Libra e Aleksand\u00ebr Stip\u00e7evi\u00e7 p\u00ebr arb\u00ebresh\u00ebt e Zar\u00ebs botohet n\u00eb Ulqin - Lajme nga Ulqini\",\"isPartOf\":{\"@id\":\"https:\/\/www.visit-ulcinj.com\/blog\/#website\"},\"primaryImageOfPage\":{\"@id\":\"https:\/\/www.visit-ulcinj.com\/blog\/2016\/09\/24\/libra-e-aleksander-stipcevic-per-arbereshet-e-zares-botohet-ne-ulqin\/#primaryimage\"},\"datePublished\":\"2016-09-24T22:49:58+00:00\",\"dateModified\":\"2016-09-24T22:49:58+00:00\",\"author\":{\"@id\":\"https:\/\/www.visit-ulcinj.com\/blog\/#\/schema\/person\/dcab619c614d3038751c63bc2aadc06d\"},\"description\":\"Jahja Dancolli P\u00ebrve\u00e7 botimit t\u00eb nj\u00eb vargu t\u00eb madh t\u00eb veprave shum\u00eb t\u00eb njohura me autor, Akademik Aleksand\u00ebr Stip\u00e7eviq, angazhimet e tij m\u00eb tep\u00ebr t\u00eb\",\"breadcrumb\":{\"@id\":\"https:\/\/www.visit-ulcinj.com\/blog\/2016\/09\/24\/libra-e-aleksander-stipcevic-per-arbereshet-e-zares-botohet-ne-ulqin\/#breadcrumb\"},\"inLanguage\":\"en-US\",\"potentialAction\":[{\"@type\":\"ReadAction\",\"target\":[\"https:\/\/www.visit-ulcinj.com\/blog\/2016\/09\/24\/libra-e-aleksander-stipcevic-per-arbereshet-e-zares-botohet-ne-ulqin\/\"]}]},{\"@type\":\"BreadcrumbList\",\"@id\":\"https:\/\/www.visit-ulcinj.com\/blog\/2016\/09\/24\/libra-e-aleksander-stipcevic-per-arbereshet-e-zares-botohet-ne-ulqin\/#breadcrumb\",\"itemListElement\":[{\"@type\":\"ListItem\",\"position\":1,\"name\":\"Libra e Aleksand\u00ebr Stip\u00e7evi\u00e7 p\u00ebr arb\u00ebresh\u00ebt e Zar\u00ebs botohet n\u00eb Ulqin\"}]},{\"@type\":\"Person\",\"@id\":\"https:\/\/www.visit-ulcinj.com\/blog\/#\/schema\/person\/dcab619c614d3038751c63bc2aadc06d\",\"name\":\"ulqini\",\"sameAs\":[\"http:\/\/www.visit-ulcinj.com\"],\"url\":\"https:\/\/www.visit-ulcinj.com\/blog\/author\/admin\/\"}]}<\/script>\n<!-- \/ Yoast SEO plugin. -->","yoast_head_json":{"title":"Libra e Aleksand\u00ebr Stip\u00e7evi\u00e7 p\u00ebr arb\u00ebresh\u00ebt e Zar\u00ebs botohet n\u00eb Ulqin - Lajme nga Ulqini","description":"Jahja Dancolli P\u00ebrve\u00e7 botimit t\u00eb nj\u00eb vargu t\u00eb madh t\u00eb veprave shum\u00eb t\u00eb njohura me autor, Akademik Aleksand\u00ebr Stip\u00e7eviq, angazhimet e tij m\u00eb tep\u00ebr t\u00eb","robots":{"index":"index","follow":"follow","max-snippet":"max-snippet:-1","max-image-preview":"max-image-preview:large","max-video-preview":"max-video-preview:-1"},"canonical":"https:\/\/www.visit-ulcinj.com\/blog\/2016\/09\/24\/libra-e-aleksander-stipcevic-per-arbereshet-e-zares-botohet-ne-ulqin\/","og_locale":"en_US","og_type":"article","og_title":"Libra e Aleksand\u00ebr Stip\u00e7evi\u00e7 p\u00ebr arb\u00ebresh\u00ebt e Zar\u00ebs botohet n\u00eb Ulqin - Lajme nga Ulqini","og_description":"Jahja Dancolli P\u00ebrve\u00e7 botimit t\u00eb nj\u00eb vargu t\u00eb madh t\u00eb veprave shum\u00eb t\u00eb njohura me autor, Akademik Aleksand\u00ebr Stip\u00e7eviq, angazhimet e tij m\u00eb tep\u00ebr t\u00eb","og_url":"https:\/\/www.visit-ulcinj.com\/blog\/2016\/09\/24\/libra-e-aleksander-stipcevic-per-arbereshet-e-zares-botohet-ne-ulqin\/","og_site_name":"Lajme nga Ulqini","article_published_time":"2016-09-24T22:49:58+00:00","og_image":[{"url":"http:\/\/www.visit-ulcinj.com\/blog\/wp-content\/uploads\/2016\/09\/Libri-i-Stipceviqit-ne-ulqin.jpg"}],"twitter_misc":{"Written by":"ulqini","Est. reading time":"2 minutes"},"schema":{"@context":"https:\/\/schema.org","@graph":[{"@type":"WebSite","@id":"https:\/\/www.visit-ulcinj.com\/blog\/#website","url":"https:\/\/www.visit-ulcinj.com\/blog\/","name":"Lajme nga Ulqini","description":"Lajme,Vijesti,Ulqini,Ulqin,Crna Gora,Mali i Zi","potentialAction":[{"@type":"SearchAction","target":{"@type":"EntryPoint","urlTemplate":"https:\/\/www.visit-ulcinj.com\/blog\/?s={search_term_string}"},"query-input":"required name=search_term_string"}],"inLanguage":"en-US"},{"@type":"ImageObject","inLanguage":"en-US","@id":"https:\/\/www.visit-ulcinj.com\/blog\/2016\/09\/24\/libra-e-aleksander-stipcevic-per-arbereshet-e-zares-botohet-ne-ulqin\/#primaryimage","url":"https:\/\/www.visit-ulcinj.com\/blog\/wp-content\/uploads\/2016\/09\/Libri-i-Stipceviqit-ne-ulqin.jpg","contentUrl":"https:\/\/www.visit-ulcinj.com\/blog\/wp-content\/uploads\/2016\/09\/Libri-i-Stipceviqit-ne-ulqin.jpg","width":372,"height":512},{"@type":"WebPage","@id":"https:\/\/www.visit-ulcinj.com\/blog\/2016\/09\/24\/libra-e-aleksander-stipcevic-per-arbereshet-e-zares-botohet-ne-ulqin\/#webpage","url":"https:\/\/www.visit-ulcinj.com\/blog\/2016\/09\/24\/libra-e-aleksander-stipcevic-per-arbereshet-e-zares-botohet-ne-ulqin\/","name":"Libra e Aleksand\u00ebr Stip\u00e7evi\u00e7 p\u00ebr arb\u00ebresh\u00ebt e Zar\u00ebs botohet n\u00eb Ulqin - Lajme nga Ulqini","isPartOf":{"@id":"https:\/\/www.visit-ulcinj.com\/blog\/#website"},"primaryImageOfPage":{"@id":"https:\/\/www.visit-ulcinj.com\/blog\/2016\/09\/24\/libra-e-aleksander-stipcevic-per-arbereshet-e-zares-botohet-ne-ulqin\/#primaryimage"},"datePublished":"2016-09-24T22:49:58+00:00","dateModified":"2016-09-24T22:49:58+00:00","author":{"@id":"https:\/\/www.visit-ulcinj.com\/blog\/#\/schema\/person\/dcab619c614d3038751c63bc2aadc06d"},"description":"Jahja Dancolli P\u00ebrve\u00e7 botimit t\u00eb nj\u00eb vargu t\u00eb madh t\u00eb veprave shum\u00eb t\u00eb njohura me autor, Akademik Aleksand\u00ebr Stip\u00e7eviq, angazhimet e tij m\u00eb tep\u00ebr t\u00eb","breadcrumb":{"@id":"https:\/\/www.visit-ulcinj.com\/blog\/2016\/09\/24\/libra-e-aleksander-stipcevic-per-arbereshet-e-zares-botohet-ne-ulqin\/#breadcrumb"},"inLanguage":"en-US","potentialAction":[{"@type":"ReadAction","target":["https:\/\/www.visit-ulcinj.com\/blog\/2016\/09\/24\/libra-e-aleksander-stipcevic-per-arbereshet-e-zares-botohet-ne-ulqin\/"]}]},{"@type":"BreadcrumbList","@id":"https:\/\/www.visit-ulcinj.com\/blog\/2016\/09\/24\/libra-e-aleksander-stipcevic-per-arbereshet-e-zares-botohet-ne-ulqin\/#breadcrumb","itemListElement":[{"@type":"ListItem","position":1,"name":"Libra e Aleksand\u00ebr Stip\u00e7evi\u00e7 p\u00ebr arb\u00ebresh\u00ebt e Zar\u00ebs botohet n\u00eb Ulqin"}]},{"@type":"Person","@id":"https:\/\/www.visit-ulcinj.com\/blog\/#\/schema\/person\/dcab619c614d3038751c63bc2aadc06d","name":"ulqini","sameAs":["http:\/\/www.visit-ulcinj.com"],"url":"https:\/\/www.visit-ulcinj.com\/blog\/author\/admin\/"}]}},"jetpack_featured_media_url":"","jetpack_sharing_enabled":true,"jetpack_shortlink":"https:\/\/wp.me\/pe6lTn-pZz","_links":{"self":[{"href":"https:\/\/www.visit-ulcinj.com\/blog\/wp-json\/wp\/v2\/posts\/99917"}],"collection":[{"href":"https:\/\/www.visit-ulcinj.com\/blog\/wp-json\/wp\/v2\/posts"}],"about":[{"href":"https:\/\/www.visit-ulcinj.com\/blog\/wp-json\/wp\/v2\/types\/post"}],"author":[{"embeddable":true,"href":"https:\/\/www.visit-ulcinj.com\/blog\/wp-json\/wp\/v2\/users\/1"}],"replies":[{"embeddable":true,"href":"https:\/\/www.visit-ulcinj.com\/blog\/wp-json\/wp\/v2\/comments?post=99917"}],"version-history":[{"count":1,"href":"https:\/\/www.visit-ulcinj.com\/blog\/wp-json\/wp\/v2\/posts\/99917\/revisions"}],"predecessor-version":[{"id":99919,"href":"https:\/\/www.visit-ulcinj.com\/blog\/wp-json\/wp\/v2\/posts\/99917\/revisions\/99919"}],"wp:attachment":[{"href":"https:\/\/www.visit-ulcinj.com\/blog\/wp-json\/wp\/v2\/media?parent=99917"}],"wp:term":[{"taxonomy":"category","embeddable":true,"href":"https:\/\/www.visit-ulcinj.com\/blog\/wp-json\/wp\/v2\/categories?post=99917"},{"taxonomy":"post_tag","embeddable":true,"href":"https:\/\/www.visit-ulcinj.com\/blog\/wp-json\/wp\/v2\/tags?post=99917"}],"curies":[{"name":"wp","href":"https:\/\/api.w.org\/{rel}","templated":true}]}}