{"id":99920,"date":"2016-09-24T23:52:49","date_gmt":"2016-09-24T22:52:49","guid":{"rendered":"http:\/\/www.visit-ulcinj.com\/blog\/?p=99920"},"modified":"2016-09-27T18:36:40","modified_gmt":"2016-09-27T17:36:40","slug":"kercimi-drenushes-perurohet-ne-ulqin","status":"publish","type":"post","link":"https:\/\/www.visit-ulcinj.com\/blog\/2016\/09\/24\/kercimi-drenushes-perurohet-ne-ulqin\/","title":{"rendered":"\u201cK\u00ebrcimi i Drenush\u00ebs\u201d, p\u00ebrurohet n\u00eb Ulqin"},"content":{"rendered":"<div class=\"td-post-content td-pb-padding-side\">\n<p><strong><a href=\"http:\/\/www.visit-ulcinj.com\/blog\/wp-content\/uploads\/2016\/09\/K\u00ebrcimi-i-Drenush\u00ebs-libri-i-nexhat-halimit.jpg\"><img loading=\"lazy\" class=\"alignleft wp-image-99921\" src=\"http:\/\/www.visit-ulcinj.com\/blog\/wp-content\/uploads\/2016\/09\/K\u00ebrcimi-i-Drenush\u00ebs-libri-i-nexhat-halimit.jpg\" alt=\"K\u00ebrcimi i Drenush\u00ebs-libri-i-nexhat-halimit\" width=\"508\" height=\"411\" srcset=\"https:\/\/www.visit-ulcinj.com\/blog\/wp-content\/uploads\/2016\/09\/K\u00ebrcimi-i-Drenush\u00ebs-libri-i-nexhat-halimit.jpg 600w, https:\/\/www.visit-ulcinj.com\/blog\/wp-content\/uploads\/2016\/09\/K\u00ebrcimi-i-Drenush\u00ebs-libri-i-nexhat-halimit-300x243.jpg 300w\" sizes=\"(max-width: 508px) 100vw, 508px\" \/><\/a>Botimi i k\u00ebtij libri vjen si bashk\u00ebpunim i botuesit Gazmend \u00c7itakut dhe autorit Nexhat Halimi<\/strong><\/p>\n<p>N\u00eb kuad\u00ebr t\u00eb botimeve shqipe n\u00eb Mal t\u00eb Zi, t\u00eb shtun\u00ebn, me fillim n\u00eb ora 18, n\u00eb bibliotek\u00ebn e qytetit do t\u00eb b\u00ebhet p\u00ebrurimi i librit me poezi \u201cK\u00ebrcimi i Drenush\u00ebs\u201d, t\u00eb autorit Nexhat Halimi, shkruan KultPlus.<br \/>\nBotimi i k\u00ebtij libri vjen si bashk\u00ebpunim i botuesit Gazmend \u00c7itakut dhe autorit Nexhat Halimi, bashk\u00ebpunim ky i cili gjithmon\u00eb p\u00ebr dashamir\u00ebt e artit sjell risi dhe befasi t\u00eb k\u00ebndshme. K\u00ebsaj here u botua libri i cili n\u00eb vete p\u00ebrmban 108 poezit\u00eb kushtuar Ulqinit. Prej t\u00eb cilave 41 jan\u00eb p\u00ebr f\u00ebmij\u00eb dhe t\u00eb rijn\u00eb nd\u00ebrsa t\u00eb tjerat p\u00ebr lexuesin m\u00eb serioz. P\u00ebr librin do t\u00eb flas\u00eb Rrustem Berisha dhe Ali Gje\u00e7britaj\/KultPlus.com<\/p>\n<\/div>\n","protected":false},"excerpt":{"rendered":"<p>Botimi i k\u00ebtij libri vjen si bashk\u00ebpunim i botuesit Gazmend \u00c7itakut dhe autorit Nexhat Halimi N\u00eb kuad\u00ebr t\u00eb botimeve shqipe n\u00eb Mal t\u00eb Zi, t\u00eb shtun\u00ebn, me fillim n\u00eb ora 18, n\u00eb bibliotek\u00ebn e qytetit do t\u00eb b\u00ebhet p\u00ebrurimi i librit me poezi \u201cK\u00ebrcimi i Drenush\u00ebs\u201d, t\u00eb autorit Nexhat Halimi, shkruan KultPlus. Botimi i k\u00ebtij [&hellip;]<\/p>\n","protected":false},"author":1,"featured_media":0,"comment_status":"closed","ping_status":"closed","sticky":false,"template":"","format":"standard","meta":{"spay_email":"","jetpack_publicize_message":"","jetpack_is_tweetstorm":false,"jetpack_publicize_feature_enabled":true},"categories":[4],"tags":[],"jetpack_publicize_connections":[],"yoast_head":"<!-- This site is optimized with the Yoast SEO plugin v19.1 - https:\/\/yoast.com\/wordpress\/plugins\/seo\/ -->\n<title>\u201cK\u00ebrcimi i Drenush\u00ebs\u201d, p\u00ebrurohet n\u00eb Ulqin - Lajme nga Ulqini<\/title>\n<meta name=\"description\" content=\"Botimi i k\u00ebtij libri vjen si bashk\u00ebpunim i botuesit Gazmend \u00c7itakut dhe autorit Nexhat Halimi N\u00eb kuad\u00ebr t\u00eb botimeve shqipe n\u00eb Mal t\u00eb Zi, t\u00eb shtun\u00ebn, me\" \/>\n<meta name=\"robots\" content=\"index, follow, max-snippet:-1, max-image-preview:large, max-video-preview:-1\" \/>\n<link rel=\"canonical\" href=\"https:\/\/www.visit-ulcinj.com\/blog\/2016\/09\/24\/kercimi-drenushes-perurohet-ne-ulqin\/\" \/>\n<meta property=\"og:locale\" content=\"en_US\" \/>\n<meta property=\"og:type\" content=\"article\" \/>\n<meta property=\"og:title\" content=\"\u201cK\u00ebrcimi i Drenush\u00ebs\u201d, p\u00ebrurohet n\u00eb Ulqin - Lajme nga Ulqini\" \/>\n<meta property=\"og:description\" content=\"Botimi i k\u00ebtij libri vjen si bashk\u00ebpunim i botuesit Gazmend \u00c7itakut dhe autorit Nexhat Halimi N\u00eb kuad\u00ebr t\u00eb botimeve shqipe n\u00eb Mal t\u00eb Zi, t\u00eb shtun\u00ebn, me\" \/>\n<meta property=\"og:url\" content=\"https:\/\/www.visit-ulcinj.com\/blog\/2016\/09\/24\/kercimi-drenushes-perurohet-ne-ulqin\/\" \/>\n<meta property=\"og:site_name\" content=\"Lajme nga Ulqini\" \/>\n<meta property=\"article:published_time\" content=\"2016-09-24T22:52:49+00:00\" \/>\n<meta property=\"article:modified_time\" content=\"2016-09-27T17:36:40+00:00\" \/>\n<meta name=\"twitter:label1\" content=\"Written by\" \/>\n\t<meta name=\"twitter:data1\" content=\"ulqini\" \/>\n\t<meta name=\"twitter:label2\" content=\"Est. reading time\" \/>\n\t<meta name=\"twitter:data2\" content=\"1 minute\" \/>\n<script type=\"application\/ld+json\" class=\"yoast-schema-graph\">{\"@context\":\"https:\/\/schema.org\",\"@graph\":[{\"@type\":\"WebSite\",\"@id\":\"https:\/\/www.visit-ulcinj.com\/blog\/#website\",\"url\":\"https:\/\/www.visit-ulcinj.com\/blog\/\",\"name\":\"Lajme nga Ulqini\",\"description\":\"Lajme,Vijesti,Ulqini,Ulqin,Crna Gora,Mali i Zi\",\"potentialAction\":[{\"@type\":\"SearchAction\",\"target\":{\"@type\":\"EntryPoint\",\"urlTemplate\":\"https:\/\/www.visit-ulcinj.com\/blog\/?s={search_term_string}\"},\"query-input\":\"required name=search_term_string\"}],\"inLanguage\":\"en-US\"},{\"@type\":\"WebPage\",\"@id\":\"https:\/\/www.visit-ulcinj.com\/blog\/2016\/09\/24\/kercimi-drenushes-perurohet-ne-ulqin\/#webpage\",\"url\":\"https:\/\/www.visit-ulcinj.com\/blog\/2016\/09\/24\/kercimi-drenushes-perurohet-ne-ulqin\/\",\"name\":\"\u201cK\u00ebrcimi i Drenush\u00ebs\u201d, p\u00ebrurohet n\u00eb Ulqin - Lajme nga Ulqini\",\"isPartOf\":{\"@id\":\"https:\/\/www.visit-ulcinj.com\/blog\/#website\"},\"datePublished\":\"2016-09-24T22:52:49+00:00\",\"dateModified\":\"2016-09-27T17:36:40+00:00\",\"author\":{\"@id\":\"https:\/\/www.visit-ulcinj.com\/blog\/#\/schema\/person\/dcab619c614d3038751c63bc2aadc06d\"},\"description\":\"Botimi i k\u00ebtij libri vjen si bashk\u00ebpunim i botuesit Gazmend \u00c7itakut dhe autorit Nexhat Halimi N\u00eb kuad\u00ebr t\u00eb botimeve shqipe n\u00eb Mal t\u00eb Zi, t\u00eb shtun\u00ebn, me\",\"breadcrumb\":{\"@id\":\"https:\/\/www.visit-ulcinj.com\/blog\/2016\/09\/24\/kercimi-drenushes-perurohet-ne-ulqin\/#breadcrumb\"},\"inLanguage\":\"en-US\",\"potentialAction\":[{\"@type\":\"ReadAction\",\"target\":[\"https:\/\/www.visit-ulcinj.com\/blog\/2016\/09\/24\/kercimi-drenushes-perurohet-ne-ulqin\/\"]}]},{\"@type\":\"BreadcrumbList\",\"@id\":\"https:\/\/www.visit-ulcinj.com\/blog\/2016\/09\/24\/kercimi-drenushes-perurohet-ne-ulqin\/#breadcrumb\",\"itemListElement\":[{\"@type\":\"ListItem\",\"position\":1,\"name\":\"\u201cK\u00ebrcimi i Drenush\u00ebs\u201d, p\u00ebrurohet n\u00eb Ulqin\"}]},{\"@type\":\"Person\",\"@id\":\"https:\/\/www.visit-ulcinj.com\/blog\/#\/schema\/person\/dcab619c614d3038751c63bc2aadc06d\",\"name\":\"ulqini\",\"sameAs\":[\"http:\/\/www.visit-ulcinj.com\"],\"url\":\"https:\/\/www.visit-ulcinj.com\/blog\/author\/admin\/\"}]}<\/script>\n<!-- \/ Yoast SEO plugin. -->","yoast_head_json":{"title":"\u201cK\u00ebrcimi i Drenush\u00ebs\u201d, p\u00ebrurohet n\u00eb Ulqin - Lajme nga Ulqini","description":"Botimi i k\u00ebtij libri vjen si bashk\u00ebpunim i botuesit Gazmend \u00c7itakut dhe autorit Nexhat Halimi N\u00eb kuad\u00ebr t\u00eb botimeve shqipe n\u00eb Mal t\u00eb Zi, t\u00eb shtun\u00ebn, me","robots":{"index":"index","follow":"follow","max-snippet":"max-snippet:-1","max-image-preview":"max-image-preview:large","max-video-preview":"max-video-preview:-1"},"canonical":"https:\/\/www.visit-ulcinj.com\/blog\/2016\/09\/24\/kercimi-drenushes-perurohet-ne-ulqin\/","og_locale":"en_US","og_type":"article","og_title":"\u201cK\u00ebrcimi i Drenush\u00ebs\u201d, p\u00ebrurohet n\u00eb Ulqin - Lajme nga Ulqini","og_description":"Botimi i k\u00ebtij libri vjen si bashk\u00ebpunim i botuesit Gazmend \u00c7itakut dhe autorit Nexhat Halimi N\u00eb kuad\u00ebr t\u00eb botimeve shqipe n\u00eb Mal t\u00eb Zi, t\u00eb shtun\u00ebn, me","og_url":"https:\/\/www.visit-ulcinj.com\/blog\/2016\/09\/24\/kercimi-drenushes-perurohet-ne-ulqin\/","og_site_name":"Lajme nga Ulqini","article_published_time":"2016-09-24T22:52:49+00:00","article_modified_time":"2016-09-27T17:36:40+00:00","twitter_misc":{"Written by":"ulqini","Est. reading time":"1 minute"},"schema":{"@context":"https:\/\/schema.org","@graph":[{"@type":"WebSite","@id":"https:\/\/www.visit-ulcinj.com\/blog\/#website","url":"https:\/\/www.visit-ulcinj.com\/blog\/","name":"Lajme nga Ulqini","description":"Lajme,Vijesti,Ulqini,Ulqin,Crna Gora,Mali i Zi","potentialAction":[{"@type":"SearchAction","target":{"@type":"EntryPoint","urlTemplate":"https:\/\/www.visit-ulcinj.com\/blog\/?s={search_term_string}"},"query-input":"required name=search_term_string"}],"inLanguage":"en-US"},{"@type":"WebPage","@id":"https:\/\/www.visit-ulcinj.com\/blog\/2016\/09\/24\/kercimi-drenushes-perurohet-ne-ulqin\/#webpage","url":"https:\/\/www.visit-ulcinj.com\/blog\/2016\/09\/24\/kercimi-drenushes-perurohet-ne-ulqin\/","name":"\u201cK\u00ebrcimi i Drenush\u00ebs\u201d, p\u00ebrurohet n\u00eb Ulqin - Lajme nga Ulqini","isPartOf":{"@id":"https:\/\/www.visit-ulcinj.com\/blog\/#website"},"datePublished":"2016-09-24T22:52:49+00:00","dateModified":"2016-09-27T17:36:40+00:00","author":{"@id":"https:\/\/www.visit-ulcinj.com\/blog\/#\/schema\/person\/dcab619c614d3038751c63bc2aadc06d"},"description":"Botimi i k\u00ebtij libri vjen si bashk\u00ebpunim i botuesit Gazmend \u00c7itakut dhe autorit Nexhat Halimi N\u00eb kuad\u00ebr t\u00eb botimeve shqipe n\u00eb Mal t\u00eb Zi, t\u00eb shtun\u00ebn, me","breadcrumb":{"@id":"https:\/\/www.visit-ulcinj.com\/blog\/2016\/09\/24\/kercimi-drenushes-perurohet-ne-ulqin\/#breadcrumb"},"inLanguage":"en-US","potentialAction":[{"@type":"ReadAction","target":["https:\/\/www.visit-ulcinj.com\/blog\/2016\/09\/24\/kercimi-drenushes-perurohet-ne-ulqin\/"]}]},{"@type":"BreadcrumbList","@id":"https:\/\/www.visit-ulcinj.com\/blog\/2016\/09\/24\/kercimi-drenushes-perurohet-ne-ulqin\/#breadcrumb","itemListElement":[{"@type":"ListItem","position":1,"name":"\u201cK\u00ebrcimi i Drenush\u00ebs\u201d, p\u00ebrurohet n\u00eb Ulqin"}]},{"@type":"Person","@id":"https:\/\/www.visit-ulcinj.com\/blog\/#\/schema\/person\/dcab619c614d3038751c63bc2aadc06d","name":"ulqini","sameAs":["http:\/\/www.visit-ulcinj.com"],"url":"https:\/\/www.visit-ulcinj.com\/blog\/author\/admin\/"}]}},"jetpack_featured_media_url":"","jetpack_sharing_enabled":true,"jetpack_shortlink":"https:\/\/wp.me\/pe6lTn-pZC","_links":{"self":[{"href":"https:\/\/www.visit-ulcinj.com\/blog\/wp-json\/wp\/v2\/posts\/99920"}],"collection":[{"href":"https:\/\/www.visit-ulcinj.com\/blog\/wp-json\/wp\/v2\/posts"}],"about":[{"href":"https:\/\/www.visit-ulcinj.com\/blog\/wp-json\/wp\/v2\/types\/post"}],"author":[{"embeddable":true,"href":"https:\/\/www.visit-ulcinj.com\/blog\/wp-json\/wp\/v2\/users\/1"}],"replies":[{"embeddable":true,"href":"https:\/\/www.visit-ulcinj.com\/blog\/wp-json\/wp\/v2\/comments?post=99920"}],"version-history":[{"count":1,"href":"https:\/\/www.visit-ulcinj.com\/blog\/wp-json\/wp\/v2\/posts\/99920\/revisions"}],"predecessor-version":[{"id":99922,"href":"https:\/\/www.visit-ulcinj.com\/blog\/wp-json\/wp\/v2\/posts\/99920\/revisions\/99922"}],"wp:attachment":[{"href":"https:\/\/www.visit-ulcinj.com\/blog\/wp-json\/wp\/v2\/media?parent=99920"}],"wp:term":[{"taxonomy":"category","embeddable":true,"href":"https:\/\/www.visit-ulcinj.com\/blog\/wp-json\/wp\/v2\/categories?post=99920"},{"taxonomy":"post_tag","embeddable":true,"href":"https:\/\/www.visit-ulcinj.com\/blog\/wp-json\/wp\/v2\/tags?post=99920"}],"curies":[{"name":"wp","href":"https:\/\/api.w.org\/{rel}","templated":true}]}}