{"id":99929,"date":"2016-09-25T22:08:26","date_gmt":"2016-09-25T21:08:26","guid":{"rendered":"http:\/\/www.visit-ulcinj.com\/blog\/?p=99929"},"modified":"2016-09-25T22:09:28","modified_gmt":"2016-09-25T21:09:28","slug":"nika-edhe-dps-e-di-se-ne-ulqin-ka-luajtur-puna","status":"publish","type":"post","link":"https:\/\/www.visit-ulcinj.com\/blog\/2016\/09\/25\/nika-edhe-dps-e-di-se-ne-ulqin-ka-luajtur-puna\/","title":{"rendered":"Nika: Edhe DPS-i e di se n\u00eb Ulqin ka luajtur puna&#8230;.?\u201d"},"content":{"rendered":"<p><strong>Shkruan\u00a0 Muhamet\u00a0 Nika<\/strong><\/p>\n<p>N\u00eb se deri n\u00eb zgjedhjet\u00a0 e kaluara regjistrin\u00a0 zgjedhor\u00a0 n\u00eb komun\u00eb e b\u00ebnte vet\u00eb komuna- shqiptar\u00ebt , me ligjin e ri\u00a0 k\u00ebt\u00eb pun\u00eb , tashm\u00eb e b\u00ebn\u00eb\u00a0 policia-shteti. Por p\u00ebr k\u00ebt\u00eb , partit\u00eb shqiptare as reaguan dhe as njoftuan p\u00ebr situat\u00ebn e re. Shumica e votuesve k\u00ebt\u00eb\u00a0 do ta marr\u00eb vesh\u00a0 tep\u00ebr von\u00eb se\u00a0 nuk voton\u00a0 aty ku\u00a0 kishin votuar\u00a0\u00a0 m\u00eb par\u00eb dhe\u00a0 q\u00eb\u00a0 u\u00a0 duhet t\u00eb vrapojn\u00eb e t\u00eb gjejn\u00eb\u00a0\u00a0\u00a0 vet\u00a0 vend votimin e ri&#8230;?!<\/p>\n<p><a href=\"http:\/\/www.visit-ulcinj.com\/blog\/wp-content\/uploads\/2016\/02\/Ljoro-Loro-Nrekic-Ulcinj.jpg\"><img loading=\"lazy\" class=\"alignleft wp-image-94531\" src=\"http:\/\/www.visit-ulcinj.com\/blog\/wp-content\/uploads\/2016\/02\/Ljoro-Loro-Nrekic-Ulcinj.jpg\" alt=\"Ljoro-Loro-Nrekic-Ulcinj\" width=\"508\" height=\"434\" srcset=\"https:\/\/www.visit-ulcinj.com\/blog\/wp-content\/uploads\/2016\/02\/Ljoro-Loro-Nrekic-Ulcinj.jpg 610w, https:\/\/www.visit-ulcinj.com\/blog\/wp-content\/uploads\/2016\/02\/Ljoro-Loro-Nrekic-Ulcinj-300x256.jpg 300w\" sizes=\"(max-width: 508px) 100vw, 508px\" \/><\/a><\/p>\n<p><strong><em>K\u00ebsaj i thon\u00eb \u2013 n\u00ebse nuk m\u00eb ka luajtur: Ta kall\u00ebzoj \u00a0me \u00a0gisht \u00a0nuk e din \u00e7ka isht&#8230;?!<\/em><\/strong><\/p>\n<p>Un\u00eb nuk mundem \u00a0\u00a0\u00a0t\u00eb besoj q\u00eb gj\u00ebrat n\u00eb k\u00ebt\u00eb pun\u00eb\u00a0 ndodh\u00ebn \u00a0rast\u00ebsisht..?!! Dhe tjet\u00ebr , sikur republika t\u00eb ket\u00eb dashur vet\u00ebm t\u00eb punoj\u00eb n\u00eb regjist\u00ebr ,\u00a0 e jo ta p\u00ebrpunoj\u00eb\u00a0 at\u00eb, n\u00eb kuptimin\u00a0 q\u00eb njeriu\u00a0 t\u00eb\u00a0 mos votoj\u00eb\u00a0 aty ku jeton , n\u00eb vendvotimin m\u00eb t\u00eb af\u00ebrt&#8230;, ajo kur e mori k\u00ebt\u00eb pun\u00eb nga komuna , \u00ebsht\u00eb dashur t\u00eb marr\u00eb pun\u00ebn bashk\u00eb me pun\u00ebtor\u00ebt q\u00eb e njihnin\u00a0 pun\u00ebn, \u00a0por jo. Dhe kjo ndodhi , sepse pa dyshim q\u00eb policia- DPS-i,\u00a0 d\u00ebshironte t\u00eb kontrollonte\u00a0 votuesin , kuptohet n\u00eb favor t\u00eb partis\u00eb n\u00eb pushtet. Ja \u00a0\u00a0t\u00eb shohim tashti- \u00e7far\u00eb u\u00a0 b\u00eb \u00a0konkretisht n\u00eb Ulqin?! N\u00eb Ulqin shohim , se si p\u00ebr shembull n\u00eb\u00a0 vend votimin\u00a0 Kryth\u00eb t\u00eb An\u00ebs Malit , disa nga votuesit e saj t\u00eb jen\u00eb\u00a0 transferuar p\u00ebr t\u00eb votuar n\u00eb Kryth\u00eb t\u00eb Ulqinit?\u201d<\/p>\n<p><em>Mansi, <\/em>\u00a0njofton se n\u00eb nivel t\u00eb Malit t\u00eb Zi, rreth 120 mij\u00eb votuesve , tu jet\u00eb nd\u00ebrruar vend votimi q\u00eb kuptohet se nuk \u00ebsht\u00eb\u00a0 krejt \u00a0pak&#8230;?!!<\/p>\n<p><strong><em>Pse u b\u00eb kjo loj\u00eb me Kryth\u00eb ?!!<\/em><\/strong><\/p>\n<p>Kush e studion problemin e vendvotimit \u00a0Kryth\u00eb, n\u00eb aspektin e evolucionit t\u00eb trupit zgjedhor, heton se ky vendvotim \u00ebsht\u00eb disi i ve\u00e7ant\u00eb , sepse ka votues \u201c inteligjent\u00eb..\u201d, q\u00eb gjith\u00eb her\u00eb\u00a0 p\u00ebrkrahin\u201d t\u00eb ren\u00eb ..\u201d?! Konkretisht kjo vlen , po ta shikojm\u00eb k\u00ebt\u00eb si lokalitet i An\u00ebs s\u00eb Malit e cila shquhet si zon\u00eb , q\u00eb v\u00ebshtir\u00eb e pranon t\u00eb ren\u00eb dhe v\u00ebshtir\u00eb \u201ct\u00eb tradhton\u201d.<\/p>\n<p>Fjala bie, k\u00ebta brenda An\u00eb s\u00eb Malit , t\u00eb par\u00ebt pranuan UDSH-n\u00eb,si opsion i qytetit, p\u00ebr dallim prej vendvotimeve\u00a0\u00a0 tjer\u00eb q\u00eb i mbet\u00ebn besnik\u00eb lidhjes. ?! T\u00eb par\u00ebt gjithnj\u00eb\u00a0\u00a0 n\u00eb kuad\u00ebr t\u00eb trev\u00ebs&#8230;, p\u00ebrkrah\u00ebn DPS-in, por t\u00eb par\u00ebt edhe e braktis\u00ebn. T\u00eb par\u00ebt p\u00ebrkrah\u00ebn Prosperitetin,\u00a0 Forc\u00ebn dhe pastaj Gjek\u00ebn .<\/p>\n<p>Si duket\u00a0 puna e fshehjes &#8230;., \u00a0u intereson edhe partive shqiptare t\u00eb cilat\u00a0 sikur thon\u00eb : M\u00eb mir\u00eb , t\u00eb m\u00ebrziten e habiten duke k\u00ebrkuar veten se sa t\u00eb dalin dhe\u00a0 t\u00eb na votojn\u00eb kund\u00ebr ..?! Dhe qe pse: \u00a0hetohet q\u00eb \u00e7do nj\u00ebri\u00a0 &#8211; koalicion shqiptar , ka fituar nga\u00a0 policia regjistrin e ri , sipas tij , \u00a0\u00a0\u00a0\u00e7do nj\u00ebra \u00a0kontrollon- gjurmon votuesit e vet ku votojn\u00eb, kurse p\u00ebr ata q\u00eb jan\u00eb t\u00eb dyshimt\u00eb- vetvetiu dihet\u00a0 se do mbesin anash si t\u00eb pa informuar dhe do e bjerrin vot\u00ebn?!<\/p>\n<p><strong><em>ANDAJ \u2013 MOS \u00a0HARRONI:\u00a0 DILNI\u00a0 VOTONI\u00a0 DHE \u00a0ANULONI \u00a0\u00a0SE \u00a0NUK GABONI&#8230;?!!<\/em><\/strong><\/p>\n<p><a href=\"http:\/\/www.visit-ulcinj.com\/blog\/wp-content\/uploads\/2014\/11\/Muhamet-Nika.jpg\"><img loading=\"lazy\" class=\"alignleft wp-image-86143 size-thumbnail\" src=\"http:\/\/www.visit-ulcinj.com\/blog\/wp-content\/uploads\/2014\/11\/Muhamet-Nika-150x150.jpg\" alt=\"Muhamet Nika\" width=\"150\" height=\"150\" \/><\/a><strong>Sudski tuma\u010d- P\u00ebrkthyes gjyq\u00ebsor \u201c MUHAMET NIKA \u201d Ulcinj- Ulqin<\/strong><\/p>\n<p><strong>Adresa:<\/strong> zgrada SO ULCINJ- nd\u00ebrtesa e KK Ulqin<\/p>\n<p><strong>Telefon-i: <\/strong> 068 264 122<\/p>\n<p><strong>Email-i <\/strong>: <strong><a href=\"mailto:muhamet-nika@hotmail.com\">muhamet-nika@hotmail.com<\/a><\/strong><\/p>\n<p>Albanski jezik- prof. Albanskog jezika<\/p>\n<p>Gjuh\u00eb shqipe- prof. I gjuh\u00ebs shqipe<\/p>\n<p><strong>Pik\u00ebpamjet e shprehura n\u00eb faqen \u201cOPINIONE\u201d nuk p\u00ebrfaq\u00ebsojn\u00eb domosdoshm\u00ebrisht politik\u00ebn redaksionale t\u00eb \u201eLajmeve nga Ulqini\u201e<\/strong><\/p>\n","protected":false},"excerpt":{"rendered":"<p>Shkruan\u00a0 Muhamet\u00a0 Nika N\u00eb se deri n\u00eb zgjedhjet\u00a0 e kaluara regjistrin\u00a0 zgjedhor\u00a0 n\u00eb komun\u00eb e b\u00ebnte vet\u00eb komuna- shqiptar\u00ebt , me ligjin e ri\u00a0 k\u00ebt\u00eb pun\u00eb , tashm\u00eb e b\u00ebn\u00eb\u00a0 policia-shteti. Por p\u00ebr k\u00ebt\u00eb , partit\u00eb shqiptare as reaguan dhe as njoftuan p\u00ebr situat\u00ebn e re. Shumica e votuesve k\u00ebt\u00eb\u00a0 do ta marr\u00eb vesh\u00a0 tep\u00ebr [&hellip;]<\/p>\n","protected":false},"author":1,"featured_media":0,"comment_status":"closed","ping_status":"closed","sticky":false,"template":"","format":"standard","meta":{"spay_email":"","jetpack_publicize_message":"","jetpack_is_tweetstorm":false,"jetpack_publicize_feature_enabled":true},"categories":[14249],"tags":[],"jetpack_publicize_connections":[],"yoast_head":"<!-- This site is optimized with the Yoast SEO plugin v19.1 - https:\/\/yoast.com\/wordpress\/plugins\/seo\/ -->\n<title>Nika: Edhe DPS-i e di se n\u00eb Ulqin ka luajtur puna....?\u201d - Lajme nga Ulqini<\/title>\n<meta name=\"description\" content=\"Shkruan\u00a0 Muhamet\u00a0 Nika N\u00eb se deri n\u00eb zgjedhjet\u00a0 e kaluara regjistrin\u00a0 zgjedhor\u00a0 n\u00eb komun\u00eb e b\u00ebnte vet\u00eb komuna- shqiptar\u00ebt , me ligjin e ri\u00a0 k\u00ebt\u00eb pun\u00eb ,\" \/>\n<meta name=\"robots\" content=\"index, follow, max-snippet:-1, max-image-preview:large, max-video-preview:-1\" \/>\n<link rel=\"canonical\" href=\"https:\/\/www.visit-ulcinj.com\/blog\/2016\/09\/25\/nika-edhe-dps-e-di-se-ne-ulqin-ka-luajtur-puna\/\" \/>\n<meta property=\"og:locale\" content=\"en_US\" \/>\n<meta property=\"og:type\" content=\"article\" \/>\n<meta property=\"og:title\" content=\"Nika: Edhe DPS-i e di se n\u00eb Ulqin ka luajtur puna....?\u201d - Lajme nga Ulqini\" \/>\n<meta property=\"og:description\" content=\"Shkruan\u00a0 Muhamet\u00a0 Nika N\u00eb se deri n\u00eb zgjedhjet\u00a0 e kaluara regjistrin\u00a0 zgjedhor\u00a0 n\u00eb komun\u00eb e b\u00ebnte vet\u00eb komuna- shqiptar\u00ebt , me ligjin e ri\u00a0 k\u00ebt\u00eb pun\u00eb ,\" \/>\n<meta property=\"og:url\" content=\"https:\/\/www.visit-ulcinj.com\/blog\/2016\/09\/25\/nika-edhe-dps-e-di-se-ne-ulqin-ka-luajtur-puna\/\" \/>\n<meta property=\"og:site_name\" content=\"Lajme nga Ulqini\" \/>\n<meta property=\"article:published_time\" content=\"2016-09-25T21:08:26+00:00\" \/>\n<meta property=\"article:modified_time\" content=\"2016-09-25T21:09:28+00:00\" \/>\n<meta property=\"og:image\" content=\"http:\/\/www.visit-ulcinj.com\/blog\/wp-content\/uploads\/2016\/02\/Ljoro-Loro-Nrekic-Ulcinj.jpg\" \/>\n<meta name=\"twitter:label1\" content=\"Written by\" \/>\n\t<meta name=\"twitter:data1\" content=\"ulqini\" \/>\n\t<meta name=\"twitter:label2\" content=\"Est. reading time\" \/>\n\t<meta name=\"twitter:data2\" content=\"3 minutes\" \/>\n<script type=\"application\/ld+json\" class=\"yoast-schema-graph\">{\"@context\":\"https:\/\/schema.org\",\"@graph\":[{\"@type\":\"WebSite\",\"@id\":\"https:\/\/www.visit-ulcinj.com\/blog\/#website\",\"url\":\"https:\/\/www.visit-ulcinj.com\/blog\/\",\"name\":\"Lajme nga Ulqini\",\"description\":\"Lajme,Vijesti,Ulqini,Ulqin,Crna Gora,Mali i Zi\",\"potentialAction\":[{\"@type\":\"SearchAction\",\"target\":{\"@type\":\"EntryPoint\",\"urlTemplate\":\"https:\/\/www.visit-ulcinj.com\/blog\/?s={search_term_string}\"},\"query-input\":\"required name=search_term_string\"}],\"inLanguage\":\"en-US\"},{\"@type\":\"ImageObject\",\"inLanguage\":\"en-US\",\"@id\":\"https:\/\/www.visit-ulcinj.com\/blog\/2016\/09\/25\/nika-edhe-dps-e-di-se-ne-ulqin-ka-luajtur-puna\/#primaryimage\",\"url\":\"https:\/\/www.visit-ulcinj.com\/blog\/wp-content\/uploads\/2016\/02\/Ljoro-Loro-Nrekic-Ulcinj.jpg\",\"contentUrl\":\"https:\/\/www.visit-ulcinj.com\/blog\/wp-content\/uploads\/2016\/02\/Ljoro-Loro-Nrekic-Ulcinj.jpg\",\"width\":610,\"height\":521},{\"@type\":\"WebPage\",\"@id\":\"https:\/\/www.visit-ulcinj.com\/blog\/2016\/09\/25\/nika-edhe-dps-e-di-se-ne-ulqin-ka-luajtur-puna\/#webpage\",\"url\":\"https:\/\/www.visit-ulcinj.com\/blog\/2016\/09\/25\/nika-edhe-dps-e-di-se-ne-ulqin-ka-luajtur-puna\/\",\"name\":\"Nika: Edhe DPS-i e di se n\u00eb Ulqin ka luajtur puna....?\u201d - Lajme nga Ulqini\",\"isPartOf\":{\"@id\":\"https:\/\/www.visit-ulcinj.com\/blog\/#website\"},\"primaryImageOfPage\":{\"@id\":\"https:\/\/www.visit-ulcinj.com\/blog\/2016\/09\/25\/nika-edhe-dps-e-di-se-ne-ulqin-ka-luajtur-puna\/#primaryimage\"},\"datePublished\":\"2016-09-25T21:08:26+00:00\",\"dateModified\":\"2016-09-25T21:09:28+00:00\",\"author\":{\"@id\":\"https:\/\/www.visit-ulcinj.com\/blog\/#\/schema\/person\/dcab619c614d3038751c63bc2aadc06d\"},\"description\":\"Shkruan\u00a0 Muhamet\u00a0 Nika N\u00eb se deri n\u00eb zgjedhjet\u00a0 e kaluara regjistrin\u00a0 zgjedhor\u00a0 n\u00eb komun\u00eb e b\u00ebnte vet\u00eb komuna- shqiptar\u00ebt , me ligjin e ri\u00a0 k\u00ebt\u00eb pun\u00eb ,\",\"breadcrumb\":{\"@id\":\"https:\/\/www.visit-ulcinj.com\/blog\/2016\/09\/25\/nika-edhe-dps-e-di-se-ne-ulqin-ka-luajtur-puna\/#breadcrumb\"},\"inLanguage\":\"en-US\",\"potentialAction\":[{\"@type\":\"ReadAction\",\"target\":[\"https:\/\/www.visit-ulcinj.com\/blog\/2016\/09\/25\/nika-edhe-dps-e-di-se-ne-ulqin-ka-luajtur-puna\/\"]}]},{\"@type\":\"BreadcrumbList\",\"@id\":\"https:\/\/www.visit-ulcinj.com\/blog\/2016\/09\/25\/nika-edhe-dps-e-di-se-ne-ulqin-ka-luajtur-puna\/#breadcrumb\",\"itemListElement\":[{\"@type\":\"ListItem\",\"position\":1,\"name\":\"Nika: Edhe DPS-i e di se n\u00eb Ulqin ka luajtur puna&#8230;.?\u201d\"}]},{\"@type\":\"Person\",\"@id\":\"https:\/\/www.visit-ulcinj.com\/blog\/#\/schema\/person\/dcab619c614d3038751c63bc2aadc06d\",\"name\":\"ulqini\",\"sameAs\":[\"http:\/\/www.visit-ulcinj.com\"],\"url\":\"https:\/\/www.visit-ulcinj.com\/blog\/author\/admin\/\"}]}<\/script>\n<!-- \/ Yoast SEO plugin. -->","yoast_head_json":{"title":"Nika: Edhe DPS-i e di se n\u00eb Ulqin ka luajtur puna....?\u201d - Lajme nga Ulqini","description":"Shkruan\u00a0 Muhamet\u00a0 Nika N\u00eb se deri n\u00eb zgjedhjet\u00a0 e kaluara regjistrin\u00a0 zgjedhor\u00a0 n\u00eb komun\u00eb e b\u00ebnte vet\u00eb komuna- shqiptar\u00ebt , me ligjin e ri\u00a0 k\u00ebt\u00eb pun\u00eb ,","robots":{"index":"index","follow":"follow","max-snippet":"max-snippet:-1","max-image-preview":"max-image-preview:large","max-video-preview":"max-video-preview:-1"},"canonical":"https:\/\/www.visit-ulcinj.com\/blog\/2016\/09\/25\/nika-edhe-dps-e-di-se-ne-ulqin-ka-luajtur-puna\/","og_locale":"en_US","og_type":"article","og_title":"Nika: Edhe DPS-i e di se n\u00eb Ulqin ka luajtur puna....?\u201d - Lajme nga Ulqini","og_description":"Shkruan\u00a0 Muhamet\u00a0 Nika N\u00eb se deri n\u00eb zgjedhjet\u00a0 e kaluara regjistrin\u00a0 zgjedhor\u00a0 n\u00eb komun\u00eb e b\u00ebnte vet\u00eb komuna- shqiptar\u00ebt , me ligjin e ri\u00a0 k\u00ebt\u00eb pun\u00eb ,","og_url":"https:\/\/www.visit-ulcinj.com\/blog\/2016\/09\/25\/nika-edhe-dps-e-di-se-ne-ulqin-ka-luajtur-puna\/","og_site_name":"Lajme nga Ulqini","article_published_time":"2016-09-25T21:08:26+00:00","article_modified_time":"2016-09-25T21:09:28+00:00","og_image":[{"url":"http:\/\/www.visit-ulcinj.com\/blog\/wp-content\/uploads\/2016\/02\/Ljoro-Loro-Nrekic-Ulcinj.jpg"}],"twitter_misc":{"Written by":"ulqini","Est. reading time":"3 minutes"},"schema":{"@context":"https:\/\/schema.org","@graph":[{"@type":"WebSite","@id":"https:\/\/www.visit-ulcinj.com\/blog\/#website","url":"https:\/\/www.visit-ulcinj.com\/blog\/","name":"Lajme nga Ulqini","description":"Lajme,Vijesti,Ulqini,Ulqin,Crna Gora,Mali i Zi","potentialAction":[{"@type":"SearchAction","target":{"@type":"EntryPoint","urlTemplate":"https:\/\/www.visit-ulcinj.com\/blog\/?s={search_term_string}"},"query-input":"required name=search_term_string"}],"inLanguage":"en-US"},{"@type":"ImageObject","inLanguage":"en-US","@id":"https:\/\/www.visit-ulcinj.com\/blog\/2016\/09\/25\/nika-edhe-dps-e-di-se-ne-ulqin-ka-luajtur-puna\/#primaryimage","url":"https:\/\/www.visit-ulcinj.com\/blog\/wp-content\/uploads\/2016\/02\/Ljoro-Loro-Nrekic-Ulcinj.jpg","contentUrl":"https:\/\/www.visit-ulcinj.com\/blog\/wp-content\/uploads\/2016\/02\/Ljoro-Loro-Nrekic-Ulcinj.jpg","width":610,"height":521},{"@type":"WebPage","@id":"https:\/\/www.visit-ulcinj.com\/blog\/2016\/09\/25\/nika-edhe-dps-e-di-se-ne-ulqin-ka-luajtur-puna\/#webpage","url":"https:\/\/www.visit-ulcinj.com\/blog\/2016\/09\/25\/nika-edhe-dps-e-di-se-ne-ulqin-ka-luajtur-puna\/","name":"Nika: Edhe DPS-i e di se n\u00eb Ulqin ka luajtur puna....?\u201d - Lajme nga Ulqini","isPartOf":{"@id":"https:\/\/www.visit-ulcinj.com\/blog\/#website"},"primaryImageOfPage":{"@id":"https:\/\/www.visit-ulcinj.com\/blog\/2016\/09\/25\/nika-edhe-dps-e-di-se-ne-ulqin-ka-luajtur-puna\/#primaryimage"},"datePublished":"2016-09-25T21:08:26+00:00","dateModified":"2016-09-25T21:09:28+00:00","author":{"@id":"https:\/\/www.visit-ulcinj.com\/blog\/#\/schema\/person\/dcab619c614d3038751c63bc2aadc06d"},"description":"Shkruan\u00a0 Muhamet\u00a0 Nika N\u00eb se deri n\u00eb zgjedhjet\u00a0 e kaluara regjistrin\u00a0 zgjedhor\u00a0 n\u00eb komun\u00eb e b\u00ebnte vet\u00eb komuna- shqiptar\u00ebt , me ligjin e ri\u00a0 k\u00ebt\u00eb pun\u00eb ,","breadcrumb":{"@id":"https:\/\/www.visit-ulcinj.com\/blog\/2016\/09\/25\/nika-edhe-dps-e-di-se-ne-ulqin-ka-luajtur-puna\/#breadcrumb"},"inLanguage":"en-US","potentialAction":[{"@type":"ReadAction","target":["https:\/\/www.visit-ulcinj.com\/blog\/2016\/09\/25\/nika-edhe-dps-e-di-se-ne-ulqin-ka-luajtur-puna\/"]}]},{"@type":"BreadcrumbList","@id":"https:\/\/www.visit-ulcinj.com\/blog\/2016\/09\/25\/nika-edhe-dps-e-di-se-ne-ulqin-ka-luajtur-puna\/#breadcrumb","itemListElement":[{"@type":"ListItem","position":1,"name":"Nika: Edhe DPS-i e di se n\u00eb Ulqin ka luajtur puna&#8230;.?\u201d"}]},{"@type":"Person","@id":"https:\/\/www.visit-ulcinj.com\/blog\/#\/schema\/person\/dcab619c614d3038751c63bc2aadc06d","name":"ulqini","sameAs":["http:\/\/www.visit-ulcinj.com"],"url":"https:\/\/www.visit-ulcinj.com\/blog\/author\/admin\/"}]}},"jetpack_featured_media_url":"","jetpack_sharing_enabled":true,"jetpack_shortlink":"https:\/\/wp.me\/pe6lTn-pZL","_links":{"self":[{"href":"https:\/\/www.visit-ulcinj.com\/blog\/wp-json\/wp\/v2\/posts\/99929"}],"collection":[{"href":"https:\/\/www.visit-ulcinj.com\/blog\/wp-json\/wp\/v2\/posts"}],"about":[{"href":"https:\/\/www.visit-ulcinj.com\/blog\/wp-json\/wp\/v2\/types\/post"}],"author":[{"embeddable":true,"href":"https:\/\/www.visit-ulcinj.com\/blog\/wp-json\/wp\/v2\/users\/1"}],"replies":[{"embeddable":true,"href":"https:\/\/www.visit-ulcinj.com\/blog\/wp-json\/wp\/v2\/comments?post=99929"}],"version-history":[{"count":2,"href":"https:\/\/www.visit-ulcinj.com\/blog\/wp-json\/wp\/v2\/posts\/99929\/revisions"}],"predecessor-version":[{"id":99931,"href":"https:\/\/www.visit-ulcinj.com\/blog\/wp-json\/wp\/v2\/posts\/99929\/revisions\/99931"}],"wp:attachment":[{"href":"https:\/\/www.visit-ulcinj.com\/blog\/wp-json\/wp\/v2\/media?parent=99929"}],"wp:term":[{"taxonomy":"category","embeddable":true,"href":"https:\/\/www.visit-ulcinj.com\/blog\/wp-json\/wp\/v2\/categories?post=99929"},{"taxonomy":"post_tag","embeddable":true,"href":"https:\/\/www.visit-ulcinj.com\/blog\/wp-json\/wp\/v2\/tags?post=99929"}],"curies":[{"name":"wp","href":"https:\/\/api.w.org\/{rel}","templated":true}]}}