{"id":99935,"date":"2016-09-25T22:25:01","date_gmt":"2016-09-25T21:25:01","guid":{"rendered":"http:\/\/www.visit-ulcinj.com\/blog\/?p=99935"},"modified":"2016-09-27T18:36:19","modified_gmt":"2016-09-27T17:36:19","slug":"vdiq-gjelosh-gjokaj-picasso-shqiptar","status":"publish","type":"post","link":"https:\/\/www.visit-ulcinj.com\/blog\/2016\/09\/25\/vdiq-gjelosh-gjokaj-picasso-shqiptar\/","title":{"rendered":"Vdiq Gjelosh Gjokaj, Picasso shqiptar"},"content":{"rendered":"<p><a href=\"http:\/\/www.visit-ulcinj.com\/blog\/wp-content\/uploads\/2016\/09\/Gjelosh-Gjokaj.jpg\"><img loading=\"lazy\" class=\"alignleft wp-image-99936\" src=\"http:\/\/www.visit-ulcinj.com\/blog\/wp-content\/uploads\/2016\/09\/Gjelosh-Gjokaj.jpg\" alt=\"Gjelosh Gjokaj\" width=\"508\" height=\"294\" srcset=\"https:\/\/www.visit-ulcinj.com\/blog\/wp-content\/uploads\/2016\/09\/Gjelosh-Gjokaj.jpg 640w, https:\/\/www.visit-ulcinj.com\/blog\/wp-content\/uploads\/2016\/09\/Gjelosh-Gjokaj-300x173.jpg 300w\" sizes=\"(max-width: 508px) 100vw, 508px\" \/><\/a>\u00cbsht\u00eb shuar nga jeta n\u00eb mosh\u00ebn 83 vje\u00e7are, akademiku i njohur Gjelosh Gjokaj i cili ishte nj\u00ebherit piktor me fam\u00eb bot\u00ebrore.<\/p>\n<p>Gjokaj ka lindur n\u00eb vitin 1933 n\u00eb Milesh, lokalitet i Tuzit t\u00eb Malit t\u00eb Zi.<\/p>\n<p>Si nj\u00eb piktor i njohur me fam\u00eb bot\u00ebrore,\u00a0 Gjelosh Gjokaj kreu Shkoll\u00ebn e Mesme t\u00eb Artit dhe m\u00eb pas studimet e larta n\u00eb Akademin\u00eb e Artit, njofton Klan Kosova.<\/p>\n<p>U diplomua m\u00eb 1963 derisa gjat\u00eb viteve 1964-1969, themeloi deg\u00ebn e grafik\u00ebs n\u00eb Shkoll\u00ebn e Lart\u00eb Pedagogjike t\u00eb Prishtin\u00ebs.<\/p>\n<p>Akademiku Gjokaj nga viti 1969 deri m\u00eb 1983, punoi dhe jetoi n\u00eb Rom\u00eb, nd\u00ebrsa q\u00eb prej 1983 jetonte n\u00eb Augsburg t\u00eb Gjermanis\u00eb, njofton Klan Kosova.<\/p>\n<p>&nbsp;<\/p>\n<p class=\"entry-title\"><strong>Vdekja e Gjelosh Gjokajt pik\u00ebllon artist\u00ebt kosovar\u00eb<\/strong><\/p>\n<p class=\"entry-title\"><span class=\"author\"><b>Autor:<\/b>\u00a0Yllnor\u00eb Elshani<\/span><\/p>\n<div>\n<hr \/>\n<p>Vdekja e Gjelosh Gjokajt \u00a0i ka pik\u00eblluar shum\u00eb miq dhe koleg\u00eb t\u00eb tij n\u00eb Kosov\u00eb.<\/p>\n<p>Luan Mulliqi, ish- drejtor i Galeris\u00eb s\u00eb Arteve t\u00eb Kosov\u00ebs dhe mik i Gjokajt, tha p\u00ebr Klan Kosov\u00ebn se vdekja e tij ka l\u00ebn\u00eb zbraz\u00ebti t\u00eb jasht\u00ebzakonshme.<\/p>\n<p>\u2018\u2019\u00cbsht\u00eb humbje e madhe p\u00ebr artin pamor dhe modern, jo vet\u00ebm shqiptar por edhe n\u00eb Europ\u00eb\u201d.<\/p>\n<p>\u201cGjelosh Gjokaj i p\u00ebrkiste nj\u00eb grupi t\u00eb \u00a0artist\u00ebve t\u00eb m\u00ebdhenj t\u00eb Europ\u00ebs. Ai ishte i gjenerat\u00ebs s\u00eb art\u00eb t\u00eb piktor\u00ebve kosovar\u00eb, por nj\u00ebherit edhe pionier i grafik\u00ebs kosovare. \u00cbsht\u00eb piktor specifik i koh\u00ebs moderne\u201d.<\/p>\n<p>Mulliqi u shpreh se Gjokaj do t\u00eb kujtohet gjat\u00eb.<\/p>\n<p>\u2018\u2019Do t\u00eb mbahet mend p\u00ebr pikturat e tij metafizike. Gjith\u00eb krijimtarin\u00eb e tij i kushtoi Tuzit t\u00eb Malit t\u00eb Zi. P\u00ebr Gjeloshin u shkruajt\u00ebn qindra kritika dhe \u00e7dokund krijimtaria e tij u vler\u00ebsua pozitivisht\u201d.<\/p>\n<p>P\u00ebrmes artit, piktori i shquar do t\u00eb k\u00ebrkonte \u00e7do her\u00eb t\u00eb zhvillonte imagjinat\u00ebn p\u00ebr t\u00eb arritur n\u00eb vepra t\u00eb mahnitshme p\u00ebr t\u00eb cilat u botuan edhe monografi.<\/p>\n<p>\u2018\u2019P\u00ebr Gjelosh Gjokajn, u botuan edhe shum\u00eb monografi nga Akademia e Shkencave dhe Arteve. Ai pas vetes ka l\u00ebn\u00eb qindra mij\u00ebra vizatime dhe piktura. \u00cbsht\u00eb me t\u00eb v\u00ebrtet\u00eb nj\u00eb humbje e madhe p\u00ebr t\u00eb gjith\u00eb ne shqiptar\u00ebt, e jo vet\u00ebm\u2019\u2019, ka p\u00ebrfunduar Mulliqi p\u00ebr klankosova.tv.<\/p>\n<p>Dhembje ndjen edhe piktori Mehmet Behluli \u2013 profesor n\u00eb Akademin\u00eb e Arteve.<\/p>\n<p>\u2018\u2019Lajmi se ka vdekur Gjelosh Gjokaj m\u00eb preku shum\u00eb. Ishte lajm i papritur, vdekja e tij na preku t\u00eb gjith\u00ebve\u201d.<\/p>\n<p>\u201cGjeloshi ishte nj\u00eb prej piktor\u00ebve doajen\u00eb, nj\u00eb prej baballar\u00ebve t\u00eb artit bashk\u00ebkohor\u00eb n\u00eb Kosov\u00eb. Ndihem shum\u00eb i pik\u00eblluar p\u00ebr vdekjen e tij\u201d.<\/p>\n<p>Duke e pasur t\u00eb v\u00ebshtir\u00eb t\u2019i klasifikoj\u00eb veprat e piktorit t\u00eb famsh\u00ebm, Behluli tha p\u00ebr klankosova.tv se ato radhiten n\u00eb pik\u00ebn m\u00eb t\u00eb lart\u00eb t\u00eb artit.<\/p>\n<p>\u2018\u2019Veprat e tij jan\u00eb shum\u00eb t\u00eb r\u00ebnd\u00ebsishme p\u00ebr tradit\u00ebn e artit n\u00eb Kosov\u00eb\u201d.<\/p>\n<p>Shk\u00eblzen Maliqi, kritik i artit, p\u00ebrmes nj\u00eb statusi n\u00eb Facebook tha se puna e Gjelosh Gjokajt ishte vep\u00ebr kreative qasje e t\u00eb cilit ndryshonte sikurse jeta e vet piktorit n\u00eb disa faza.<\/p>\n<p>Duke iu referuar vepr\u00ebs \u201cAt\u00ebher\u00eb \u00e7far\u00eb jam un\u00eb\u201d, Maliqi shkroi se ai ngjason me nj\u00eb nomad modern.<\/p>\n<p>\u2018\u2019Si nj\u00eb nomad modern q\u00eb i bredhte posht\u00eb lart\u00eb relacionet mes Ballkanit, Mediteranit, Apenineve dhe Bavaris\u00eb, Gjokaj do t\u00eb k\u00ebrkonte dhe zhvillonte nj\u00eb profil artistik me karakteristika t\u00eb p\u00ebrb\u00ebra, nga nj\u00ebra an\u00eb profil dinamik dhe k\u00ebrkues, dhe nga ana tjet\u00ebr i fiksuar n\u00eb tema identitare dhe t\u00eb individualitetit, q\u00eb n\u00ebse nuk ishin me figura dhe imazhineri statike, at\u00ebher\u00eb fokusoheshin n\u00eb ca p\u00ebrshtatje l\u00ebviz\u00ebse\u201d.<\/p>\n<p>Piktori i njohur Gjelosh Gjokaj, nd\u00ebrroi jet\u00eb n\u00eb m\u00ebngjesin e s\u00eb diel\u00ebs, duke l\u00ebn\u00eb pas vetes mbi 3 mij\u00eb veprave arti n\u00eb piktur\u00eb dhe grafik\u00eb, njofton Klan Kosova.<\/p>\n<\/div>\n","protected":false},"excerpt":{"rendered":"<p>\u00cbsht\u00eb shuar nga jeta n\u00eb mosh\u00ebn 83 vje\u00e7are, akademiku i njohur Gjelosh Gjokaj i cili ishte nj\u00ebherit piktor me fam\u00eb bot\u00ebrore. Gjokaj ka lindur n\u00eb vitin 1933 n\u00eb Milesh, lokalitet i Tuzit t\u00eb Malit t\u00eb Zi. Si nj\u00eb piktor i njohur me fam\u00eb bot\u00ebrore,\u00a0 Gjelosh Gjokaj kreu Shkoll\u00ebn e Mesme t\u00eb Artit dhe m\u00eb pas [&hellip;]<\/p>\n","protected":false},"author":1,"featured_media":0,"comment_status":"closed","ping_status":"closed","sticky":false,"template":"","format":"standard","meta":{"spay_email":"","jetpack_publicize_message":"","jetpack_is_tweetstorm":false,"jetpack_publicize_feature_enabled":true},"categories":[4],"tags":[],"jetpack_publicize_connections":[],"yoast_head":"<!-- This site is optimized with the Yoast SEO plugin v19.1 - https:\/\/yoast.com\/wordpress\/plugins\/seo\/ -->\n<title>Vdiq Gjelosh Gjokaj, Picasso shqiptar - Lajme nga Ulqini<\/title>\n<meta name=\"description\" content=\"\u00cbsht\u00eb shuar nga jeta n\u00eb mosh\u00ebn 83 vje\u00e7are, akademiku i njohur Gjelosh Gjokaj i cili ishte nj\u00ebherit piktor me fam\u00eb bot\u00ebrore. Gjokaj ka lindur n\u00eb vitin 1933\" \/>\n<meta name=\"robots\" content=\"index, follow, max-snippet:-1, max-image-preview:large, max-video-preview:-1\" \/>\n<link rel=\"canonical\" href=\"https:\/\/www.visit-ulcinj.com\/blog\/2016\/09\/25\/vdiq-gjelosh-gjokaj-picasso-shqiptar\/\" \/>\n<meta property=\"og:locale\" content=\"en_US\" \/>\n<meta property=\"og:type\" content=\"article\" \/>\n<meta property=\"og:title\" content=\"Vdiq Gjelosh Gjokaj, Picasso shqiptar - Lajme nga Ulqini\" \/>\n<meta property=\"og:description\" content=\"\u00cbsht\u00eb shuar nga jeta n\u00eb mosh\u00ebn 83 vje\u00e7are, akademiku i njohur Gjelosh Gjokaj i cili ishte nj\u00ebherit piktor me fam\u00eb bot\u00ebrore. Gjokaj ka lindur n\u00eb vitin 1933\" \/>\n<meta property=\"og:url\" content=\"https:\/\/www.visit-ulcinj.com\/blog\/2016\/09\/25\/vdiq-gjelosh-gjokaj-picasso-shqiptar\/\" \/>\n<meta property=\"og:site_name\" content=\"Lajme nga Ulqini\" \/>\n<meta property=\"article:published_time\" content=\"2016-09-25T21:25:01+00:00\" \/>\n<meta property=\"article:modified_time\" content=\"2016-09-27T17:36:19+00:00\" \/>\n<meta property=\"og:image\" content=\"http:\/\/www.visit-ulcinj.com\/blog\/wp-content\/uploads\/2016\/09\/Gjelosh-Gjokaj.jpg\" \/>\n<meta name=\"twitter:label1\" content=\"Written by\" \/>\n\t<meta name=\"twitter:data1\" content=\"ulqini\" \/>\n\t<meta name=\"twitter:label2\" content=\"Est. reading time\" \/>\n\t<meta name=\"twitter:data2\" content=\"3 minutes\" \/>\n<script type=\"application\/ld+json\" class=\"yoast-schema-graph\">{\"@context\":\"https:\/\/schema.org\",\"@graph\":[{\"@type\":\"WebSite\",\"@id\":\"https:\/\/www.visit-ulcinj.com\/blog\/#website\",\"url\":\"https:\/\/www.visit-ulcinj.com\/blog\/\",\"name\":\"Lajme nga Ulqini\",\"description\":\"Lajme,Vijesti,Ulqini,Ulqin,Crna Gora,Mali i Zi\",\"potentialAction\":[{\"@type\":\"SearchAction\",\"target\":{\"@type\":\"EntryPoint\",\"urlTemplate\":\"https:\/\/www.visit-ulcinj.com\/blog\/?s={search_term_string}\"},\"query-input\":\"required name=search_term_string\"}],\"inLanguage\":\"en-US\"},{\"@type\":\"ImageObject\",\"inLanguage\":\"en-US\",\"@id\":\"https:\/\/www.visit-ulcinj.com\/blog\/2016\/09\/25\/vdiq-gjelosh-gjokaj-picasso-shqiptar\/#primaryimage\",\"url\":\"https:\/\/www.visit-ulcinj.com\/blog\/wp-content\/uploads\/2016\/09\/Gjelosh-Gjokaj.jpg\",\"contentUrl\":\"https:\/\/www.visit-ulcinj.com\/blog\/wp-content\/uploads\/2016\/09\/Gjelosh-Gjokaj.jpg\",\"width\":640,\"height\":370},{\"@type\":\"WebPage\",\"@id\":\"https:\/\/www.visit-ulcinj.com\/blog\/2016\/09\/25\/vdiq-gjelosh-gjokaj-picasso-shqiptar\/#webpage\",\"url\":\"https:\/\/www.visit-ulcinj.com\/blog\/2016\/09\/25\/vdiq-gjelosh-gjokaj-picasso-shqiptar\/\",\"name\":\"Vdiq Gjelosh Gjokaj, Picasso shqiptar - Lajme nga Ulqini\",\"isPartOf\":{\"@id\":\"https:\/\/www.visit-ulcinj.com\/blog\/#website\"},\"primaryImageOfPage\":{\"@id\":\"https:\/\/www.visit-ulcinj.com\/blog\/2016\/09\/25\/vdiq-gjelosh-gjokaj-picasso-shqiptar\/#primaryimage\"},\"datePublished\":\"2016-09-25T21:25:01+00:00\",\"dateModified\":\"2016-09-27T17:36:19+00:00\",\"author\":{\"@id\":\"https:\/\/www.visit-ulcinj.com\/blog\/#\/schema\/person\/dcab619c614d3038751c63bc2aadc06d\"},\"description\":\"\u00cbsht\u00eb shuar nga jeta n\u00eb mosh\u00ebn 83 vje\u00e7are, akademiku i njohur Gjelosh Gjokaj i cili ishte nj\u00ebherit piktor me fam\u00eb bot\u00ebrore. Gjokaj ka lindur n\u00eb vitin 1933\",\"breadcrumb\":{\"@id\":\"https:\/\/www.visit-ulcinj.com\/blog\/2016\/09\/25\/vdiq-gjelosh-gjokaj-picasso-shqiptar\/#breadcrumb\"},\"inLanguage\":\"en-US\",\"potentialAction\":[{\"@type\":\"ReadAction\",\"target\":[\"https:\/\/www.visit-ulcinj.com\/blog\/2016\/09\/25\/vdiq-gjelosh-gjokaj-picasso-shqiptar\/\"]}]},{\"@type\":\"BreadcrumbList\",\"@id\":\"https:\/\/www.visit-ulcinj.com\/blog\/2016\/09\/25\/vdiq-gjelosh-gjokaj-picasso-shqiptar\/#breadcrumb\",\"itemListElement\":[{\"@type\":\"ListItem\",\"position\":1,\"name\":\"Vdiq Gjelosh Gjokaj, Picasso shqiptar\"}]},{\"@type\":\"Person\",\"@id\":\"https:\/\/www.visit-ulcinj.com\/blog\/#\/schema\/person\/dcab619c614d3038751c63bc2aadc06d\",\"name\":\"ulqini\",\"sameAs\":[\"http:\/\/www.visit-ulcinj.com\"],\"url\":\"https:\/\/www.visit-ulcinj.com\/blog\/author\/admin\/\"}]}<\/script>\n<!-- \/ Yoast SEO plugin. -->","yoast_head_json":{"title":"Vdiq Gjelosh Gjokaj, Picasso shqiptar - Lajme nga Ulqini","description":"\u00cbsht\u00eb shuar nga jeta n\u00eb mosh\u00ebn 83 vje\u00e7are, akademiku i njohur Gjelosh Gjokaj i cili ishte nj\u00ebherit piktor me fam\u00eb bot\u00ebrore. Gjokaj ka lindur n\u00eb vitin 1933","robots":{"index":"index","follow":"follow","max-snippet":"max-snippet:-1","max-image-preview":"max-image-preview:large","max-video-preview":"max-video-preview:-1"},"canonical":"https:\/\/www.visit-ulcinj.com\/blog\/2016\/09\/25\/vdiq-gjelosh-gjokaj-picasso-shqiptar\/","og_locale":"en_US","og_type":"article","og_title":"Vdiq Gjelosh Gjokaj, Picasso shqiptar - Lajme nga Ulqini","og_description":"\u00cbsht\u00eb shuar nga jeta n\u00eb mosh\u00ebn 83 vje\u00e7are, akademiku i njohur Gjelosh Gjokaj i cili ishte nj\u00ebherit piktor me fam\u00eb bot\u00ebrore. Gjokaj ka lindur n\u00eb vitin 1933","og_url":"https:\/\/www.visit-ulcinj.com\/blog\/2016\/09\/25\/vdiq-gjelosh-gjokaj-picasso-shqiptar\/","og_site_name":"Lajme nga Ulqini","article_published_time":"2016-09-25T21:25:01+00:00","article_modified_time":"2016-09-27T17:36:19+00:00","og_image":[{"url":"http:\/\/www.visit-ulcinj.com\/blog\/wp-content\/uploads\/2016\/09\/Gjelosh-Gjokaj.jpg"}],"twitter_misc":{"Written by":"ulqini","Est. reading time":"3 minutes"},"schema":{"@context":"https:\/\/schema.org","@graph":[{"@type":"WebSite","@id":"https:\/\/www.visit-ulcinj.com\/blog\/#website","url":"https:\/\/www.visit-ulcinj.com\/blog\/","name":"Lajme nga Ulqini","description":"Lajme,Vijesti,Ulqini,Ulqin,Crna Gora,Mali i Zi","potentialAction":[{"@type":"SearchAction","target":{"@type":"EntryPoint","urlTemplate":"https:\/\/www.visit-ulcinj.com\/blog\/?s={search_term_string}"},"query-input":"required name=search_term_string"}],"inLanguage":"en-US"},{"@type":"ImageObject","inLanguage":"en-US","@id":"https:\/\/www.visit-ulcinj.com\/blog\/2016\/09\/25\/vdiq-gjelosh-gjokaj-picasso-shqiptar\/#primaryimage","url":"https:\/\/www.visit-ulcinj.com\/blog\/wp-content\/uploads\/2016\/09\/Gjelosh-Gjokaj.jpg","contentUrl":"https:\/\/www.visit-ulcinj.com\/blog\/wp-content\/uploads\/2016\/09\/Gjelosh-Gjokaj.jpg","width":640,"height":370},{"@type":"WebPage","@id":"https:\/\/www.visit-ulcinj.com\/blog\/2016\/09\/25\/vdiq-gjelosh-gjokaj-picasso-shqiptar\/#webpage","url":"https:\/\/www.visit-ulcinj.com\/blog\/2016\/09\/25\/vdiq-gjelosh-gjokaj-picasso-shqiptar\/","name":"Vdiq Gjelosh Gjokaj, Picasso shqiptar - Lajme nga Ulqini","isPartOf":{"@id":"https:\/\/www.visit-ulcinj.com\/blog\/#website"},"primaryImageOfPage":{"@id":"https:\/\/www.visit-ulcinj.com\/blog\/2016\/09\/25\/vdiq-gjelosh-gjokaj-picasso-shqiptar\/#primaryimage"},"datePublished":"2016-09-25T21:25:01+00:00","dateModified":"2016-09-27T17:36:19+00:00","author":{"@id":"https:\/\/www.visit-ulcinj.com\/blog\/#\/schema\/person\/dcab619c614d3038751c63bc2aadc06d"},"description":"\u00cbsht\u00eb shuar nga jeta n\u00eb mosh\u00ebn 83 vje\u00e7are, akademiku i njohur Gjelosh Gjokaj i cili ishte nj\u00ebherit piktor me fam\u00eb bot\u00ebrore. Gjokaj ka lindur n\u00eb vitin 1933","breadcrumb":{"@id":"https:\/\/www.visit-ulcinj.com\/blog\/2016\/09\/25\/vdiq-gjelosh-gjokaj-picasso-shqiptar\/#breadcrumb"},"inLanguage":"en-US","potentialAction":[{"@type":"ReadAction","target":["https:\/\/www.visit-ulcinj.com\/blog\/2016\/09\/25\/vdiq-gjelosh-gjokaj-picasso-shqiptar\/"]}]},{"@type":"BreadcrumbList","@id":"https:\/\/www.visit-ulcinj.com\/blog\/2016\/09\/25\/vdiq-gjelosh-gjokaj-picasso-shqiptar\/#breadcrumb","itemListElement":[{"@type":"ListItem","position":1,"name":"Vdiq Gjelosh Gjokaj, Picasso shqiptar"}]},{"@type":"Person","@id":"https:\/\/www.visit-ulcinj.com\/blog\/#\/schema\/person\/dcab619c614d3038751c63bc2aadc06d","name":"ulqini","sameAs":["http:\/\/www.visit-ulcinj.com"],"url":"https:\/\/www.visit-ulcinj.com\/blog\/author\/admin\/"}]}},"jetpack_featured_media_url":"","jetpack_sharing_enabled":true,"jetpack_shortlink":"https:\/\/wp.me\/pe6lTn-pZR","_links":{"self":[{"href":"https:\/\/www.visit-ulcinj.com\/blog\/wp-json\/wp\/v2\/posts\/99935"}],"collection":[{"href":"https:\/\/www.visit-ulcinj.com\/blog\/wp-json\/wp\/v2\/posts"}],"about":[{"href":"https:\/\/www.visit-ulcinj.com\/blog\/wp-json\/wp\/v2\/types\/post"}],"author":[{"embeddable":true,"href":"https:\/\/www.visit-ulcinj.com\/blog\/wp-json\/wp\/v2\/users\/1"}],"replies":[{"embeddable":true,"href":"https:\/\/www.visit-ulcinj.com\/blog\/wp-json\/wp\/v2\/comments?post=99935"}],"version-history":[{"count":1,"href":"https:\/\/www.visit-ulcinj.com\/blog\/wp-json\/wp\/v2\/posts\/99935\/revisions"}],"predecessor-version":[{"id":99937,"href":"https:\/\/www.visit-ulcinj.com\/blog\/wp-json\/wp\/v2\/posts\/99935\/revisions\/99937"}],"wp:attachment":[{"href":"https:\/\/www.visit-ulcinj.com\/blog\/wp-json\/wp\/v2\/media?parent=99935"}],"wp:term":[{"taxonomy":"category","embeddable":true,"href":"https:\/\/www.visit-ulcinj.com\/blog\/wp-json\/wp\/v2\/categories?post=99935"},{"taxonomy":"post_tag","embeddable":true,"href":"https:\/\/www.visit-ulcinj.com\/blog\/wp-json\/wp\/v2\/tags?post=99935"}],"curies":[{"name":"wp","href":"https:\/\/api.w.org\/{rel}","templated":true}]}}