{"id":99938,"date":"2016-09-26T07:08:01","date_gmt":"2016-09-26T06:08:01","guid":{"rendered":"http:\/\/www.visit-ulcinj.com\/blog\/?p=99938"},"modified":"2016-09-27T06:57:49","modified_gmt":"2016-09-27T05:57:49","slug":"koalicioni-shqiptar-nje-qellim-ne-malin-e-zi-publikon-programin","status":"publish","type":"post","link":"https:\/\/www.visit-ulcinj.com\/blog\/2016\/09\/26\/koalicioni-shqiptar-nje-qellim-ne-malin-e-zi-publikon-programin\/","title":{"rendered":"Koalicioni shqiptar \u201cM\u00eb nj\u00eb q\u00ebllim\u201d n\u00eb Malin e Zi publikon programin"},"content":{"rendered":"<p><strong><a href=\"http:\/\/www.visit-ulcinj.com\/blog\/wp-content\/uploads\/2016\/09\/Fatmir-Gjeka-G\u00ebzim-Hajdinaga-Smail-Maliq-\u00c7unmulaj-Vasel-Sinishtaj.jpg\"><img loading=\"lazy\" class=\"alignleft wp-image-99735\" src=\"http:\/\/www.visit-ulcinj.com\/blog\/wp-content\/uploads\/2016\/09\/Fatmir-Gjeka-G\u00ebzim-Hajdinaga-Smail-Maliq-\u00c7unmulaj-Vasel-Sinishtaj.jpg\" alt=\"Fatmir Gjeka-G\u00ebzim Hajdinaga- Smail Maliq \u00c7unmulaj-Vasel Sinishtaj\" width=\"508\" height=\"328\" srcset=\"https:\/\/www.visit-ulcinj.com\/blog\/wp-content\/uploads\/2016\/09\/Fatmir-Gjeka-G\u00ebzim-Hajdinaga-Smail-Maliq-\u00c7unmulaj-Vasel-Sinishtaj.jpg 580w, https:\/\/www.visit-ulcinj.com\/blog\/wp-content\/uploads\/2016\/09\/Fatmir-Gjeka-G\u00ebzim-Hajdinaga-Smail-Maliq-\u00c7unmulaj-Vasel-Sinishtaj-300x194.jpg 300w\" sizes=\"(max-width: 508px) 100vw, 508px\" \/><\/a>DISA PIKA NGA PROGRAMI POLITIK DHE SHOQ\u00cbROR<\/strong><\/p>\n<p>Do t\u00eb angazhohemi p\u00ebr:<\/p>\n<ul>\n<li>avancimin e t\u00eb drejtave t\u00eb Shqiptar\u00ebve n\u00eb Mal t\u00eb Zi n\u00eb sferen e t\u00eb drejtave p\u00ebr gjuhen shqipe, flamurit, rekonstruimit t\u00eb shkollave ekzistuese n\u00eb gjuhen shqipe dhe nd\u00ebrtimit t\u00eb shkollave t\u00eb tjera n\u00eb rast nevoje, p\u00ebrmir\u00ebsimin i teksteve m\u00ebsimore n\u00eb gjuhen shqipe, m\u00ebsimi i historis\u00eb shqiptare- ilire, sigurimi i kuotave t\u00eb regjistrimeve n\u00eb Akademin\u00eb e policis\u00eb dhe ushtris\u00eb p\u00ebr popullaten shqiptare, leht\u00ebsimin i regjistrimeve t\u00eb studenteve n\u00eb Universitetet e Mali t\u00eb Zi dhe atyre n\u00eb Shqip\u00ebri dhe Kosov\u00eb.<\/li>\n<li>ndryshimin e Ligjit p\u00ebr qeverisjen lokale me q\u00ebllim t\u00eb arritjes s\u00eb Tuzit-Mal\u00ebsis\u00eb si komun e plot\u00eb, decentralizimit t\u00eb pushtetit lokal n\u00eb marrjen e vendimeve p\u00ebr t\u00eb gjitha \u00e7\u00ebshtjet shoq\u00ebrore dhe ekonomike.<\/li>\n<li>ndryshimin e Ligjit mbi financimin e qeverisjes lokale ku komunat do t\u00eb ken\u00eb t\u00eb ardhura m\u00eb t\u00eb m\u00ebdha me q\u00ebllim t\u00eb rritjes s\u00eb pavar\u00ebsis\u00eb s\u00eb tyre financiare.<\/li>\n<li>ndryshimin e Ligjit mbi t\u00eb ashtuquajtura t\u00eb mirat detare me q\u00ebllim q\u00eb ky ligj t\u00eb jet\u00eb m\u00eb n\u00eb interes t\u00eb qytetareve dhe nj\u00ebkoh\u00ebsisht mbrojtja e k\u00ebsaj zone nga devastimi dhe nd\u00ebrtimi jolegal.<\/li>\n<li>nga Buxheti shtet\u00ebror i Malit t\u00eb Zi p\u00ebr \u00e7do vit t\u00eb investohen deri n\u00eb 10 mil. euro n\u00eb p\u00ebrmir\u00ebsimin e infrastruktures rrugore n\u00eb zonat ku jetojn\u00eb shqip\u00ebtar\u00ebt, me q\u00ebllim t\u00eb p\u00ebrmir\u00ebsimit t\u00eb kushteve t\u00eb jetes\u00ebs n\u00eb k\u00ebto zona.<\/li>\n<li>ndryshimin\u00a0 e ligjeve t\u00eb rregullojn\u00eb \u00e7\u00ebshtjet sociale, ku \u00e7do f\u00ebmij deri n\u00eb mosh\u00ebn 18 vje\u00e7are t\u00eb ket\u00eb t\u00eb ardhura nga buxheti shtet\u00ebror\u00eb nga 50 Euro n\u00eb muaj, udh\u00ebtimi i \u00e7do nx\u00ebn\u00ebsi n\u00eb shkollen fillore t\u00eb jet\u00eb i paguar nga buxheti shtet\u00ebror\u00eb, kompensimi p\u00ebr kujdesin e t\u00eb s\u00ebmur\u00ebve t\u00eb rritet n\u00eb 100 Euro n\u00eb muaj, si dhe ndihma sociale p\u00ebr t\u00eb varf\u00ebrit\u00eb t\u00eb rritet n\u00eb 170 Euro n\u00eb muaj.<\/li>\n<li>ndryshimin e Ligjit t\u00eb tatimit mbi vleren e shtuar n\u00eb pjesen e industris\u00eb s\u00eb turizmit, ku ai t\u00eb zvoglohet nga 19% n\u00eb 7%.<\/li>\n<li>heqjen e Ligjit p\u00ebr taksen turistike, zvoglimin e tatimit mbi regjistrimin e automjeteve p\u00ebr 15%.<\/li>\n<li>mbrojtjen e Ullishtes s\u00eb Valdanosit, shpallja e tij si park nacional apo Qend\u00ebr ekologjike nd\u00ebrkomb\u00ebtare dhe konkurrimi i tij si trashigimi kulturore n\u00eb UNESCO.<\/li>\n<li>inicimin q\u00eb Kalaja e Ulqinit t\u00eb b\u00ebhet trashigimi kulturore e mbrojtur nga UNESCO.<\/li>\n<li>rivalorizimin i Qytetit t\u00eb Shasit p\u00ebr q\u00ebllime turistike.<\/li>\n<li>inicimin q\u00eb Kriporja e Ulqinit dhe gryk\u00ebderdhja e Bun\u00ebs t\u00eb shpallet zone e mbrojtur dhe konkurrimi i tyre n\u00eb listen RAMSTAR.<\/li>\n<\/ul>\n<p><strong>\u00a0<\/strong><\/p>\n<p><strong>DISA PIKA T\u00cb PROGRAMIT EKONOMIK<\/strong><\/p>\n<p>Do t\u00eb angazhohemi tek t\u00eb gjitha institucionet shtet\u00ebrore dhe t\u00eb jashtme p\u00ebr revalorizimin e zonave me potenciale zhvillimore turistike si\u00e7 jan\u00eb:<\/p>\n<ul>\n<li>nd\u00ebrtimi i resorteve turistike me 4 dhe 5 yje n\u00eb zonen e Plazhit t\u00eb Madh dhe ishullit Ada e Bun\u00ebs, dhe zhvillimi i turizmit bregdetar dhe atij sportive n\u00eb k\u00ebt\u00eb zone,<\/li>\n<li>valorizimi turistik i liqenit t\u00eb Shasit me resorte turistike t\u00eb turizmit natyror\u00eb dhe sportiv,<\/li>\n<li>shpallja e zones s\u00eb Plav\u00ebs si zone turistike dhe nd\u00ebrtimi i nj\u00eb resorti luksuz dim\u00ebror\u00eb,<\/li>\n<li>zona e Kraj\u00ebs t\u00eb shpallet zon\u00eb turistike, ku p\u00ebrreth liqenit t\u00eb Shkodres t\u00eb ushtrohet turizmi natyror dhe sportive.<\/li>\n<\/ul>\n<p>Ne nj\u00ebkoh\u00ebsisht do t\u00eb p\u00ebrpiqemi p\u00ebr revalorizimin e zonave me potenciale zhvillimore bujq\u00ebsore si\u00e7 jan\u00eb:<\/p>\n<ul>\n<li>Subvencionimi p\u00ebr mbjelljen e agrumeve (ulliri, mandarina, portokalli, limoni, fiku, shega), ashtu si\u00e7 \u00ebsht\u00eb n\u00eb BE ku subvencionet p\u00ebr buq\u00ebsi jan\u00eb nga 32-48%<\/li>\n<li>Subvencionimi p\u00ebr mbjedhjen e drur\u00ebve frutor\u00eb (arra, leshniku, bademi)<\/li>\n<li>Ndihma p\u00ebr integrimin e prodhueseve bujq\u00ebsor\u00eb n\u00eb firma klaster p\u00ebr shitjen e produkteve t\u00eb tyre brenda dhe jasht vendit.<\/li>\n<\/ul>\n<p>Ul.info<\/p>\n","protected":false},"excerpt":{"rendered":"<p>DISA PIKA NGA PROGRAMI POLITIK DHE SHOQ\u00cbROR Do t\u00eb angazhohemi p\u00ebr: avancimin e t\u00eb drejtave t\u00eb Shqiptar\u00ebve n\u00eb Mal t\u00eb Zi n\u00eb sferen e t\u00eb drejtave p\u00ebr gjuhen shqipe, flamurit, rekonstruimit t\u00eb shkollave ekzistuese n\u00eb gjuhen shqipe dhe nd\u00ebrtimit t\u00eb shkollave t\u00eb tjera n\u00eb rast nevoje, p\u00ebrmir\u00ebsimin i teksteve m\u00ebsimore n\u00eb gjuhen shqipe, m\u00ebsimi i [&hellip;]<\/p>\n","protected":false},"author":1,"featured_media":0,"comment_status":"closed","ping_status":"closed","sticky":false,"template":"","format":"standard","meta":{"spay_email":"","jetpack_publicize_message":"","jetpack_is_tweetstorm":false,"jetpack_publicize_feature_enabled":true},"categories":[1,12],"tags":[],"jetpack_publicize_connections":[],"yoast_head":"<!-- This site is optimized with the Yoast SEO plugin v19.1 - https:\/\/yoast.com\/wordpress\/plugins\/seo\/ -->\n<title>Koalicioni shqiptar \u201cM\u00eb nj\u00eb q\u00ebllim\u201d n\u00eb Malin e Zi publikon programin - Lajme nga Ulqini<\/title>\n<meta name=\"description\" content=\"DISA PIKA NGA PROGRAMI POLITIK DHE SHOQ\u00cbROR Do t\u00eb angazhohemi p\u00ebr: avancimin e t\u00eb drejtave t\u00eb Shqiptar\u00ebve n\u00eb Mal t\u00eb Zi n\u00eb sferen e t\u00eb drejtave p\u00ebr gjuhen\" \/>\n<meta name=\"robots\" content=\"index, follow, max-snippet:-1, max-image-preview:large, max-video-preview:-1\" \/>\n<link rel=\"canonical\" href=\"https:\/\/www.visit-ulcinj.com\/blog\/2016\/09\/26\/koalicioni-shqiptar-nje-qellim-ne-malin-e-zi-publikon-programin\/\" \/>\n<meta property=\"og:locale\" content=\"en_US\" \/>\n<meta property=\"og:type\" content=\"article\" \/>\n<meta property=\"og:title\" content=\"Koalicioni shqiptar \u201cM\u00eb nj\u00eb q\u00ebllim\u201d n\u00eb Malin e Zi publikon programin - Lajme nga Ulqini\" \/>\n<meta property=\"og:description\" content=\"DISA PIKA NGA PROGRAMI POLITIK DHE SHOQ\u00cbROR Do t\u00eb angazhohemi p\u00ebr: avancimin e t\u00eb drejtave t\u00eb Shqiptar\u00ebve n\u00eb Mal t\u00eb Zi n\u00eb sferen e t\u00eb drejtave p\u00ebr gjuhen\" \/>\n<meta property=\"og:url\" content=\"https:\/\/www.visit-ulcinj.com\/blog\/2016\/09\/26\/koalicioni-shqiptar-nje-qellim-ne-malin-e-zi-publikon-programin\/\" \/>\n<meta property=\"og:site_name\" content=\"Lajme nga Ulqini\" \/>\n<meta property=\"article:published_time\" content=\"2016-09-26T06:08:01+00:00\" \/>\n<meta property=\"article:modified_time\" content=\"2016-09-27T05:57:49+00:00\" \/>\n<meta name=\"twitter:label1\" content=\"Written by\" \/>\n\t<meta name=\"twitter:data1\" content=\"ulqini\" \/>\n\t<meta name=\"twitter:label2\" content=\"Est. reading time\" \/>\n\t<meta name=\"twitter:data2\" content=\"3 minutes\" \/>\n<script type=\"application\/ld+json\" class=\"yoast-schema-graph\">{\"@context\":\"https:\/\/schema.org\",\"@graph\":[{\"@type\":\"WebSite\",\"@id\":\"https:\/\/www.visit-ulcinj.com\/blog\/#website\",\"url\":\"https:\/\/www.visit-ulcinj.com\/blog\/\",\"name\":\"Lajme nga Ulqini\",\"description\":\"Lajme,Vijesti,Ulqini,Ulqin,Crna Gora,Mali i Zi\",\"potentialAction\":[{\"@type\":\"SearchAction\",\"target\":{\"@type\":\"EntryPoint\",\"urlTemplate\":\"https:\/\/www.visit-ulcinj.com\/blog\/?s={search_term_string}\"},\"query-input\":\"required name=search_term_string\"}],\"inLanguage\":\"en-US\"},{\"@type\":\"WebPage\",\"@id\":\"https:\/\/www.visit-ulcinj.com\/blog\/2016\/09\/26\/koalicioni-shqiptar-nje-qellim-ne-malin-e-zi-publikon-programin\/#webpage\",\"url\":\"https:\/\/www.visit-ulcinj.com\/blog\/2016\/09\/26\/koalicioni-shqiptar-nje-qellim-ne-malin-e-zi-publikon-programin\/\",\"name\":\"Koalicioni shqiptar \u201cM\u00eb nj\u00eb q\u00ebllim\u201d n\u00eb Malin e Zi publikon programin - Lajme nga Ulqini\",\"isPartOf\":{\"@id\":\"https:\/\/www.visit-ulcinj.com\/blog\/#website\"},\"datePublished\":\"2016-09-26T06:08:01+00:00\",\"dateModified\":\"2016-09-27T05:57:49+00:00\",\"author\":{\"@id\":\"https:\/\/www.visit-ulcinj.com\/blog\/#\/schema\/person\/dcab619c614d3038751c63bc2aadc06d\"},\"description\":\"DISA PIKA NGA PROGRAMI POLITIK DHE SHOQ\u00cbROR Do t\u00eb angazhohemi p\u00ebr: avancimin e t\u00eb drejtave t\u00eb Shqiptar\u00ebve n\u00eb Mal t\u00eb Zi n\u00eb sferen e t\u00eb drejtave p\u00ebr gjuhen\",\"breadcrumb\":{\"@id\":\"https:\/\/www.visit-ulcinj.com\/blog\/2016\/09\/26\/koalicioni-shqiptar-nje-qellim-ne-malin-e-zi-publikon-programin\/#breadcrumb\"},\"inLanguage\":\"en-US\",\"potentialAction\":[{\"@type\":\"ReadAction\",\"target\":[\"https:\/\/www.visit-ulcinj.com\/blog\/2016\/09\/26\/koalicioni-shqiptar-nje-qellim-ne-malin-e-zi-publikon-programin\/\"]}]},{\"@type\":\"BreadcrumbList\",\"@id\":\"https:\/\/www.visit-ulcinj.com\/blog\/2016\/09\/26\/koalicioni-shqiptar-nje-qellim-ne-malin-e-zi-publikon-programin\/#breadcrumb\",\"itemListElement\":[{\"@type\":\"ListItem\",\"position\":1,\"name\":\"Koalicioni shqiptar \u201cM\u00eb nj\u00eb q\u00ebllim\u201d n\u00eb Malin e Zi publikon programin\"}]},{\"@type\":\"Person\",\"@id\":\"https:\/\/www.visit-ulcinj.com\/blog\/#\/schema\/person\/dcab619c614d3038751c63bc2aadc06d\",\"name\":\"ulqini\",\"sameAs\":[\"http:\/\/www.visit-ulcinj.com\"],\"url\":\"https:\/\/www.visit-ulcinj.com\/blog\/author\/admin\/\"}]}<\/script>\n<!-- \/ Yoast SEO plugin. -->","yoast_head_json":{"title":"Koalicioni shqiptar \u201cM\u00eb nj\u00eb q\u00ebllim\u201d n\u00eb Malin e Zi publikon programin - Lajme nga Ulqini","description":"DISA PIKA NGA PROGRAMI POLITIK DHE SHOQ\u00cbROR Do t\u00eb angazhohemi p\u00ebr: avancimin e t\u00eb drejtave t\u00eb Shqiptar\u00ebve n\u00eb Mal t\u00eb Zi n\u00eb sferen e t\u00eb drejtave p\u00ebr gjuhen","robots":{"index":"index","follow":"follow","max-snippet":"max-snippet:-1","max-image-preview":"max-image-preview:large","max-video-preview":"max-video-preview:-1"},"canonical":"https:\/\/www.visit-ulcinj.com\/blog\/2016\/09\/26\/koalicioni-shqiptar-nje-qellim-ne-malin-e-zi-publikon-programin\/","og_locale":"en_US","og_type":"article","og_title":"Koalicioni shqiptar \u201cM\u00eb nj\u00eb q\u00ebllim\u201d n\u00eb Malin e Zi publikon programin - Lajme nga Ulqini","og_description":"DISA PIKA NGA PROGRAMI POLITIK DHE SHOQ\u00cbROR Do t\u00eb angazhohemi p\u00ebr: avancimin e t\u00eb drejtave t\u00eb Shqiptar\u00ebve n\u00eb Mal t\u00eb Zi n\u00eb sferen e t\u00eb drejtave p\u00ebr gjuhen","og_url":"https:\/\/www.visit-ulcinj.com\/blog\/2016\/09\/26\/koalicioni-shqiptar-nje-qellim-ne-malin-e-zi-publikon-programin\/","og_site_name":"Lajme nga Ulqini","article_published_time":"2016-09-26T06:08:01+00:00","article_modified_time":"2016-09-27T05:57:49+00:00","twitter_misc":{"Written by":"ulqini","Est. reading time":"3 minutes"},"schema":{"@context":"https:\/\/schema.org","@graph":[{"@type":"WebSite","@id":"https:\/\/www.visit-ulcinj.com\/blog\/#website","url":"https:\/\/www.visit-ulcinj.com\/blog\/","name":"Lajme nga Ulqini","description":"Lajme,Vijesti,Ulqini,Ulqin,Crna Gora,Mali i Zi","potentialAction":[{"@type":"SearchAction","target":{"@type":"EntryPoint","urlTemplate":"https:\/\/www.visit-ulcinj.com\/blog\/?s={search_term_string}"},"query-input":"required name=search_term_string"}],"inLanguage":"en-US"},{"@type":"WebPage","@id":"https:\/\/www.visit-ulcinj.com\/blog\/2016\/09\/26\/koalicioni-shqiptar-nje-qellim-ne-malin-e-zi-publikon-programin\/#webpage","url":"https:\/\/www.visit-ulcinj.com\/blog\/2016\/09\/26\/koalicioni-shqiptar-nje-qellim-ne-malin-e-zi-publikon-programin\/","name":"Koalicioni shqiptar \u201cM\u00eb nj\u00eb q\u00ebllim\u201d n\u00eb Malin e Zi publikon programin - Lajme nga Ulqini","isPartOf":{"@id":"https:\/\/www.visit-ulcinj.com\/blog\/#website"},"datePublished":"2016-09-26T06:08:01+00:00","dateModified":"2016-09-27T05:57:49+00:00","author":{"@id":"https:\/\/www.visit-ulcinj.com\/blog\/#\/schema\/person\/dcab619c614d3038751c63bc2aadc06d"},"description":"DISA PIKA NGA PROGRAMI POLITIK DHE SHOQ\u00cbROR Do t\u00eb angazhohemi p\u00ebr: avancimin e t\u00eb drejtave t\u00eb Shqiptar\u00ebve n\u00eb Mal t\u00eb Zi n\u00eb sferen e t\u00eb drejtave p\u00ebr gjuhen","breadcrumb":{"@id":"https:\/\/www.visit-ulcinj.com\/blog\/2016\/09\/26\/koalicioni-shqiptar-nje-qellim-ne-malin-e-zi-publikon-programin\/#breadcrumb"},"inLanguage":"en-US","potentialAction":[{"@type":"ReadAction","target":["https:\/\/www.visit-ulcinj.com\/blog\/2016\/09\/26\/koalicioni-shqiptar-nje-qellim-ne-malin-e-zi-publikon-programin\/"]}]},{"@type":"BreadcrumbList","@id":"https:\/\/www.visit-ulcinj.com\/blog\/2016\/09\/26\/koalicioni-shqiptar-nje-qellim-ne-malin-e-zi-publikon-programin\/#breadcrumb","itemListElement":[{"@type":"ListItem","position":1,"name":"Koalicioni shqiptar \u201cM\u00eb nj\u00eb q\u00ebllim\u201d n\u00eb Malin e Zi publikon programin"}]},{"@type":"Person","@id":"https:\/\/www.visit-ulcinj.com\/blog\/#\/schema\/person\/dcab619c614d3038751c63bc2aadc06d","name":"ulqini","sameAs":["http:\/\/www.visit-ulcinj.com"],"url":"https:\/\/www.visit-ulcinj.com\/blog\/author\/admin\/"}]}},"jetpack_featured_media_url":"","jetpack_sharing_enabled":true,"jetpack_shortlink":"https:\/\/wp.me\/pe6lTn-pZU","_links":{"self":[{"href":"https:\/\/www.visit-ulcinj.com\/blog\/wp-json\/wp\/v2\/posts\/99938"}],"collection":[{"href":"https:\/\/www.visit-ulcinj.com\/blog\/wp-json\/wp\/v2\/posts"}],"about":[{"href":"https:\/\/www.visit-ulcinj.com\/blog\/wp-json\/wp\/v2\/types\/post"}],"author":[{"embeddable":true,"href":"https:\/\/www.visit-ulcinj.com\/blog\/wp-json\/wp\/v2\/users\/1"}],"replies":[{"embeddable":true,"href":"https:\/\/www.visit-ulcinj.com\/blog\/wp-json\/wp\/v2\/comments?post=99938"}],"version-history":[{"count":1,"href":"https:\/\/www.visit-ulcinj.com\/blog\/wp-json\/wp\/v2\/posts\/99938\/revisions"}],"predecessor-version":[{"id":99939,"href":"https:\/\/www.visit-ulcinj.com\/blog\/wp-json\/wp\/v2\/posts\/99938\/revisions\/99939"}],"wp:attachment":[{"href":"https:\/\/www.visit-ulcinj.com\/blog\/wp-json\/wp\/v2\/media?parent=99938"}],"wp:term":[{"taxonomy":"category","embeddable":true,"href":"https:\/\/www.visit-ulcinj.com\/blog\/wp-json\/wp\/v2\/categories?post=99938"},{"taxonomy":"post_tag","embeddable":true,"href":"https:\/\/www.visit-ulcinj.com\/blog\/wp-json\/wp\/v2\/tags?post=99938"}],"curies":[{"name":"wp","href":"https:\/\/api.w.org\/{rel}","templated":true}]}}