{"id":99945,"date":"2016-09-26T12:57:24","date_gmt":"2016-09-26T11:57:24","guid":{"rendered":"http:\/\/www.visit-ulcinj.com\/blog\/?p=99945"},"modified":"2016-09-26T12:57:24","modified_gmt":"2016-09-26T11:57:24","slug":"zavrsen-d-olcinium-iternational-festival","status":"publish","type":"post","link":"https:\/\/www.visit-ulcinj.com\/blog\/2016\/09\/26\/zavrsen-d-olcinium-iternational-festival\/","title":{"rendered":"Zavr\u0161en D olcinium Iternational festival"},"content":{"rendered":"<p><a href=\"http:\/\/www.visit-ulcinj.com\/blog\/wp-content\/uploads\/2016\/09\/P\u00ebrfundoi-manifestimi-D-olcinium-International-festival-1.jpg\"><img loading=\"lazy\" class=\"alignleft wp-image-99943\" src=\"http:\/\/www.visit-ulcinj.com\/blog\/wp-content\/uploads\/2016\/09\/P\u00ebrfundoi-manifestimi-D-olcinium-International-festival-1.jpg\" alt=\"P\u00ebrfundoi manifestimi D olcinium International festival-1\" width=\"508\" height=\"339\" srcset=\"https:\/\/www.visit-ulcinj.com\/blog\/wp-content\/uploads\/2016\/09\/P\u00ebrfundoi-manifestimi-D-olcinium-International-festival-1.jpg 927w, https:\/\/www.visit-ulcinj.com\/blog\/wp-content\/uploads\/2016\/09\/P\u00ebrfundoi-manifestimi-D-olcinium-International-festival-1-300x200.jpg 300w, https:\/\/www.visit-ulcinj.com\/blog\/wp-content\/uploads\/2016\/09\/P\u00ebrfundoi-manifestimi-D-olcinium-International-festival-1-768x512.jpg 768w\" sizes=\"(max-width: 508px) 100vw, 508px\" \/><\/a>Ulcinj je ovog vikenda bio mjesto susretanja i pro\u017eimanja razli\u010ditih tradicija, kultura i obi\u010daja, mjesto dru\u017eenja mladih ljudi iz nekoliko zemalja regiona i \u0161ire. Zavr\u0161ena je manifestacija D olcinium International Festivala koju Turisti\u010dka Organizacija Ulcinj u saradnji sa Op\u0161tinom Ulcinj i \u0161kolom Porta di Danza organizuje tre\u0107u godinu za redom. Sve je bilo u znaku rasko\u0161nih no\u0161nji, muzike, pjesme, igre i mladosti&#8230;.i to je sve po\u010delo defilom ulicama na\u0161eg grada, da bi se nastavilo \u00a0koncertima dvije no\u0107i za redom u Domu Kulture na kojima su nastupali svi u\u010desnici a ulcinjani su se okupili u velikom broju gdje su imali priliku da jo\u0161 jednom u\u017eivaju u ljepoti folklora kulturno umjetni\u010dkih dru\u0161tava i ansambla iz Crne Gore, Albanije, Bosne i Hercegovine, Hrvatske, Srbije, Rumunije, Kosova, Turske ..<\/p>\n<p><a href=\"http:\/\/www.visit-ulcinj.com\/blog\/wp-content\/uploads\/2016\/09\/P\u00ebrfundoi-manifestimi-D-olcinium-International-festival.jpg\"><img loading=\"lazy\" class=\"alignleft wp-image-99941\" src=\"http:\/\/www.visit-ulcinj.com\/blog\/wp-content\/uploads\/2016\/09\/P\u00ebrfundoi-manifestimi-D-olcinium-International-festival.jpg\" alt=\"P\u00ebrfundoi manifestimi D olcinium International festival\" width=\"508\" height=\"339\" srcset=\"https:\/\/www.visit-ulcinj.com\/blog\/wp-content\/uploads\/2016\/09\/P\u00ebrfundoi-manifestimi-D-olcinium-International-festival.jpg 927w, https:\/\/www.visit-ulcinj.com\/blog\/wp-content\/uploads\/2016\/09\/P\u00ebrfundoi-manifestimi-D-olcinium-International-festival-300x200.jpg 300w, https:\/\/www.visit-ulcinj.com\/blog\/wp-content\/uploads\/2016\/09\/P\u00ebrfundoi-manifestimi-D-olcinium-International-festival-768x512.jpg 768w\" sizes=\"(max-width: 508px) 100vw, 508px\" \/><\/a><\/p>\n<p>Tako\u0111e ova dva dana predstavnike ovih kulturnih udru\u017eenja do\u010dekao je i predsjednik Op\u0161tine Ulcinj g.Nazif Cungu koji je naveo da mu je drago \u0161to su u\u010desnici ove tradicionalne manifestacije folklornog stvarala\u0161tva bili u prilici da se susretnu i sklope nova prijateljstva i upoznali se sa specifi\u010dnostima multietni\u010dkog Ulcinja. U hotelu Mediteran je organizovan koktel za sve u\u010desnike festivala i prisutne goste koji su u\u017eivali u zajedni\u010dkoj igri, specijalitetima ulcinjske kuhinje i tako priveli kraju manifestaciju sa nadom da \u0107emo se dru\u017eiti opet naredne godine.<\/p>\n<p><a href=\"http:\/\/www.visit-ulcinj.com\/blog\/wp-content\/uploads\/2016\/09\/P\u00ebrfundoi-manifestimi-D-olcinium-International-festival-2.jpg\"><img loading=\"lazy\" class=\"alignleft wp-image-99942\" src=\"http:\/\/www.visit-ulcinj.com\/blog\/wp-content\/uploads\/2016\/09\/P\u00ebrfundoi-manifestimi-D-olcinium-International-festival-2.jpg\" alt=\"P\u00ebrfundoi manifestimi D olcinium International festival-2\" width=\"508\" height=\"286\" srcset=\"https:\/\/www.visit-ulcinj.com\/blog\/wp-content\/uploads\/2016\/09\/P\u00ebrfundoi-manifestimi-D-olcinium-International-festival-2.jpg 960w, https:\/\/www.visit-ulcinj.com\/blog\/wp-content\/uploads\/2016\/09\/P\u00ebrfundoi-manifestimi-D-olcinium-International-festival-2-300x169.jpg 300w, https:\/\/www.visit-ulcinj.com\/blog\/wp-content\/uploads\/2016\/09\/P\u00ebrfundoi-manifestimi-D-olcinium-International-festival-2-768x432.jpg 768w\" sizes=\"(max-width: 508px) 100vw, 508px\" \/><\/a><\/p>\n<p>Festival je zvani\u010dno zatvorio <strong>direktor Turisti\u010dke Organizacije Ulcinj g.Mr Fuad Hadzibeti<\/strong> izra\u017eavaju\u0107i zadovoljstvo \u0161to je Ulcinj jo\u0161 jednom ugostio mlade folkloriste iz raznih krajeva i da \u0107e Turisti\u010dka Organizacija Ulcinj i u budu\u0107e podr\u017eavati sli\u010dne manifestacije i smotre mladosti koje imaju za cilj njegovanje kulturno-istorijskih i turisti\u010dkih vrijednosti. Svim u\u010desnicima su dodijeljene zahvalnice i prigodni pokloni kao uspomena na njihov boravak u Ulcinju.<\/p>\n<p>Strucna sluzba TO Ulcinj<\/p>\n","protected":false},"excerpt":{"rendered":"<p>Ulcinj je ovog vikenda bio mjesto susretanja i pro\u017eimanja razli\u010ditih tradicija, kultura i obi\u010daja, mjesto dru\u017eenja mladih ljudi iz nekoliko zemalja regiona i \u0161ire. Zavr\u0161ena je manifestacija D olcinium International Festivala koju Turisti\u010dka Organizacija Ulcinj u saradnji sa Op\u0161tinom Ulcinj i \u0161kolom Porta di Danza organizuje tre\u0107u godinu za redom. Sve je bilo u znaku [&hellip;]<\/p>\n","protected":false},"author":1,"featured_media":0,"comment_status":"closed","ping_status":"closed","sticky":false,"template":"","format":"standard","meta":{"spay_email":"","jetpack_publicize_message":"","jetpack_is_tweetstorm":false,"jetpack_publicize_feature_enabled":true},"categories":[8337],"tags":[],"jetpack_publicize_connections":[],"yoast_head":"<!-- This site is optimized with the Yoast SEO plugin v19.1 - https:\/\/yoast.com\/wordpress\/plugins\/seo\/ -->\n<title>Zavr\u0161en D olcinium Iternational festival - Lajme nga Ulqini<\/title>\n<meta name=\"description\" content=\"Ulcinj je ovog vikenda bio mjesto susretanja i pro\u017eimanja razli\u010ditih tradicija, kultura i obi\u010daja, mjesto dru\u017eenja mladih ljudi iz nekoliko zemalja\" \/>\n<meta name=\"robots\" content=\"index, follow, max-snippet:-1, max-image-preview:large, max-video-preview:-1\" \/>\n<link rel=\"canonical\" href=\"https:\/\/www.visit-ulcinj.com\/blog\/2016\/09\/26\/zavrsen-d-olcinium-iternational-festival\/\" \/>\n<meta property=\"og:locale\" content=\"en_US\" \/>\n<meta property=\"og:type\" content=\"article\" \/>\n<meta property=\"og:title\" content=\"Zavr\u0161en D olcinium Iternational festival - Lajme nga Ulqini\" \/>\n<meta property=\"og:description\" content=\"Ulcinj je ovog vikenda bio mjesto susretanja i pro\u017eimanja razli\u010ditih tradicija, kultura i obi\u010daja, mjesto dru\u017eenja mladih ljudi iz nekoliko zemalja\" \/>\n<meta property=\"og:url\" content=\"https:\/\/www.visit-ulcinj.com\/blog\/2016\/09\/26\/zavrsen-d-olcinium-iternational-festival\/\" \/>\n<meta property=\"og:site_name\" content=\"Lajme nga Ulqini\" \/>\n<meta property=\"article:published_time\" content=\"2016-09-26T11:57:24+00:00\" \/>\n<meta name=\"twitter:label1\" content=\"Written by\" \/>\n\t<meta name=\"twitter:data1\" content=\"ulqini\" \/>\n\t<meta name=\"twitter:label2\" content=\"Est. reading time\" \/>\n\t<meta name=\"twitter:data2\" content=\"2 minutes\" \/>\n<script type=\"application\/ld+json\" class=\"yoast-schema-graph\">{\"@context\":\"https:\/\/schema.org\",\"@graph\":[{\"@type\":\"WebSite\",\"@id\":\"https:\/\/www.visit-ulcinj.com\/blog\/#website\",\"url\":\"https:\/\/www.visit-ulcinj.com\/blog\/\",\"name\":\"Lajme nga Ulqini\",\"description\":\"Lajme,Vijesti,Ulqini,Ulqin,Crna Gora,Mali i Zi\",\"potentialAction\":[{\"@type\":\"SearchAction\",\"target\":{\"@type\":\"EntryPoint\",\"urlTemplate\":\"https:\/\/www.visit-ulcinj.com\/blog\/?s={search_term_string}\"},\"query-input\":\"required name=search_term_string\"}],\"inLanguage\":\"en-US\"},{\"@type\":\"WebPage\",\"@id\":\"https:\/\/www.visit-ulcinj.com\/blog\/2016\/09\/26\/zavrsen-d-olcinium-iternational-festival\/#webpage\",\"url\":\"https:\/\/www.visit-ulcinj.com\/blog\/2016\/09\/26\/zavrsen-d-olcinium-iternational-festival\/\",\"name\":\"Zavr\u0161en D olcinium Iternational festival - Lajme nga Ulqini\",\"isPartOf\":{\"@id\":\"https:\/\/www.visit-ulcinj.com\/blog\/#website\"},\"datePublished\":\"2016-09-26T11:57:24+00:00\",\"dateModified\":\"2016-09-26T11:57:24+00:00\",\"author\":{\"@id\":\"https:\/\/www.visit-ulcinj.com\/blog\/#\/schema\/person\/dcab619c614d3038751c63bc2aadc06d\"},\"description\":\"Ulcinj je ovog vikenda bio mjesto susretanja i pro\u017eimanja razli\u010ditih tradicija, kultura i obi\u010daja, mjesto dru\u017eenja mladih ljudi iz nekoliko zemalja\",\"breadcrumb\":{\"@id\":\"https:\/\/www.visit-ulcinj.com\/blog\/2016\/09\/26\/zavrsen-d-olcinium-iternational-festival\/#breadcrumb\"},\"inLanguage\":\"en-US\",\"potentialAction\":[{\"@type\":\"ReadAction\",\"target\":[\"https:\/\/www.visit-ulcinj.com\/blog\/2016\/09\/26\/zavrsen-d-olcinium-iternational-festival\/\"]}]},{\"@type\":\"BreadcrumbList\",\"@id\":\"https:\/\/www.visit-ulcinj.com\/blog\/2016\/09\/26\/zavrsen-d-olcinium-iternational-festival\/#breadcrumb\",\"itemListElement\":[{\"@type\":\"ListItem\",\"position\":1,\"name\":\"Zavr\u0161en D olcinium Iternational festival\"}]},{\"@type\":\"Person\",\"@id\":\"https:\/\/www.visit-ulcinj.com\/blog\/#\/schema\/person\/dcab619c614d3038751c63bc2aadc06d\",\"name\":\"ulqini\",\"sameAs\":[\"http:\/\/www.visit-ulcinj.com\"],\"url\":\"https:\/\/www.visit-ulcinj.com\/blog\/author\/admin\/\"}]}<\/script>\n<!-- \/ Yoast SEO plugin. -->","yoast_head_json":{"title":"Zavr\u0161en D olcinium Iternational festival - Lajme nga Ulqini","description":"Ulcinj je ovog vikenda bio mjesto susretanja i pro\u017eimanja razli\u010ditih tradicija, kultura i obi\u010daja, mjesto dru\u017eenja mladih ljudi iz nekoliko zemalja","robots":{"index":"index","follow":"follow","max-snippet":"max-snippet:-1","max-image-preview":"max-image-preview:large","max-video-preview":"max-video-preview:-1"},"canonical":"https:\/\/www.visit-ulcinj.com\/blog\/2016\/09\/26\/zavrsen-d-olcinium-iternational-festival\/","og_locale":"en_US","og_type":"article","og_title":"Zavr\u0161en D olcinium Iternational festival - Lajme nga Ulqini","og_description":"Ulcinj je ovog vikenda bio mjesto susretanja i pro\u017eimanja razli\u010ditih tradicija, kultura i obi\u010daja, mjesto dru\u017eenja mladih ljudi iz nekoliko zemalja","og_url":"https:\/\/www.visit-ulcinj.com\/blog\/2016\/09\/26\/zavrsen-d-olcinium-iternational-festival\/","og_site_name":"Lajme nga Ulqini","article_published_time":"2016-09-26T11:57:24+00:00","twitter_misc":{"Written by":"ulqini","Est. reading time":"2 minutes"},"schema":{"@context":"https:\/\/schema.org","@graph":[{"@type":"WebSite","@id":"https:\/\/www.visit-ulcinj.com\/blog\/#website","url":"https:\/\/www.visit-ulcinj.com\/blog\/","name":"Lajme nga Ulqini","description":"Lajme,Vijesti,Ulqini,Ulqin,Crna Gora,Mali i Zi","potentialAction":[{"@type":"SearchAction","target":{"@type":"EntryPoint","urlTemplate":"https:\/\/www.visit-ulcinj.com\/blog\/?s={search_term_string}"},"query-input":"required name=search_term_string"}],"inLanguage":"en-US"},{"@type":"WebPage","@id":"https:\/\/www.visit-ulcinj.com\/blog\/2016\/09\/26\/zavrsen-d-olcinium-iternational-festival\/#webpage","url":"https:\/\/www.visit-ulcinj.com\/blog\/2016\/09\/26\/zavrsen-d-olcinium-iternational-festival\/","name":"Zavr\u0161en D olcinium Iternational festival - Lajme nga Ulqini","isPartOf":{"@id":"https:\/\/www.visit-ulcinj.com\/blog\/#website"},"datePublished":"2016-09-26T11:57:24+00:00","dateModified":"2016-09-26T11:57:24+00:00","author":{"@id":"https:\/\/www.visit-ulcinj.com\/blog\/#\/schema\/person\/dcab619c614d3038751c63bc2aadc06d"},"description":"Ulcinj je ovog vikenda bio mjesto susretanja i pro\u017eimanja razli\u010ditih tradicija, kultura i obi\u010daja, mjesto dru\u017eenja mladih ljudi iz nekoliko zemalja","breadcrumb":{"@id":"https:\/\/www.visit-ulcinj.com\/blog\/2016\/09\/26\/zavrsen-d-olcinium-iternational-festival\/#breadcrumb"},"inLanguage":"en-US","potentialAction":[{"@type":"ReadAction","target":["https:\/\/www.visit-ulcinj.com\/blog\/2016\/09\/26\/zavrsen-d-olcinium-iternational-festival\/"]}]},{"@type":"BreadcrumbList","@id":"https:\/\/www.visit-ulcinj.com\/blog\/2016\/09\/26\/zavrsen-d-olcinium-iternational-festival\/#breadcrumb","itemListElement":[{"@type":"ListItem","position":1,"name":"Zavr\u0161en D olcinium Iternational festival"}]},{"@type":"Person","@id":"https:\/\/www.visit-ulcinj.com\/blog\/#\/schema\/person\/dcab619c614d3038751c63bc2aadc06d","name":"ulqini","sameAs":["http:\/\/www.visit-ulcinj.com"],"url":"https:\/\/www.visit-ulcinj.com\/blog\/author\/admin\/"}]}},"jetpack_featured_media_url":"","jetpack_sharing_enabled":true,"jetpack_shortlink":"https:\/\/wp.me\/pe6lTn-q01","_links":{"self":[{"href":"https:\/\/www.visit-ulcinj.com\/blog\/wp-json\/wp\/v2\/posts\/99945"}],"collection":[{"href":"https:\/\/www.visit-ulcinj.com\/blog\/wp-json\/wp\/v2\/posts"}],"about":[{"href":"https:\/\/www.visit-ulcinj.com\/blog\/wp-json\/wp\/v2\/types\/post"}],"author":[{"embeddable":true,"href":"https:\/\/www.visit-ulcinj.com\/blog\/wp-json\/wp\/v2\/users\/1"}],"replies":[{"embeddable":true,"href":"https:\/\/www.visit-ulcinj.com\/blog\/wp-json\/wp\/v2\/comments?post=99945"}],"version-history":[{"count":1,"href":"https:\/\/www.visit-ulcinj.com\/blog\/wp-json\/wp\/v2\/posts\/99945\/revisions"}],"predecessor-version":[{"id":99946,"href":"https:\/\/www.visit-ulcinj.com\/blog\/wp-json\/wp\/v2\/posts\/99945\/revisions\/99946"}],"wp:attachment":[{"href":"https:\/\/www.visit-ulcinj.com\/blog\/wp-json\/wp\/v2\/media?parent=99945"}],"wp:term":[{"taxonomy":"category","embeddable":true,"href":"https:\/\/www.visit-ulcinj.com\/blog\/wp-json\/wp\/v2\/categories?post=99945"},{"taxonomy":"post_tag","embeddable":true,"href":"https:\/\/www.visit-ulcinj.com\/blog\/wp-json\/wp\/v2\/tags?post=99945"}],"curies":[{"name":"wp","href":"https:\/\/api.w.org\/{rel}","templated":true}]}}