{"id":99947,"date":"2016-09-26T12:59:24","date_gmt":"2016-09-26T11:59:24","guid":{"rendered":"http:\/\/www.visit-ulcinj.com\/blog\/?p=99947"},"modified":"2016-09-26T12:59:24","modified_gmt":"2016-09-26T11:59:24","slug":"omladinski-turizam-kao-perspektiva-ulcinja","status":"publish","type":"post","link":"https:\/\/www.visit-ulcinj.com\/blog\/2016\/09\/26\/omladinski-turizam-kao-perspektiva-ulcinja\/","title":{"rendered":"Omladinski turizam kao perspektiva Ulcinja"},"content":{"rendered":"<p><a href=\"http:\/\/www.visit-ulcinj.com\/blog\/wp-content\/uploads\/2016\/09\/Omladinski-turizam-Ulcinja.jpg\"><img loading=\"lazy\" class=\"alignleft wp-image-99948\" src=\"http:\/\/www.visit-ulcinj.com\/blog\/wp-content\/uploads\/2016\/09\/Omladinski-turizam-Ulcinja.jpg\" alt=\"Omladinski turizam Ulcinja\" width=\"508\" height=\"381\" srcset=\"https:\/\/www.visit-ulcinj.com\/blog\/wp-content\/uploads\/2016\/09\/Omladinski-turizam-Ulcinja.jpg 824w, https:\/\/www.visit-ulcinj.com\/blog\/wp-content\/uploads\/2016\/09\/Omladinski-turizam-Ulcinja-300x225.jpg 300w, https:\/\/www.visit-ulcinj.com\/blog\/wp-content\/uploads\/2016\/09\/Omladinski-turizam-Ulcinja-768x576.jpg 768w\" sizes=\"(max-width: 508px) 100vw, 508px\" \/><\/a>Svjestki omladinski turizam se odr\u017eao u Beogradu od 20 do 23.09.2016.godine zvani\u010dno podr\u017eano od Svjetske Turisti\u010dke Organizacije (UNWTO), a ovaj zna\u010dajan doga\u0111aj u oblasti omladinskogh turizma obuhvata brojne poslovne sastanke i aktivnsoti. Ovom prilikom grupa od 12 turoperatora, i to povodom svjetskog kongresa posjetila je na\u0161 grad 25.09.2016.godine. Tokom boravka u na\u0161em gradu posjetili su Stari Grad, Ulcinjsku Veliku pla\u017eu i Adu Bojanu. Vodi\u010d iz Ulcinja i predstavnik Turisti\u010dke organizacije su se maksimalno potrudili da njihov boravak u\u010dine \u0161to prijatnijim a tako\u0111e su u\u017eivali u specijalitetima na\u0161e kuhinje koji se za to pobrinuo restoran Antique na Velikoj pla\u017ei.<\/p>\n<p>Budu\u0107i da prema statisti\u010dkim podacima, mladi turisti \u010dine pribli\u017eno 272 miliona od ukupno 1,2 milijarde me\u0111unarodnih posjeta, omladinski turizam je nezaobilazan faktor u kreiranju svih turisti\u010dkih tokova. Nadamo da se su iz na\u0161eg grada ponijeli najbolje utiske i da \u0107e to doprinijeti da se mladi turisti polaku vra\u0107aju u Ulcinju.<\/p>\n<p>Stru\u010dna slu\u017eba TO Ulcinj<\/p>\n","protected":false},"excerpt":{"rendered":"<p>Svjestki omladinski turizam se odr\u017eao u Beogradu od 20 do 23.09.2016.godine zvani\u010dno podr\u017eano od Svjetske Turisti\u010dke Organizacije (UNWTO), a ovaj zna\u010dajan doga\u0111aj u oblasti omladinskogh turizma obuhvata brojne poslovne sastanke i aktivnsoti. Ovom prilikom grupa od 12 turoperatora, i to povodom svjetskog kongresa posjetila je na\u0161 grad 25.09.2016.godine. Tokom boravka u na\u0161em gradu posjetili su [&hellip;]<\/p>\n","protected":false},"author":1,"featured_media":0,"comment_status":"closed","ping_status":"closed","sticky":false,"template":"","format":"standard","meta":{"spay_email":"","jetpack_publicize_message":"","jetpack_is_tweetstorm":false,"jetpack_publicize_feature_enabled":true},"categories":[6950],"tags":[],"jetpack_publicize_connections":[],"yoast_head":"<!-- This site is optimized with the Yoast SEO plugin v19.1 - https:\/\/yoast.com\/wordpress\/plugins\/seo\/ -->\n<title>Omladinski turizam kao perspektiva Ulcinja - Lajme nga Ulqini<\/title>\n<meta name=\"description\" content=\"Svjestki omladinski turizam se odr\u017eao u Beogradu od 20 do 23.09.2016.godine zvani\u010dno podr\u017eano od Svjetske Turisti\u010dke Organizacije (UNWTO), a ovaj zna\u010dajan\" \/>\n<meta name=\"robots\" content=\"index, follow, max-snippet:-1, max-image-preview:large, max-video-preview:-1\" \/>\n<link rel=\"canonical\" href=\"https:\/\/www.visit-ulcinj.com\/blog\/2016\/09\/26\/omladinski-turizam-kao-perspektiva-ulcinja\/\" \/>\n<meta property=\"og:locale\" content=\"en_US\" \/>\n<meta property=\"og:type\" content=\"article\" \/>\n<meta property=\"og:title\" content=\"Omladinski turizam kao perspektiva Ulcinja - Lajme nga Ulqini\" \/>\n<meta property=\"og:description\" content=\"Svjestki omladinski turizam se odr\u017eao u Beogradu od 20 do 23.09.2016.godine zvani\u010dno podr\u017eano od Svjetske Turisti\u010dke Organizacije (UNWTO), a ovaj zna\u010dajan\" \/>\n<meta property=\"og:url\" content=\"https:\/\/www.visit-ulcinj.com\/blog\/2016\/09\/26\/omladinski-turizam-kao-perspektiva-ulcinja\/\" \/>\n<meta property=\"og:site_name\" content=\"Lajme nga Ulqini\" \/>\n<meta property=\"article:published_time\" content=\"2016-09-26T11:59:24+00:00\" \/>\n<meta property=\"og:image\" content=\"http:\/\/www.visit-ulcinj.com\/blog\/wp-content\/uploads\/2016\/09\/Omladinski-turizam-Ulcinja.jpg\" \/>\n<meta name=\"twitter:label1\" content=\"Written by\" \/>\n\t<meta name=\"twitter:data1\" content=\"ulqini\" \/>\n\t<meta name=\"twitter:label2\" content=\"Est. reading time\" \/>\n\t<meta name=\"twitter:data2\" content=\"1 minute\" \/>\n<script type=\"application\/ld+json\" class=\"yoast-schema-graph\">{\"@context\":\"https:\/\/schema.org\",\"@graph\":[{\"@type\":\"WebSite\",\"@id\":\"https:\/\/www.visit-ulcinj.com\/blog\/#website\",\"url\":\"https:\/\/www.visit-ulcinj.com\/blog\/\",\"name\":\"Lajme nga Ulqini\",\"description\":\"Lajme,Vijesti,Ulqini,Ulqin,Crna Gora,Mali i Zi\",\"potentialAction\":[{\"@type\":\"SearchAction\",\"target\":{\"@type\":\"EntryPoint\",\"urlTemplate\":\"https:\/\/www.visit-ulcinj.com\/blog\/?s={search_term_string}\"},\"query-input\":\"required name=search_term_string\"}],\"inLanguage\":\"en-US\"},{\"@type\":\"ImageObject\",\"inLanguage\":\"en-US\",\"@id\":\"https:\/\/www.visit-ulcinj.com\/blog\/2016\/09\/26\/omladinski-turizam-kao-perspektiva-ulcinja\/#primaryimage\",\"url\":\"https:\/\/www.visit-ulcinj.com\/blog\/wp-content\/uploads\/2016\/09\/Omladinski-turizam-Ulcinja.jpg\",\"contentUrl\":\"https:\/\/www.visit-ulcinj.com\/blog\/wp-content\/uploads\/2016\/09\/Omladinski-turizam-Ulcinja.jpg\",\"width\":824,\"height\":618},{\"@type\":\"WebPage\",\"@id\":\"https:\/\/www.visit-ulcinj.com\/blog\/2016\/09\/26\/omladinski-turizam-kao-perspektiva-ulcinja\/#webpage\",\"url\":\"https:\/\/www.visit-ulcinj.com\/blog\/2016\/09\/26\/omladinski-turizam-kao-perspektiva-ulcinja\/\",\"name\":\"Omladinski turizam kao perspektiva Ulcinja - Lajme nga Ulqini\",\"isPartOf\":{\"@id\":\"https:\/\/www.visit-ulcinj.com\/blog\/#website\"},\"primaryImageOfPage\":{\"@id\":\"https:\/\/www.visit-ulcinj.com\/blog\/2016\/09\/26\/omladinski-turizam-kao-perspektiva-ulcinja\/#primaryimage\"},\"datePublished\":\"2016-09-26T11:59:24+00:00\",\"dateModified\":\"2016-09-26T11:59:24+00:00\",\"author\":{\"@id\":\"https:\/\/www.visit-ulcinj.com\/blog\/#\/schema\/person\/dcab619c614d3038751c63bc2aadc06d\"},\"description\":\"Svjestki omladinski turizam se odr\u017eao u Beogradu od 20 do 23.09.2016.godine zvani\u010dno podr\u017eano od Svjetske Turisti\u010dke Organizacije (UNWTO), a ovaj zna\u010dajan\",\"breadcrumb\":{\"@id\":\"https:\/\/www.visit-ulcinj.com\/blog\/2016\/09\/26\/omladinski-turizam-kao-perspektiva-ulcinja\/#breadcrumb\"},\"inLanguage\":\"en-US\",\"potentialAction\":[{\"@type\":\"ReadAction\",\"target\":[\"https:\/\/www.visit-ulcinj.com\/blog\/2016\/09\/26\/omladinski-turizam-kao-perspektiva-ulcinja\/\"]}]},{\"@type\":\"BreadcrumbList\",\"@id\":\"https:\/\/www.visit-ulcinj.com\/blog\/2016\/09\/26\/omladinski-turizam-kao-perspektiva-ulcinja\/#breadcrumb\",\"itemListElement\":[{\"@type\":\"ListItem\",\"position\":1,\"name\":\"Omladinski turizam kao perspektiva Ulcinja\"}]},{\"@type\":\"Person\",\"@id\":\"https:\/\/www.visit-ulcinj.com\/blog\/#\/schema\/person\/dcab619c614d3038751c63bc2aadc06d\",\"name\":\"ulqini\",\"sameAs\":[\"http:\/\/www.visit-ulcinj.com\"],\"url\":\"https:\/\/www.visit-ulcinj.com\/blog\/author\/admin\/\"}]}<\/script>\n<!-- \/ Yoast SEO plugin. -->","yoast_head_json":{"title":"Omladinski turizam kao perspektiva Ulcinja - Lajme nga Ulqini","description":"Svjestki omladinski turizam se odr\u017eao u Beogradu od 20 do 23.09.2016.godine zvani\u010dno podr\u017eano od Svjetske Turisti\u010dke Organizacije (UNWTO), a ovaj zna\u010dajan","robots":{"index":"index","follow":"follow","max-snippet":"max-snippet:-1","max-image-preview":"max-image-preview:large","max-video-preview":"max-video-preview:-1"},"canonical":"https:\/\/www.visit-ulcinj.com\/blog\/2016\/09\/26\/omladinski-turizam-kao-perspektiva-ulcinja\/","og_locale":"en_US","og_type":"article","og_title":"Omladinski turizam kao perspektiva Ulcinja - Lajme nga Ulqini","og_description":"Svjestki omladinski turizam se odr\u017eao u Beogradu od 20 do 23.09.2016.godine zvani\u010dno podr\u017eano od Svjetske Turisti\u010dke Organizacije (UNWTO), a ovaj zna\u010dajan","og_url":"https:\/\/www.visit-ulcinj.com\/blog\/2016\/09\/26\/omladinski-turizam-kao-perspektiva-ulcinja\/","og_site_name":"Lajme nga Ulqini","article_published_time":"2016-09-26T11:59:24+00:00","og_image":[{"url":"http:\/\/www.visit-ulcinj.com\/blog\/wp-content\/uploads\/2016\/09\/Omladinski-turizam-Ulcinja.jpg"}],"twitter_misc":{"Written by":"ulqini","Est. reading time":"1 minute"},"schema":{"@context":"https:\/\/schema.org","@graph":[{"@type":"WebSite","@id":"https:\/\/www.visit-ulcinj.com\/blog\/#website","url":"https:\/\/www.visit-ulcinj.com\/blog\/","name":"Lajme nga Ulqini","description":"Lajme,Vijesti,Ulqini,Ulqin,Crna Gora,Mali i Zi","potentialAction":[{"@type":"SearchAction","target":{"@type":"EntryPoint","urlTemplate":"https:\/\/www.visit-ulcinj.com\/blog\/?s={search_term_string}"},"query-input":"required name=search_term_string"}],"inLanguage":"en-US"},{"@type":"ImageObject","inLanguage":"en-US","@id":"https:\/\/www.visit-ulcinj.com\/blog\/2016\/09\/26\/omladinski-turizam-kao-perspektiva-ulcinja\/#primaryimage","url":"https:\/\/www.visit-ulcinj.com\/blog\/wp-content\/uploads\/2016\/09\/Omladinski-turizam-Ulcinja.jpg","contentUrl":"https:\/\/www.visit-ulcinj.com\/blog\/wp-content\/uploads\/2016\/09\/Omladinski-turizam-Ulcinja.jpg","width":824,"height":618},{"@type":"WebPage","@id":"https:\/\/www.visit-ulcinj.com\/blog\/2016\/09\/26\/omladinski-turizam-kao-perspektiva-ulcinja\/#webpage","url":"https:\/\/www.visit-ulcinj.com\/blog\/2016\/09\/26\/omladinski-turizam-kao-perspektiva-ulcinja\/","name":"Omladinski turizam kao perspektiva Ulcinja - Lajme nga Ulqini","isPartOf":{"@id":"https:\/\/www.visit-ulcinj.com\/blog\/#website"},"primaryImageOfPage":{"@id":"https:\/\/www.visit-ulcinj.com\/blog\/2016\/09\/26\/omladinski-turizam-kao-perspektiva-ulcinja\/#primaryimage"},"datePublished":"2016-09-26T11:59:24+00:00","dateModified":"2016-09-26T11:59:24+00:00","author":{"@id":"https:\/\/www.visit-ulcinj.com\/blog\/#\/schema\/person\/dcab619c614d3038751c63bc2aadc06d"},"description":"Svjestki omladinski turizam se odr\u017eao u Beogradu od 20 do 23.09.2016.godine zvani\u010dno podr\u017eano od Svjetske Turisti\u010dke Organizacije (UNWTO), a ovaj zna\u010dajan","breadcrumb":{"@id":"https:\/\/www.visit-ulcinj.com\/blog\/2016\/09\/26\/omladinski-turizam-kao-perspektiva-ulcinja\/#breadcrumb"},"inLanguage":"en-US","potentialAction":[{"@type":"ReadAction","target":["https:\/\/www.visit-ulcinj.com\/blog\/2016\/09\/26\/omladinski-turizam-kao-perspektiva-ulcinja\/"]}]},{"@type":"BreadcrumbList","@id":"https:\/\/www.visit-ulcinj.com\/blog\/2016\/09\/26\/omladinski-turizam-kao-perspektiva-ulcinja\/#breadcrumb","itemListElement":[{"@type":"ListItem","position":1,"name":"Omladinski turizam kao perspektiva Ulcinja"}]},{"@type":"Person","@id":"https:\/\/www.visit-ulcinj.com\/blog\/#\/schema\/person\/dcab619c614d3038751c63bc2aadc06d","name":"ulqini","sameAs":["http:\/\/www.visit-ulcinj.com"],"url":"https:\/\/www.visit-ulcinj.com\/blog\/author\/admin\/"}]}},"jetpack_featured_media_url":"","jetpack_sharing_enabled":true,"jetpack_shortlink":"https:\/\/wp.me\/pe6lTn-q03","_links":{"self":[{"href":"https:\/\/www.visit-ulcinj.com\/blog\/wp-json\/wp\/v2\/posts\/99947"}],"collection":[{"href":"https:\/\/www.visit-ulcinj.com\/blog\/wp-json\/wp\/v2\/posts"}],"about":[{"href":"https:\/\/www.visit-ulcinj.com\/blog\/wp-json\/wp\/v2\/types\/post"}],"author":[{"embeddable":true,"href":"https:\/\/www.visit-ulcinj.com\/blog\/wp-json\/wp\/v2\/users\/1"}],"replies":[{"embeddable":true,"href":"https:\/\/www.visit-ulcinj.com\/blog\/wp-json\/wp\/v2\/comments?post=99947"}],"version-history":[{"count":1,"href":"https:\/\/www.visit-ulcinj.com\/blog\/wp-json\/wp\/v2\/posts\/99947\/revisions"}],"predecessor-version":[{"id":99949,"href":"https:\/\/www.visit-ulcinj.com\/blog\/wp-json\/wp\/v2\/posts\/99947\/revisions\/99949"}],"wp:attachment":[{"href":"https:\/\/www.visit-ulcinj.com\/blog\/wp-json\/wp\/v2\/media?parent=99947"}],"wp:term":[{"taxonomy":"category","embeddable":true,"href":"https:\/\/www.visit-ulcinj.com\/blog\/wp-json\/wp\/v2\/categories?post=99947"},{"taxonomy":"post_tag","embeddable":true,"href":"https:\/\/www.visit-ulcinj.com\/blog\/wp-json\/wp\/v2\/tags?post=99947"}],"curies":[{"name":"wp","href":"https:\/\/api.w.org\/{rel}","templated":true}]}}