{"id":99953,"date":"2016-09-26T13:32:27","date_gmt":"2016-09-26T12:32:27","guid":{"rendered":"http:\/\/www.visit-ulcinj.com\/blog\/?p=99953"},"modified":"2016-09-27T17:17:40","modified_gmt":"2016-09-27T16:17:40","slug":"art-club-te-organizoje-ore-perkujtimore-rastin-e-vdekjes-se-piktorit-gjelosh-gjokaj","status":"publish","type":"post","link":"https:\/\/www.visit-ulcinj.com\/blog\/2016\/09\/26\/art-club-te-organizoje-ore-perkujtimore-rastin-e-vdekjes-se-piktorit-gjelosh-gjokaj\/","title":{"rendered":"&#8220;Art Club&#8221; do t\u00eb organizoj\u00eb Or\u00eb p\u00ebrkujtimore me rastin e vdekjes s\u00eb piktorit Gjelosh Gjokaj"},"content":{"rendered":"<p><a href=\"http:\/\/www.visit-ulcinj.com\/blog\/wp-content\/uploads\/2016\/09\/Gjelosh-Gjokaj.jpg\"><img loading=\"lazy\" class=\"alignleft wp-image-99936\" src=\"http:\/\/www.visit-ulcinj.com\/blog\/wp-content\/uploads\/2016\/09\/Gjelosh-Gjokaj.jpg\" alt=\"Gjelosh Gjokaj\" width=\"508\" height=\"294\" srcset=\"https:\/\/www.visit-ulcinj.com\/blog\/wp-content\/uploads\/2016\/09\/Gjelosh-Gjokaj.jpg 640w, https:\/\/www.visit-ulcinj.com\/blog\/wp-content\/uploads\/2016\/09\/Gjelosh-Gjokaj-300x173.jpg 300w\" sizes=\"(max-width: 508px) 100vw, 508px\" \/><\/a>Shoqata e Artist\u00ebve dhe Intelektual\u00ebve &#8220;Art Club&#8221; do t\u00eb organizoj\u00eb Or\u00eb p\u00ebrkujtimore me rastin e vdekjes s\u00eb piktorit Gjelosh Gjokaj, t\u00eb mart\u00ebn, m\u00eb 27 shtator 2016, n\u00eb or\u00ebn 11.00, n\u00eb Bibliotek\u00ebn e Qytetit &#8211; Ulqin.<\/p>\n<p>Piktori Gjelosh Gjokaj \u00ebsht\u00eb An\u00ebtar Nderi dhe laureat i Shp\u00ebrblimit Vjetor t\u00eb \u201cArt Club\u201d-it.<\/p>\n","protected":false},"excerpt":{"rendered":"<p>Shoqata e Artist\u00ebve dhe Intelektual\u00ebve &#8220;Art Club&#8221; do t\u00eb organizoj\u00eb Or\u00eb p\u00ebrkujtimore me rastin e vdekjes s\u00eb piktorit Gjelosh Gjokaj, t\u00eb mart\u00ebn, m\u00eb 27 shtator 2016, n\u00eb or\u00ebn 11.00, n\u00eb Bibliotek\u00ebn e Qytetit &#8211; Ulqin. Piktori Gjelosh Gjokaj \u00ebsht\u00eb An\u00ebtar Nderi dhe laureat i Shp\u00ebrblimit Vjetor t\u00eb \u201cArt Club\u201d-it.<\/p>\n","protected":false},"author":1,"featured_media":0,"comment_status":"closed","ping_status":"closed","sticky":false,"template":"","format":"standard","meta":{"spay_email":"","jetpack_publicize_message":"","jetpack_is_tweetstorm":false,"jetpack_publicize_feature_enabled":true},"categories":[4],"tags":[],"jetpack_publicize_connections":[],"yoast_head":"<!-- This site is optimized with the Yoast SEO plugin v19.1 - https:\/\/yoast.com\/wordpress\/plugins\/seo\/ -->\n<title>&quot;Art Club&quot; do t\u00eb organizoj\u00eb Or\u00eb p\u00ebrkujtimore me rastin e vdekjes s\u00eb piktorit Gjelosh Gjokaj - Lajme nga Ulqini<\/title>\n<meta name=\"description\" content=\"Shoqata e Artist\u00ebve dhe Intelektual\u00ebve &quot;Art Club&quot; do t\u00eb organizoj\u00eb Or\u00eb p\u00ebrkujtimore me rastin e vdekjes s\u00eb piktorit Gjelosh Gjokaj, t\u00eb mart\u00ebn, m\u00eb 27\" \/>\n<meta name=\"robots\" content=\"index, follow, max-snippet:-1, max-image-preview:large, max-video-preview:-1\" \/>\n<link rel=\"canonical\" href=\"https:\/\/www.visit-ulcinj.com\/blog\/2016\/09\/26\/art-club-te-organizoje-ore-perkujtimore-rastin-e-vdekjes-se-piktorit-gjelosh-gjokaj\/\" \/>\n<meta property=\"og:locale\" content=\"en_US\" \/>\n<meta property=\"og:type\" content=\"article\" \/>\n<meta property=\"og:title\" content=\"&quot;Art Club&quot; do t\u00eb organizoj\u00eb Or\u00eb p\u00ebrkujtimore me rastin e vdekjes s\u00eb piktorit Gjelosh Gjokaj - Lajme nga Ulqini\" \/>\n<meta property=\"og:description\" content=\"Shoqata e Artist\u00ebve dhe Intelektual\u00ebve &quot;Art Club&quot; do t\u00eb organizoj\u00eb Or\u00eb p\u00ebrkujtimore me rastin e vdekjes s\u00eb piktorit Gjelosh Gjokaj, t\u00eb mart\u00ebn, m\u00eb 27\" \/>\n<meta property=\"og:url\" content=\"https:\/\/www.visit-ulcinj.com\/blog\/2016\/09\/26\/art-club-te-organizoje-ore-perkujtimore-rastin-e-vdekjes-se-piktorit-gjelosh-gjokaj\/\" \/>\n<meta property=\"og:site_name\" content=\"Lajme nga Ulqini\" \/>\n<meta property=\"article:published_time\" content=\"2016-09-26T12:32:27+00:00\" \/>\n<meta property=\"article:modified_time\" content=\"2016-09-27T16:17:40+00:00\" \/>\n<meta property=\"og:image\" content=\"http:\/\/www.visit-ulcinj.com\/blog\/wp-content\/uploads\/2016\/09\/Gjelosh-Gjokaj.jpg\" \/>\n<meta name=\"twitter:label1\" content=\"Written by\" \/>\n\t<meta name=\"twitter:data1\" content=\"ulqini\" \/>\n<script type=\"application\/ld+json\" class=\"yoast-schema-graph\">{\"@context\":\"https:\/\/schema.org\",\"@graph\":[{\"@type\":\"WebSite\",\"@id\":\"https:\/\/www.visit-ulcinj.com\/blog\/#website\",\"url\":\"https:\/\/www.visit-ulcinj.com\/blog\/\",\"name\":\"Lajme nga Ulqini\",\"description\":\"Lajme,Vijesti,Ulqini,Ulqin,Crna Gora,Mali i Zi\",\"potentialAction\":[{\"@type\":\"SearchAction\",\"target\":{\"@type\":\"EntryPoint\",\"urlTemplate\":\"https:\/\/www.visit-ulcinj.com\/blog\/?s={search_term_string}\"},\"query-input\":\"required name=search_term_string\"}],\"inLanguage\":\"en-US\"},{\"@type\":\"ImageObject\",\"inLanguage\":\"en-US\",\"@id\":\"https:\/\/www.visit-ulcinj.com\/blog\/2016\/09\/26\/art-club-te-organizoje-ore-perkujtimore-rastin-e-vdekjes-se-piktorit-gjelosh-gjokaj\/#primaryimage\",\"url\":\"https:\/\/www.visit-ulcinj.com\/blog\/wp-content\/uploads\/2016\/09\/Gjelosh-Gjokaj.jpg\",\"contentUrl\":\"https:\/\/www.visit-ulcinj.com\/blog\/wp-content\/uploads\/2016\/09\/Gjelosh-Gjokaj.jpg\",\"width\":640,\"height\":370},{\"@type\":\"WebPage\",\"@id\":\"https:\/\/www.visit-ulcinj.com\/blog\/2016\/09\/26\/art-club-te-organizoje-ore-perkujtimore-rastin-e-vdekjes-se-piktorit-gjelosh-gjokaj\/#webpage\",\"url\":\"https:\/\/www.visit-ulcinj.com\/blog\/2016\/09\/26\/art-club-te-organizoje-ore-perkujtimore-rastin-e-vdekjes-se-piktorit-gjelosh-gjokaj\/\",\"name\":\"\\\"Art Club\\\" do t\u00eb organizoj\u00eb Or\u00eb p\u00ebrkujtimore me rastin e vdekjes s\u00eb piktorit Gjelosh Gjokaj - Lajme nga Ulqini\",\"isPartOf\":{\"@id\":\"https:\/\/www.visit-ulcinj.com\/blog\/#website\"},\"primaryImageOfPage\":{\"@id\":\"https:\/\/www.visit-ulcinj.com\/blog\/2016\/09\/26\/art-club-te-organizoje-ore-perkujtimore-rastin-e-vdekjes-se-piktorit-gjelosh-gjokaj\/#primaryimage\"},\"datePublished\":\"2016-09-26T12:32:27+00:00\",\"dateModified\":\"2016-09-27T16:17:40+00:00\",\"author\":{\"@id\":\"https:\/\/www.visit-ulcinj.com\/blog\/#\/schema\/person\/dcab619c614d3038751c63bc2aadc06d\"},\"description\":\"Shoqata e Artist\u00ebve dhe Intelektual\u00ebve \\\"Art Club\\\" do t\u00eb organizoj\u00eb Or\u00eb p\u00ebrkujtimore me rastin e vdekjes s\u00eb piktorit Gjelosh Gjokaj, t\u00eb mart\u00ebn, m\u00eb 27\",\"breadcrumb\":{\"@id\":\"https:\/\/www.visit-ulcinj.com\/blog\/2016\/09\/26\/art-club-te-organizoje-ore-perkujtimore-rastin-e-vdekjes-se-piktorit-gjelosh-gjokaj\/#breadcrumb\"},\"inLanguage\":\"en-US\",\"potentialAction\":[{\"@type\":\"ReadAction\",\"target\":[\"https:\/\/www.visit-ulcinj.com\/blog\/2016\/09\/26\/art-club-te-organizoje-ore-perkujtimore-rastin-e-vdekjes-se-piktorit-gjelosh-gjokaj\/\"]}]},{\"@type\":\"BreadcrumbList\",\"@id\":\"https:\/\/www.visit-ulcinj.com\/blog\/2016\/09\/26\/art-club-te-organizoje-ore-perkujtimore-rastin-e-vdekjes-se-piktorit-gjelosh-gjokaj\/#breadcrumb\",\"itemListElement\":[{\"@type\":\"ListItem\",\"position\":1,\"name\":\"&#8220;Art Club&#8221; do t\u00eb organizoj\u00eb Or\u00eb p\u00ebrkujtimore me rastin e vdekjes s\u00eb piktorit Gjelosh Gjokaj\"}]},{\"@type\":\"Person\",\"@id\":\"https:\/\/www.visit-ulcinj.com\/blog\/#\/schema\/person\/dcab619c614d3038751c63bc2aadc06d\",\"name\":\"ulqini\",\"sameAs\":[\"http:\/\/www.visit-ulcinj.com\"],\"url\":\"https:\/\/www.visit-ulcinj.com\/blog\/author\/admin\/\"}]}<\/script>\n<!-- \/ Yoast SEO plugin. -->","yoast_head_json":{"title":"\"Art Club\" do t\u00eb organizoj\u00eb Or\u00eb p\u00ebrkujtimore me rastin e vdekjes s\u00eb piktorit Gjelosh Gjokaj - Lajme nga Ulqini","description":"Shoqata e Artist\u00ebve dhe Intelektual\u00ebve \"Art Club\" do t\u00eb organizoj\u00eb Or\u00eb p\u00ebrkujtimore me rastin e vdekjes s\u00eb piktorit Gjelosh Gjokaj, t\u00eb mart\u00ebn, m\u00eb 27","robots":{"index":"index","follow":"follow","max-snippet":"max-snippet:-1","max-image-preview":"max-image-preview:large","max-video-preview":"max-video-preview:-1"},"canonical":"https:\/\/www.visit-ulcinj.com\/blog\/2016\/09\/26\/art-club-te-organizoje-ore-perkujtimore-rastin-e-vdekjes-se-piktorit-gjelosh-gjokaj\/","og_locale":"en_US","og_type":"article","og_title":"\"Art Club\" do t\u00eb organizoj\u00eb Or\u00eb p\u00ebrkujtimore me rastin e vdekjes s\u00eb piktorit Gjelosh Gjokaj - Lajme nga Ulqini","og_description":"Shoqata e Artist\u00ebve dhe Intelektual\u00ebve \"Art Club\" do t\u00eb organizoj\u00eb Or\u00eb p\u00ebrkujtimore me rastin e vdekjes s\u00eb piktorit Gjelosh Gjokaj, t\u00eb mart\u00ebn, m\u00eb 27","og_url":"https:\/\/www.visit-ulcinj.com\/blog\/2016\/09\/26\/art-club-te-organizoje-ore-perkujtimore-rastin-e-vdekjes-se-piktorit-gjelosh-gjokaj\/","og_site_name":"Lajme nga Ulqini","article_published_time":"2016-09-26T12:32:27+00:00","article_modified_time":"2016-09-27T16:17:40+00:00","og_image":[{"url":"http:\/\/www.visit-ulcinj.com\/blog\/wp-content\/uploads\/2016\/09\/Gjelosh-Gjokaj.jpg"}],"twitter_misc":{"Written by":"ulqini"},"schema":{"@context":"https:\/\/schema.org","@graph":[{"@type":"WebSite","@id":"https:\/\/www.visit-ulcinj.com\/blog\/#website","url":"https:\/\/www.visit-ulcinj.com\/blog\/","name":"Lajme nga Ulqini","description":"Lajme,Vijesti,Ulqini,Ulqin,Crna Gora,Mali i Zi","potentialAction":[{"@type":"SearchAction","target":{"@type":"EntryPoint","urlTemplate":"https:\/\/www.visit-ulcinj.com\/blog\/?s={search_term_string}"},"query-input":"required name=search_term_string"}],"inLanguage":"en-US"},{"@type":"ImageObject","inLanguage":"en-US","@id":"https:\/\/www.visit-ulcinj.com\/blog\/2016\/09\/26\/art-club-te-organizoje-ore-perkujtimore-rastin-e-vdekjes-se-piktorit-gjelosh-gjokaj\/#primaryimage","url":"https:\/\/www.visit-ulcinj.com\/blog\/wp-content\/uploads\/2016\/09\/Gjelosh-Gjokaj.jpg","contentUrl":"https:\/\/www.visit-ulcinj.com\/blog\/wp-content\/uploads\/2016\/09\/Gjelosh-Gjokaj.jpg","width":640,"height":370},{"@type":"WebPage","@id":"https:\/\/www.visit-ulcinj.com\/blog\/2016\/09\/26\/art-club-te-organizoje-ore-perkujtimore-rastin-e-vdekjes-se-piktorit-gjelosh-gjokaj\/#webpage","url":"https:\/\/www.visit-ulcinj.com\/blog\/2016\/09\/26\/art-club-te-organizoje-ore-perkujtimore-rastin-e-vdekjes-se-piktorit-gjelosh-gjokaj\/","name":"\"Art Club\" do t\u00eb organizoj\u00eb Or\u00eb p\u00ebrkujtimore me rastin e vdekjes s\u00eb piktorit Gjelosh Gjokaj - Lajme nga Ulqini","isPartOf":{"@id":"https:\/\/www.visit-ulcinj.com\/blog\/#website"},"primaryImageOfPage":{"@id":"https:\/\/www.visit-ulcinj.com\/blog\/2016\/09\/26\/art-club-te-organizoje-ore-perkujtimore-rastin-e-vdekjes-se-piktorit-gjelosh-gjokaj\/#primaryimage"},"datePublished":"2016-09-26T12:32:27+00:00","dateModified":"2016-09-27T16:17:40+00:00","author":{"@id":"https:\/\/www.visit-ulcinj.com\/blog\/#\/schema\/person\/dcab619c614d3038751c63bc2aadc06d"},"description":"Shoqata e Artist\u00ebve dhe Intelektual\u00ebve \"Art Club\" do t\u00eb organizoj\u00eb Or\u00eb p\u00ebrkujtimore me rastin e vdekjes s\u00eb piktorit Gjelosh Gjokaj, t\u00eb mart\u00ebn, m\u00eb 27","breadcrumb":{"@id":"https:\/\/www.visit-ulcinj.com\/blog\/2016\/09\/26\/art-club-te-organizoje-ore-perkujtimore-rastin-e-vdekjes-se-piktorit-gjelosh-gjokaj\/#breadcrumb"},"inLanguage":"en-US","potentialAction":[{"@type":"ReadAction","target":["https:\/\/www.visit-ulcinj.com\/blog\/2016\/09\/26\/art-club-te-organizoje-ore-perkujtimore-rastin-e-vdekjes-se-piktorit-gjelosh-gjokaj\/"]}]},{"@type":"BreadcrumbList","@id":"https:\/\/www.visit-ulcinj.com\/blog\/2016\/09\/26\/art-club-te-organizoje-ore-perkujtimore-rastin-e-vdekjes-se-piktorit-gjelosh-gjokaj\/#breadcrumb","itemListElement":[{"@type":"ListItem","position":1,"name":"&#8220;Art Club&#8221; do t\u00eb organizoj\u00eb Or\u00eb p\u00ebrkujtimore me rastin e vdekjes s\u00eb piktorit Gjelosh Gjokaj"}]},{"@type":"Person","@id":"https:\/\/www.visit-ulcinj.com\/blog\/#\/schema\/person\/dcab619c614d3038751c63bc2aadc06d","name":"ulqini","sameAs":["http:\/\/www.visit-ulcinj.com"],"url":"https:\/\/www.visit-ulcinj.com\/blog\/author\/admin\/"}]}},"jetpack_featured_media_url":"","jetpack_sharing_enabled":true,"jetpack_shortlink":"https:\/\/wp.me\/pe6lTn-q09","_links":{"self":[{"href":"https:\/\/www.visit-ulcinj.com\/blog\/wp-json\/wp\/v2\/posts\/99953"}],"collection":[{"href":"https:\/\/www.visit-ulcinj.com\/blog\/wp-json\/wp\/v2\/posts"}],"about":[{"href":"https:\/\/www.visit-ulcinj.com\/blog\/wp-json\/wp\/v2\/types\/post"}],"author":[{"embeddable":true,"href":"https:\/\/www.visit-ulcinj.com\/blog\/wp-json\/wp\/v2\/users\/1"}],"replies":[{"embeddable":true,"href":"https:\/\/www.visit-ulcinj.com\/blog\/wp-json\/wp\/v2\/comments?post=99953"}],"version-history":[{"count":1,"href":"https:\/\/www.visit-ulcinj.com\/blog\/wp-json\/wp\/v2\/posts\/99953\/revisions"}],"predecessor-version":[{"id":99954,"href":"https:\/\/www.visit-ulcinj.com\/blog\/wp-json\/wp\/v2\/posts\/99953\/revisions\/99954"}],"wp:attachment":[{"href":"https:\/\/www.visit-ulcinj.com\/blog\/wp-json\/wp\/v2\/media?parent=99953"}],"wp:term":[{"taxonomy":"category","embeddable":true,"href":"https:\/\/www.visit-ulcinj.com\/blog\/wp-json\/wp\/v2\/categories?post=99953"},{"taxonomy":"post_tag","embeddable":true,"href":"https:\/\/www.visit-ulcinj.com\/blog\/wp-json\/wp\/v2\/tags?post=99953"}],"curies":[{"name":"wp","href":"https:\/\/api.w.org\/{rel}","templated":true}]}}