{"id":99958,"date":"2016-09-26T18:13:08","date_gmt":"2016-09-26T17:13:08","guid":{"rendered":"http:\/\/www.visit-ulcinj.com\/blog\/?p=99958"},"modified":"2016-09-26T18:13:08","modified_gmt":"2016-09-26T17:13:08","slug":"basketbollistet-e-prishtines-e-mire-se-ulqini-8274","status":"publish","type":"post","link":"https:\/\/www.visit-ulcinj.com\/blog\/2016\/09\/26\/basketbollistet-e-prishtines-e-mire-se-ulqini-8274\/","title":{"rendered":"Basketbollist\u00ebt e Prishtin\u00ebs m\u00eb e mir\u00eb se Ulqini 82:74"},"content":{"rendered":"<div class=\"itemIntroText\">\n<p><a href=\"http:\/\/www.visit-ulcinj.com\/blog\/wp-content\/uploads\/2016\/09\/KB-Sigal-KB-ULQIN.jpg\"><img loading=\"lazy\" class=\"alignleft wp-image-99959\" src=\"http:\/\/www.visit-ulcinj.com\/blog\/wp-content\/uploads\/2016\/09\/KB-Sigal-KB-ULQIN.jpg\" alt=\"KB Sigal - KB ULQIN\" width=\"508\" height=\"381\" srcset=\"https:\/\/www.visit-ulcinj.com\/blog\/wp-content\/uploads\/2016\/09\/KB-Sigal-KB-ULQIN.jpg 960w, https:\/\/www.visit-ulcinj.com\/blog\/wp-content\/uploads\/2016\/09\/KB-Sigal-KB-ULQIN-300x225.jpg 300w, https:\/\/www.visit-ulcinj.com\/blog\/wp-content\/uploads\/2016\/09\/KB-Sigal-KB-ULQIN-768x576.jpg 768w\" sizes=\"(max-width: 508px) 100vw, 508px\" \/><\/a>Ekipi kampion i Kosov\u00ebs, Sigal Prishtina, po zhvillon ndeshje miq\u00ebsore q\u00eb t\u00eb jen\u00eb gati p\u00ebr edicionin e ri n\u00eb Lig\u00ebn e Kosov\u00ebs, Lig\u00ebn Ballkanike dhe n\u00eb garat evropiane.<\/p>\n<\/div>\n<div class=\"itemFullText\">Basketbollist\u00ebt e Prishtin\u00ebs n\u00eb miq\u00ebsore sh\u00ebnuan fitore me rezultat 82:74 kund\u00ebr Ulqinit. \u201cTri dit\u00eb, tri loj\u00eb, tri fitore. Me t\u00eb dalluarit n\u00eb takim me Ulqinin jan\u00eb: Bojan Trajkovski dhe Granit Rugova\u201d, thuhet nga KB Sigal Prishtina.<\/div>\n<div class=\"itemFullText\"><\/div>\n<div class=\"itemFullText\"><strong><span class=\"copyright\">10minuta.com<\/span><\/strong><\/div>\n","protected":false},"excerpt":{"rendered":"<p>Ekipi kampion i Kosov\u00ebs, Sigal Prishtina, po zhvillon ndeshje miq\u00ebsore q\u00eb t\u00eb jen\u00eb gati p\u00ebr edicionin e ri n\u00eb Lig\u00ebn e Kosov\u00ebs, Lig\u00ebn Ballkanike dhe n\u00eb garat evropiane. Basketbollist\u00ebt e Prishtin\u00ebs n\u00eb miq\u00ebsore sh\u00ebnuan fitore me rezultat 82:74 kund\u00ebr Ulqinit. \u201cTri dit\u00eb, tri loj\u00eb, tri fitore. Me t\u00eb dalluarit n\u00eb takim me Ulqinin jan\u00eb: Bojan [&hellip;]<\/p>\n","protected":false},"author":1,"featured_media":0,"comment_status":"closed","ping_status":"closed","sticky":false,"template":"","format":"standard","meta":{"spay_email":"","jetpack_publicize_message":"","jetpack_is_tweetstorm":false,"jetpack_publicize_feature_enabled":true},"categories":[3],"tags":[],"jetpack_publicize_connections":[],"yoast_head":"<!-- This site is optimized with the Yoast SEO plugin v19.1 - https:\/\/yoast.com\/wordpress\/plugins\/seo\/ -->\n<title>Basketbollist\u00ebt e Prishtin\u00ebs m\u00eb e mir\u00eb se Ulqini 82:74 - Lajme nga Ulqini<\/title>\n<meta name=\"description\" content=\"Ekipi kampion i Kosov\u00ebs, Sigal Prishtina, po zhvillon ndeshje miq\u00ebsore q\u00eb t\u00eb jen\u00eb gati p\u00ebr edicionin e ri n\u00eb Lig\u00ebn e Kosov\u00ebs, Lig\u00ebn Ballkanike dhe n\u00eb\" \/>\n<meta name=\"robots\" content=\"index, follow, max-snippet:-1, max-image-preview:large, max-video-preview:-1\" \/>\n<link rel=\"canonical\" href=\"https:\/\/www.visit-ulcinj.com\/blog\/2016\/09\/26\/basketbollistet-e-prishtines-e-mire-se-ulqini-8274\/\" \/>\n<meta property=\"og:locale\" content=\"en_US\" \/>\n<meta property=\"og:type\" content=\"article\" \/>\n<meta property=\"og:title\" content=\"Basketbollist\u00ebt e Prishtin\u00ebs m\u00eb e mir\u00eb se Ulqini 82:74 - Lajme nga Ulqini\" \/>\n<meta property=\"og:description\" content=\"Ekipi kampion i Kosov\u00ebs, Sigal Prishtina, po zhvillon ndeshje miq\u00ebsore q\u00eb t\u00eb jen\u00eb gati p\u00ebr edicionin e ri n\u00eb Lig\u00ebn e Kosov\u00ebs, Lig\u00ebn Ballkanike dhe n\u00eb\" \/>\n<meta property=\"og:url\" content=\"https:\/\/www.visit-ulcinj.com\/blog\/2016\/09\/26\/basketbollistet-e-prishtines-e-mire-se-ulqini-8274\/\" \/>\n<meta property=\"og:site_name\" content=\"Lajme nga Ulqini\" \/>\n<meta property=\"article:published_time\" content=\"2016-09-26T17:13:08+00:00\" \/>\n<meta property=\"og:image\" content=\"http:\/\/www.visit-ulcinj.com\/blog\/wp-content\/uploads\/2016\/09\/KB-Sigal-KB-ULQIN.jpg\" \/>\n<meta name=\"twitter:label1\" content=\"Written by\" \/>\n\t<meta name=\"twitter:data1\" content=\"ulqini\" \/>\n<script type=\"application\/ld+json\" class=\"yoast-schema-graph\">{\"@context\":\"https:\/\/schema.org\",\"@graph\":[{\"@type\":\"WebSite\",\"@id\":\"https:\/\/www.visit-ulcinj.com\/blog\/#website\",\"url\":\"https:\/\/www.visit-ulcinj.com\/blog\/\",\"name\":\"Lajme nga Ulqini\",\"description\":\"Lajme,Vijesti,Ulqini,Ulqin,Crna Gora,Mali i Zi\",\"potentialAction\":[{\"@type\":\"SearchAction\",\"target\":{\"@type\":\"EntryPoint\",\"urlTemplate\":\"https:\/\/www.visit-ulcinj.com\/blog\/?s={search_term_string}\"},\"query-input\":\"required name=search_term_string\"}],\"inLanguage\":\"en-US\"},{\"@type\":\"ImageObject\",\"inLanguage\":\"en-US\",\"@id\":\"https:\/\/www.visit-ulcinj.com\/blog\/2016\/09\/26\/basketbollistet-e-prishtines-e-mire-se-ulqini-8274\/#primaryimage\",\"url\":\"https:\/\/www.visit-ulcinj.com\/blog\/wp-content\/uploads\/2016\/09\/KB-Sigal-KB-ULQIN.jpg\",\"contentUrl\":\"https:\/\/www.visit-ulcinj.com\/blog\/wp-content\/uploads\/2016\/09\/KB-Sigal-KB-ULQIN.jpg\",\"width\":960,\"height\":720},{\"@type\":\"WebPage\",\"@id\":\"https:\/\/www.visit-ulcinj.com\/blog\/2016\/09\/26\/basketbollistet-e-prishtines-e-mire-se-ulqini-8274\/#webpage\",\"url\":\"https:\/\/www.visit-ulcinj.com\/blog\/2016\/09\/26\/basketbollistet-e-prishtines-e-mire-se-ulqini-8274\/\",\"name\":\"Basketbollist\u00ebt e Prishtin\u00ebs m\u00eb e mir\u00eb se Ulqini 82:74 - Lajme nga Ulqini\",\"isPartOf\":{\"@id\":\"https:\/\/www.visit-ulcinj.com\/blog\/#website\"},\"primaryImageOfPage\":{\"@id\":\"https:\/\/www.visit-ulcinj.com\/blog\/2016\/09\/26\/basketbollistet-e-prishtines-e-mire-se-ulqini-8274\/#primaryimage\"},\"datePublished\":\"2016-09-26T17:13:08+00:00\",\"dateModified\":\"2016-09-26T17:13:08+00:00\",\"author\":{\"@id\":\"https:\/\/www.visit-ulcinj.com\/blog\/#\/schema\/person\/dcab619c614d3038751c63bc2aadc06d\"},\"description\":\"Ekipi kampion i Kosov\u00ebs, Sigal Prishtina, po zhvillon ndeshje miq\u00ebsore q\u00eb t\u00eb jen\u00eb gati p\u00ebr edicionin e ri n\u00eb Lig\u00ebn e Kosov\u00ebs, Lig\u00ebn Ballkanike dhe n\u00eb\",\"breadcrumb\":{\"@id\":\"https:\/\/www.visit-ulcinj.com\/blog\/2016\/09\/26\/basketbollistet-e-prishtines-e-mire-se-ulqini-8274\/#breadcrumb\"},\"inLanguage\":\"en-US\",\"potentialAction\":[{\"@type\":\"ReadAction\",\"target\":[\"https:\/\/www.visit-ulcinj.com\/blog\/2016\/09\/26\/basketbollistet-e-prishtines-e-mire-se-ulqini-8274\/\"]}]},{\"@type\":\"BreadcrumbList\",\"@id\":\"https:\/\/www.visit-ulcinj.com\/blog\/2016\/09\/26\/basketbollistet-e-prishtines-e-mire-se-ulqini-8274\/#breadcrumb\",\"itemListElement\":[{\"@type\":\"ListItem\",\"position\":1,\"name\":\"Basketbollist\u00ebt e Prishtin\u00ebs m\u00eb e mir\u00eb se Ulqini 82:74\"}]},{\"@type\":\"Person\",\"@id\":\"https:\/\/www.visit-ulcinj.com\/blog\/#\/schema\/person\/dcab619c614d3038751c63bc2aadc06d\",\"name\":\"ulqini\",\"sameAs\":[\"http:\/\/www.visit-ulcinj.com\"],\"url\":\"https:\/\/www.visit-ulcinj.com\/blog\/author\/admin\/\"}]}<\/script>\n<!-- \/ Yoast SEO plugin. -->","yoast_head_json":{"title":"Basketbollist\u00ebt e Prishtin\u00ebs m\u00eb e mir\u00eb se Ulqini 82:74 - Lajme nga Ulqini","description":"Ekipi kampion i Kosov\u00ebs, Sigal Prishtina, po zhvillon ndeshje miq\u00ebsore q\u00eb t\u00eb jen\u00eb gati p\u00ebr edicionin e ri n\u00eb Lig\u00ebn e Kosov\u00ebs, Lig\u00ebn Ballkanike dhe n\u00eb","robots":{"index":"index","follow":"follow","max-snippet":"max-snippet:-1","max-image-preview":"max-image-preview:large","max-video-preview":"max-video-preview:-1"},"canonical":"https:\/\/www.visit-ulcinj.com\/blog\/2016\/09\/26\/basketbollistet-e-prishtines-e-mire-se-ulqini-8274\/","og_locale":"en_US","og_type":"article","og_title":"Basketbollist\u00ebt e Prishtin\u00ebs m\u00eb e mir\u00eb se Ulqini 82:74 - Lajme nga Ulqini","og_description":"Ekipi kampion i Kosov\u00ebs, Sigal Prishtina, po zhvillon ndeshje miq\u00ebsore q\u00eb t\u00eb jen\u00eb gati p\u00ebr edicionin e ri n\u00eb Lig\u00ebn e Kosov\u00ebs, Lig\u00ebn Ballkanike dhe n\u00eb","og_url":"https:\/\/www.visit-ulcinj.com\/blog\/2016\/09\/26\/basketbollistet-e-prishtines-e-mire-se-ulqini-8274\/","og_site_name":"Lajme nga Ulqini","article_published_time":"2016-09-26T17:13:08+00:00","og_image":[{"url":"http:\/\/www.visit-ulcinj.com\/blog\/wp-content\/uploads\/2016\/09\/KB-Sigal-KB-ULQIN.jpg"}],"twitter_misc":{"Written by":"ulqini"},"schema":{"@context":"https:\/\/schema.org","@graph":[{"@type":"WebSite","@id":"https:\/\/www.visit-ulcinj.com\/blog\/#website","url":"https:\/\/www.visit-ulcinj.com\/blog\/","name":"Lajme nga Ulqini","description":"Lajme,Vijesti,Ulqini,Ulqin,Crna Gora,Mali i Zi","potentialAction":[{"@type":"SearchAction","target":{"@type":"EntryPoint","urlTemplate":"https:\/\/www.visit-ulcinj.com\/blog\/?s={search_term_string}"},"query-input":"required name=search_term_string"}],"inLanguage":"en-US"},{"@type":"ImageObject","inLanguage":"en-US","@id":"https:\/\/www.visit-ulcinj.com\/blog\/2016\/09\/26\/basketbollistet-e-prishtines-e-mire-se-ulqini-8274\/#primaryimage","url":"https:\/\/www.visit-ulcinj.com\/blog\/wp-content\/uploads\/2016\/09\/KB-Sigal-KB-ULQIN.jpg","contentUrl":"https:\/\/www.visit-ulcinj.com\/blog\/wp-content\/uploads\/2016\/09\/KB-Sigal-KB-ULQIN.jpg","width":960,"height":720},{"@type":"WebPage","@id":"https:\/\/www.visit-ulcinj.com\/blog\/2016\/09\/26\/basketbollistet-e-prishtines-e-mire-se-ulqini-8274\/#webpage","url":"https:\/\/www.visit-ulcinj.com\/blog\/2016\/09\/26\/basketbollistet-e-prishtines-e-mire-se-ulqini-8274\/","name":"Basketbollist\u00ebt e Prishtin\u00ebs m\u00eb e mir\u00eb se Ulqini 82:74 - Lajme nga Ulqini","isPartOf":{"@id":"https:\/\/www.visit-ulcinj.com\/blog\/#website"},"primaryImageOfPage":{"@id":"https:\/\/www.visit-ulcinj.com\/blog\/2016\/09\/26\/basketbollistet-e-prishtines-e-mire-se-ulqini-8274\/#primaryimage"},"datePublished":"2016-09-26T17:13:08+00:00","dateModified":"2016-09-26T17:13:08+00:00","author":{"@id":"https:\/\/www.visit-ulcinj.com\/blog\/#\/schema\/person\/dcab619c614d3038751c63bc2aadc06d"},"description":"Ekipi kampion i Kosov\u00ebs, Sigal Prishtina, po zhvillon ndeshje miq\u00ebsore q\u00eb t\u00eb jen\u00eb gati p\u00ebr edicionin e ri n\u00eb Lig\u00ebn e Kosov\u00ebs, Lig\u00ebn Ballkanike dhe n\u00eb","breadcrumb":{"@id":"https:\/\/www.visit-ulcinj.com\/blog\/2016\/09\/26\/basketbollistet-e-prishtines-e-mire-se-ulqini-8274\/#breadcrumb"},"inLanguage":"en-US","potentialAction":[{"@type":"ReadAction","target":["https:\/\/www.visit-ulcinj.com\/blog\/2016\/09\/26\/basketbollistet-e-prishtines-e-mire-se-ulqini-8274\/"]}]},{"@type":"BreadcrumbList","@id":"https:\/\/www.visit-ulcinj.com\/blog\/2016\/09\/26\/basketbollistet-e-prishtines-e-mire-se-ulqini-8274\/#breadcrumb","itemListElement":[{"@type":"ListItem","position":1,"name":"Basketbollist\u00ebt e Prishtin\u00ebs m\u00eb e mir\u00eb se Ulqini 82:74"}]},{"@type":"Person","@id":"https:\/\/www.visit-ulcinj.com\/blog\/#\/schema\/person\/dcab619c614d3038751c63bc2aadc06d","name":"ulqini","sameAs":["http:\/\/www.visit-ulcinj.com"],"url":"https:\/\/www.visit-ulcinj.com\/blog\/author\/admin\/"}]}},"jetpack_featured_media_url":"","jetpack_sharing_enabled":true,"jetpack_shortlink":"https:\/\/wp.me\/pe6lTn-q0e","_links":{"self":[{"href":"https:\/\/www.visit-ulcinj.com\/blog\/wp-json\/wp\/v2\/posts\/99958"}],"collection":[{"href":"https:\/\/www.visit-ulcinj.com\/blog\/wp-json\/wp\/v2\/posts"}],"about":[{"href":"https:\/\/www.visit-ulcinj.com\/blog\/wp-json\/wp\/v2\/types\/post"}],"author":[{"embeddable":true,"href":"https:\/\/www.visit-ulcinj.com\/blog\/wp-json\/wp\/v2\/users\/1"}],"replies":[{"embeddable":true,"href":"https:\/\/www.visit-ulcinj.com\/blog\/wp-json\/wp\/v2\/comments?post=99958"}],"version-history":[{"count":1,"href":"https:\/\/www.visit-ulcinj.com\/blog\/wp-json\/wp\/v2\/posts\/99958\/revisions"}],"predecessor-version":[{"id":99960,"href":"https:\/\/www.visit-ulcinj.com\/blog\/wp-json\/wp\/v2\/posts\/99958\/revisions\/99960"}],"wp:attachment":[{"href":"https:\/\/www.visit-ulcinj.com\/blog\/wp-json\/wp\/v2\/media?parent=99958"}],"wp:term":[{"taxonomy":"category","embeddable":true,"href":"https:\/\/www.visit-ulcinj.com\/blog\/wp-json\/wp\/v2\/categories?post=99958"},{"taxonomy":"post_tag","embeddable":true,"href":"https:\/\/www.visit-ulcinj.com\/blog\/wp-json\/wp\/v2\/tags?post=99958"}],"curies":[{"name":"wp","href":"https:\/\/api.w.org\/{rel}","templated":true}]}}