{"id":99961,"date":"2016-09-26T20:39:04","date_gmt":"2016-09-26T19:39:04","guid":{"rendered":"http:\/\/www.visit-ulcinj.com\/blog\/?p=99961"},"modified":"2016-09-26T20:39:04","modified_gmt":"2016-09-26T19:39:04","slug":"nika-nje-veshtrim-rasti-perfundoi-manifestimi-d-olcinium-international-festival","status":"publish","type":"post","link":"https:\/\/www.visit-ulcinj.com\/blog\/2016\/09\/26\/nika-nje-veshtrim-rasti-perfundoi-manifestimi-d-olcinium-international-festival\/","title":{"rendered":"Nika: Nj\u00eb v\u00ebshtrim rasti \u201c P\u00ebrfundoi manifestimi D olcinium International festival..\u201d"},"content":{"rendered":"<p><strong><a href=\"http:\/\/www.visit-ulcinj.com\/blog\/wp-content\/uploads\/2016\/09\/P\u00ebrfundoi-manifestimi-D-olcinium-International-festival-1.jpg\"><img loading=\"lazy\" class=\"alignleft wp-image-99943\" src=\"http:\/\/www.visit-ulcinj.com\/blog\/wp-content\/uploads\/2016\/09\/P\u00ebrfundoi-manifestimi-D-olcinium-International-festival-1.jpg\" alt=\"P\u00ebrfundoi manifestimi D olcinium International festival-1\" width=\"508\" height=\"339\" srcset=\"https:\/\/www.visit-ulcinj.com\/blog\/wp-content\/uploads\/2016\/09\/P\u00ebrfundoi-manifestimi-D-olcinium-International-festival-1.jpg 927w, https:\/\/www.visit-ulcinj.com\/blog\/wp-content\/uploads\/2016\/09\/P\u00ebrfundoi-manifestimi-D-olcinium-International-festival-1-300x200.jpg 300w, https:\/\/www.visit-ulcinj.com\/blog\/wp-content\/uploads\/2016\/09\/P\u00ebrfundoi-manifestimi-D-olcinium-International-festival-1-768x512.jpg 768w\" sizes=\"(max-width: 508px) 100vw, 508px\" \/><\/a>Muhamet Nika<\/strong><\/p>\n<p>Nuk \u00a0e di n\u00ebse e keni d\u00ebgjuar\u00a0 ndonj\u00ebher\u00eb\u00a0 at\u00eb pun\u00ebn , e\u00a0 ligjit t\u00eb\u00a0 fizik\u00ebs i cili thot\u00eb se nga asgj\u00ebja\u00a0 mund t\u00eb\u00a0 dal\u00eb vet\u00ebm \u00a0nj\u00eb asgj\u00eb \u00a0dhe\u00a0 kurr\u00eb se si \u00a0t\u00eb dal\u00eb\u00a0 di\u00e7?! Jam \u00a0plot\u00ebsisht i \u00a0bindur\u00a0 q\u00eb edhe nga ky festival nuk mund t\u00eb dal\u00eb asgj\u00eb, ve\u00e7 se po \u2013Organizata \u00a0\u00a0Turistike\u00a0 , shpenzoi do para t\u00eb taksa paguesve (ose i\u00a0 keq p\u00ebdori mjetet, sipas zakonit t\u00eb vjet\u00ebr- deri tash flitet p\u00ebr gjysm\u00eb milioni euro ..)?! Manifestimi i cekur \u00a0n\u00eb shum\u00eb \u00e7ka\u00a0 \u00a0po m\u00eb \u00a0kujton\u00a0 \u201c Gjeneral Gramafonin..\u201d &#8211; \u00a0film shqiptar \u00a0i koh\u00ebs\u00a0 s\u00eb pushtimit fashist\u00eb\u2013 por pa mjeshtrin popullor Halit Beratin&#8230;?!! Fjala n\u00eb \u00a0k\u00ebt\u00eb film \u00ebsht\u00eb\u00a0 p\u00ebr nj\u00eb gjeneral\u00a0 italian i cili vjen n\u00eb Shqip\u00ebri , n\u00eb koh\u00ebn e pushtimit fashist \u2013 gjoja p\u00ebr t\u00eb incizuar dhe afirmuar muzik\u00ebn burimore shqiptare \u2013 por \u00a0\u00a0nga artist\u00ebt shqiptar\u00eb\u00a0 tenton q\u00eb n\u00eb incizim t\u00eb futen rimet italiane duke lejuar\u00a0 vet\u00ebm ndonj\u00eb k\u00ebng\u00eb t\u00eb mir\u00ebfillt\u00eb\u00a0 shqiptare , por \u00a0edhe at\u00eb t\u00eb tipit : <strong>Xhinxhile\u00a0 moj xhinxhile \u2013 jepi sis\u00eb moj jepi sis\u00eb\/ jepi sis\u00eb \u00a0jaranit\u00a0 eeee..?!<\/strong><\/p>\n<p>&nbsp;<\/p>\n<p>Dhe v\u00ebrtet\u00eb\u00a0 \u00a0me t\u00eb drejt\u00eb mbr\u00ebm\u00eb pata ankthe \u00a0nate , kur pash se si Gjeneral Gramafoni\u00a0 na qenka \u00e7uar lugat n\u00eb\u00a0 kala \u00a0t\u00eb Ulqinit duke i nd\u00ebrruar\u00a0 edhe vet\u00eb emrin ilir DULCINIUM\u00a0 n\u00eb\u00a0 at\u00eb romak \u201dDO LCINIUM \u201c- shihni\u00a0 me kujdes\u00a0 shkronja D\u00a0 jepet\u00a0 madje edhe e \u00a0ndar\u00eb- \u201c\u00a0 \u010disto &#8211; \u0161panski..\u201c ?! Ose edhe shum\u00eb m\u00eb keq , ju kujtoj q\u00eb edhe shoq\u00ebria e par\u00eb kulturore dhe artistike\u00a0 serbo &#8211; malazeze\u00a0 n\u00eb Ulqinin e pushtuar \u2013 pas\u00a0 Lidhjes s\u00eb Prizrenit, u quajt OCINJSKI, si duket puna k\u00ebsaj radhe\u00a0 na qenka e paramenduar\u00a0 jo nga nj\u00eb , po nga dy apo disa gjeneral\u00eb&#8230;?!!<\/p>\n<p>Shkrimi as se si nuk n\u00ebnkupton\u00a0 nj\u00eb \u201c merzi\u201d e urrejtje ndaj\u00a0 folklorit t\u00eb vendeve pjes\u00ebmarr\u00ebs , ve\u00e7se po themi , dhe me k\u00ebt\u00eb po e p\u00ebrfundojm\u00eb, q\u00eb n\u00eb Kosov\u00eb, kur nj\u00eb \u201c \u00e7aporri t\u00eb\u00a0 ujq\u00ebrve\u201d , u prin nj\u00eb qen i thon\u00eb , po\u00a0 kalon \u00a0nj\u00eb \u201c\u00e7aporr\u00a0 qensh\u201d&#8230;?! Nd\u00ebrsa\u00a0 kur nj\u00eb\u00a0 \u201c\u00e7aporri\u00a0 t\u00eb qenve \u201c u prin\u00a0 vet\u00ebm nj\u00eb ujk, i thon\u00eb se po kalon nj\u00eb \u201c\u00c7aporr \u00a0ujq\u00ebrish\u201d &#8230;?!!<\/p>\n<p>Dhe desh harrova t\u00eb them , por kjo puna e \u00e7aporrave&#8230;, po m\u00eb kujton skenat me \u00a0qent\u00eb e qytetit t\u00eb cil\u00ebt gjat\u00eb gjith\u00eb ver\u00ebs sulmuan turist\u00ebt- mbase\u00a0 komuna (organizata turistike) do kish qen\u00eb m\u00eb mir\u00eb t\u00eb nd\u00ebrtoj\u00eb nj\u00eb azil qensh , se u b\u00ebm\u00eb\u00a0 dhe na b\u00ebt\u00eb\u00a0 rezil\u00eb more aman &#8230;?!!!<\/p>\n<p><a href=\"http:\/\/www.visit-ulcinj.com\/blog\/wp-content\/uploads\/2014\/11\/Muhamet-Nika.jpg\"><img loading=\"lazy\" class=\"alignleft wp-image-86143 size-thumbnail\" src=\"http:\/\/www.visit-ulcinj.com\/blog\/wp-content\/uploads\/2014\/11\/Muhamet-Nika-150x150.jpg\" alt=\"Muhamet Nika\" width=\"150\" height=\"150\" \/><\/a><strong>Sudski tuma\u010d- P\u00ebrkthyes gjyq\u00ebsor \u201c MUHAMET NIKA \u201d Ulcinj- Ulqin<\/strong><\/p>\n<p><strong>Adresa:<\/strong> zgrada SO ULCINJ- nd\u00ebrtesa e KK Ulqin<\/p>\n<p><strong>Telefon-i: <\/strong> 068 264 122<\/p>\n<p><strong>Email-i <\/strong>: <strong><a href=\"mailto:muhamet-nika@hotmail.com\">muhamet-nika@hotmail.com<\/a><\/strong><\/p>\n<p>Albanski jezik- prof. Albanskog jezika<\/p>\n<p>Gjuh\u00eb shqipe- prof. I gjuh\u00ebs shqipe<\/p>\n<p><strong>Pik\u00ebpamjet e shprehura n\u00eb faqen \u201cOPINIONE\u201d nuk p\u00ebrfaq\u00ebsojn\u00eb domosdoshm\u00ebrisht politik\u00ebn redaksionale t\u00eb \u201eLajmeve nga Ulqini\u201e<\/strong><\/p>\n","protected":false},"excerpt":{"rendered":"<p>Muhamet Nika Nuk \u00a0e di n\u00ebse e keni d\u00ebgjuar\u00a0 ndonj\u00ebher\u00eb\u00a0 at\u00eb pun\u00ebn , e\u00a0 ligjit t\u00eb\u00a0 fizik\u00ebs i cili thot\u00eb se nga asgj\u00ebja\u00a0 mund t\u00eb\u00a0 dal\u00eb vet\u00ebm \u00a0nj\u00eb asgj\u00eb \u00a0dhe\u00a0 kurr\u00eb se si \u00a0t\u00eb dal\u00eb\u00a0 di\u00e7?! Jam \u00a0plot\u00ebsisht i \u00a0bindur\u00a0 q\u00eb edhe nga ky festival nuk mund t\u00eb dal\u00eb asgj\u00eb, ve\u00e7 se po \u2013Organizata \u00a0\u00a0Turistike\u00a0 [&hellip;]<\/p>\n","protected":false},"author":1,"featured_media":0,"comment_status":"closed","ping_status":"closed","sticky":false,"template":"","format":"standard","meta":{"spay_email":"","jetpack_publicize_message":"","jetpack_is_tweetstorm":false,"jetpack_publicize_feature_enabled":true},"categories":[14249],"tags":[],"jetpack_publicize_connections":[],"yoast_head":"<!-- This site is optimized with the Yoast SEO plugin v19.1 - https:\/\/yoast.com\/wordpress\/plugins\/seo\/ -->\n<title>Nika: Nj\u00eb v\u00ebshtrim rasti \u201c P\u00ebrfundoi manifestimi D olcinium International festival..\u201d - Lajme nga Ulqini<\/title>\n<meta name=\"description\" content=\"Muhamet Nika Nuk \u00a0e di n\u00ebse e keni d\u00ebgjuar\u00a0 ndonj\u00ebher\u00eb\u00a0 at\u00eb pun\u00ebn , e\u00a0 ligjit t\u00eb\u00a0 fizik\u00ebs i cili thot\u00eb se nga asgj\u00ebja\u00a0 mund t\u00eb\u00a0 dal\u00eb vet\u00ebm \u00a0nj\u00eb asgj\u00eb\" \/>\n<meta name=\"robots\" content=\"index, follow, max-snippet:-1, max-image-preview:large, max-video-preview:-1\" \/>\n<link rel=\"canonical\" href=\"https:\/\/www.visit-ulcinj.com\/blog\/2016\/09\/26\/nika-nje-veshtrim-rasti-perfundoi-manifestimi-d-olcinium-international-festival\/\" \/>\n<meta property=\"og:locale\" content=\"en_US\" \/>\n<meta property=\"og:type\" content=\"article\" \/>\n<meta property=\"og:title\" content=\"Nika: Nj\u00eb v\u00ebshtrim rasti \u201c P\u00ebrfundoi manifestimi D olcinium International festival..\u201d - Lajme nga Ulqini\" \/>\n<meta property=\"og:description\" content=\"Muhamet Nika Nuk \u00a0e di n\u00ebse e keni d\u00ebgjuar\u00a0 ndonj\u00ebher\u00eb\u00a0 at\u00eb pun\u00ebn , e\u00a0 ligjit t\u00eb\u00a0 fizik\u00ebs i cili thot\u00eb se nga asgj\u00ebja\u00a0 mund t\u00eb\u00a0 dal\u00eb vet\u00ebm \u00a0nj\u00eb asgj\u00eb\" \/>\n<meta property=\"og:url\" content=\"https:\/\/www.visit-ulcinj.com\/blog\/2016\/09\/26\/nika-nje-veshtrim-rasti-perfundoi-manifestimi-d-olcinium-international-festival\/\" \/>\n<meta property=\"og:site_name\" content=\"Lajme nga Ulqini\" \/>\n<meta property=\"article:published_time\" content=\"2016-09-26T19:39:04+00:00\" \/>\n<meta property=\"og:image\" content=\"http:\/\/www.visit-ulcinj.com\/blog\/wp-content\/uploads\/2014\/11\/Muhamet-Nika-150x150.jpg\" \/>\n<meta name=\"twitter:label1\" content=\"Written by\" \/>\n\t<meta name=\"twitter:data1\" content=\"ulqini\" \/>\n\t<meta name=\"twitter:label2\" content=\"Est. reading time\" \/>\n\t<meta name=\"twitter:data2\" content=\"2 minutes\" \/>\n<script type=\"application\/ld+json\" class=\"yoast-schema-graph\">{\"@context\":\"https:\/\/schema.org\",\"@graph\":[{\"@type\":\"WebSite\",\"@id\":\"https:\/\/www.visit-ulcinj.com\/blog\/#website\",\"url\":\"https:\/\/www.visit-ulcinj.com\/blog\/\",\"name\":\"Lajme nga Ulqini\",\"description\":\"Lajme,Vijesti,Ulqini,Ulqin,Crna Gora,Mali i Zi\",\"potentialAction\":[{\"@type\":\"SearchAction\",\"target\":{\"@type\":\"EntryPoint\",\"urlTemplate\":\"https:\/\/www.visit-ulcinj.com\/blog\/?s={search_term_string}\"},\"query-input\":\"required name=search_term_string\"}],\"inLanguage\":\"en-US\"},{\"@type\":\"ImageObject\",\"inLanguage\":\"en-US\",\"@id\":\"https:\/\/www.visit-ulcinj.com\/blog\/2016\/09\/26\/nika-nje-veshtrim-rasti-perfundoi-manifestimi-d-olcinium-international-festival\/#primaryimage\",\"url\":\"https:\/\/www.visit-ulcinj.com\/blog\/wp-content\/uploads\/2014\/11\/Muhamet-Nika.jpg\",\"contentUrl\":\"https:\/\/www.visit-ulcinj.com\/blog\/wp-content\/uploads\/2014\/11\/Muhamet-Nika.jpg\",\"width\":256,\"height\":319},{\"@type\":\"WebPage\",\"@id\":\"https:\/\/www.visit-ulcinj.com\/blog\/2016\/09\/26\/nika-nje-veshtrim-rasti-perfundoi-manifestimi-d-olcinium-international-festival\/#webpage\",\"url\":\"https:\/\/www.visit-ulcinj.com\/blog\/2016\/09\/26\/nika-nje-veshtrim-rasti-perfundoi-manifestimi-d-olcinium-international-festival\/\",\"name\":\"Nika: Nj\u00eb v\u00ebshtrim rasti \u201c P\u00ebrfundoi manifestimi D olcinium International festival..\u201d - Lajme nga Ulqini\",\"isPartOf\":{\"@id\":\"https:\/\/www.visit-ulcinj.com\/blog\/#website\"},\"primaryImageOfPage\":{\"@id\":\"https:\/\/www.visit-ulcinj.com\/blog\/2016\/09\/26\/nika-nje-veshtrim-rasti-perfundoi-manifestimi-d-olcinium-international-festival\/#primaryimage\"},\"datePublished\":\"2016-09-26T19:39:04+00:00\",\"dateModified\":\"2016-09-26T19:39:04+00:00\",\"author\":{\"@id\":\"https:\/\/www.visit-ulcinj.com\/blog\/#\/schema\/person\/dcab619c614d3038751c63bc2aadc06d\"},\"description\":\"Muhamet Nika Nuk \u00a0e di n\u00ebse e keni d\u00ebgjuar\u00a0 ndonj\u00ebher\u00eb\u00a0 at\u00eb pun\u00ebn , e\u00a0 ligjit t\u00eb\u00a0 fizik\u00ebs i cili thot\u00eb se nga asgj\u00ebja\u00a0 mund t\u00eb\u00a0 dal\u00eb vet\u00ebm \u00a0nj\u00eb asgj\u00eb\",\"breadcrumb\":{\"@id\":\"https:\/\/www.visit-ulcinj.com\/blog\/2016\/09\/26\/nika-nje-veshtrim-rasti-perfundoi-manifestimi-d-olcinium-international-festival\/#breadcrumb\"},\"inLanguage\":\"en-US\",\"potentialAction\":[{\"@type\":\"ReadAction\",\"target\":[\"https:\/\/www.visit-ulcinj.com\/blog\/2016\/09\/26\/nika-nje-veshtrim-rasti-perfundoi-manifestimi-d-olcinium-international-festival\/\"]}]},{\"@type\":\"BreadcrumbList\",\"@id\":\"https:\/\/www.visit-ulcinj.com\/blog\/2016\/09\/26\/nika-nje-veshtrim-rasti-perfundoi-manifestimi-d-olcinium-international-festival\/#breadcrumb\",\"itemListElement\":[{\"@type\":\"ListItem\",\"position\":1,\"name\":\"Nika: Nj\u00eb v\u00ebshtrim rasti \u201c P\u00ebrfundoi manifestimi D olcinium International festival..\u201d\"}]},{\"@type\":\"Person\",\"@id\":\"https:\/\/www.visit-ulcinj.com\/blog\/#\/schema\/person\/dcab619c614d3038751c63bc2aadc06d\",\"name\":\"ulqini\",\"sameAs\":[\"http:\/\/www.visit-ulcinj.com\"],\"url\":\"https:\/\/www.visit-ulcinj.com\/blog\/author\/admin\/\"}]}<\/script>\n<!-- \/ Yoast SEO plugin. -->","yoast_head_json":{"title":"Nika: Nj\u00eb v\u00ebshtrim rasti \u201c P\u00ebrfundoi manifestimi D olcinium International festival..\u201d - Lajme nga Ulqini","description":"Muhamet Nika Nuk \u00a0e di n\u00ebse e keni d\u00ebgjuar\u00a0 ndonj\u00ebher\u00eb\u00a0 at\u00eb pun\u00ebn , e\u00a0 ligjit t\u00eb\u00a0 fizik\u00ebs i cili thot\u00eb se nga asgj\u00ebja\u00a0 mund t\u00eb\u00a0 dal\u00eb vet\u00ebm \u00a0nj\u00eb asgj\u00eb","robots":{"index":"index","follow":"follow","max-snippet":"max-snippet:-1","max-image-preview":"max-image-preview:large","max-video-preview":"max-video-preview:-1"},"canonical":"https:\/\/www.visit-ulcinj.com\/blog\/2016\/09\/26\/nika-nje-veshtrim-rasti-perfundoi-manifestimi-d-olcinium-international-festival\/","og_locale":"en_US","og_type":"article","og_title":"Nika: Nj\u00eb v\u00ebshtrim rasti \u201c P\u00ebrfundoi manifestimi D olcinium International festival..\u201d - Lajme nga Ulqini","og_description":"Muhamet Nika Nuk \u00a0e di n\u00ebse e keni d\u00ebgjuar\u00a0 ndonj\u00ebher\u00eb\u00a0 at\u00eb pun\u00ebn , e\u00a0 ligjit t\u00eb\u00a0 fizik\u00ebs i cili thot\u00eb se nga asgj\u00ebja\u00a0 mund t\u00eb\u00a0 dal\u00eb vet\u00ebm \u00a0nj\u00eb asgj\u00eb","og_url":"https:\/\/www.visit-ulcinj.com\/blog\/2016\/09\/26\/nika-nje-veshtrim-rasti-perfundoi-manifestimi-d-olcinium-international-festival\/","og_site_name":"Lajme nga Ulqini","article_published_time":"2016-09-26T19:39:04+00:00","og_image":[{"url":"http:\/\/www.visit-ulcinj.com\/blog\/wp-content\/uploads\/2014\/11\/Muhamet-Nika-150x150.jpg"}],"twitter_misc":{"Written by":"ulqini","Est. reading time":"2 minutes"},"schema":{"@context":"https:\/\/schema.org","@graph":[{"@type":"WebSite","@id":"https:\/\/www.visit-ulcinj.com\/blog\/#website","url":"https:\/\/www.visit-ulcinj.com\/blog\/","name":"Lajme nga Ulqini","description":"Lajme,Vijesti,Ulqini,Ulqin,Crna Gora,Mali i Zi","potentialAction":[{"@type":"SearchAction","target":{"@type":"EntryPoint","urlTemplate":"https:\/\/www.visit-ulcinj.com\/blog\/?s={search_term_string}"},"query-input":"required name=search_term_string"}],"inLanguage":"en-US"},{"@type":"ImageObject","inLanguage":"en-US","@id":"https:\/\/www.visit-ulcinj.com\/blog\/2016\/09\/26\/nika-nje-veshtrim-rasti-perfundoi-manifestimi-d-olcinium-international-festival\/#primaryimage","url":"https:\/\/www.visit-ulcinj.com\/blog\/wp-content\/uploads\/2014\/11\/Muhamet-Nika.jpg","contentUrl":"https:\/\/www.visit-ulcinj.com\/blog\/wp-content\/uploads\/2014\/11\/Muhamet-Nika.jpg","width":256,"height":319},{"@type":"WebPage","@id":"https:\/\/www.visit-ulcinj.com\/blog\/2016\/09\/26\/nika-nje-veshtrim-rasti-perfundoi-manifestimi-d-olcinium-international-festival\/#webpage","url":"https:\/\/www.visit-ulcinj.com\/blog\/2016\/09\/26\/nika-nje-veshtrim-rasti-perfundoi-manifestimi-d-olcinium-international-festival\/","name":"Nika: Nj\u00eb v\u00ebshtrim rasti \u201c P\u00ebrfundoi manifestimi D olcinium International festival..\u201d - Lajme nga Ulqini","isPartOf":{"@id":"https:\/\/www.visit-ulcinj.com\/blog\/#website"},"primaryImageOfPage":{"@id":"https:\/\/www.visit-ulcinj.com\/blog\/2016\/09\/26\/nika-nje-veshtrim-rasti-perfundoi-manifestimi-d-olcinium-international-festival\/#primaryimage"},"datePublished":"2016-09-26T19:39:04+00:00","dateModified":"2016-09-26T19:39:04+00:00","author":{"@id":"https:\/\/www.visit-ulcinj.com\/blog\/#\/schema\/person\/dcab619c614d3038751c63bc2aadc06d"},"description":"Muhamet Nika Nuk \u00a0e di n\u00ebse e keni d\u00ebgjuar\u00a0 ndonj\u00ebher\u00eb\u00a0 at\u00eb pun\u00ebn , e\u00a0 ligjit t\u00eb\u00a0 fizik\u00ebs i cili thot\u00eb se nga asgj\u00ebja\u00a0 mund t\u00eb\u00a0 dal\u00eb vet\u00ebm \u00a0nj\u00eb asgj\u00eb","breadcrumb":{"@id":"https:\/\/www.visit-ulcinj.com\/blog\/2016\/09\/26\/nika-nje-veshtrim-rasti-perfundoi-manifestimi-d-olcinium-international-festival\/#breadcrumb"},"inLanguage":"en-US","potentialAction":[{"@type":"ReadAction","target":["https:\/\/www.visit-ulcinj.com\/blog\/2016\/09\/26\/nika-nje-veshtrim-rasti-perfundoi-manifestimi-d-olcinium-international-festival\/"]}]},{"@type":"BreadcrumbList","@id":"https:\/\/www.visit-ulcinj.com\/blog\/2016\/09\/26\/nika-nje-veshtrim-rasti-perfundoi-manifestimi-d-olcinium-international-festival\/#breadcrumb","itemListElement":[{"@type":"ListItem","position":1,"name":"Nika: Nj\u00eb v\u00ebshtrim rasti \u201c P\u00ebrfundoi manifestimi D olcinium International festival..\u201d"}]},{"@type":"Person","@id":"https:\/\/www.visit-ulcinj.com\/blog\/#\/schema\/person\/dcab619c614d3038751c63bc2aadc06d","name":"ulqini","sameAs":["http:\/\/www.visit-ulcinj.com"],"url":"https:\/\/www.visit-ulcinj.com\/blog\/author\/admin\/"}]}},"jetpack_featured_media_url":"","jetpack_sharing_enabled":true,"jetpack_shortlink":"https:\/\/wp.me\/pe6lTn-q0h","_links":{"self":[{"href":"https:\/\/www.visit-ulcinj.com\/blog\/wp-json\/wp\/v2\/posts\/99961"}],"collection":[{"href":"https:\/\/www.visit-ulcinj.com\/blog\/wp-json\/wp\/v2\/posts"}],"about":[{"href":"https:\/\/www.visit-ulcinj.com\/blog\/wp-json\/wp\/v2\/types\/post"}],"author":[{"embeddable":true,"href":"https:\/\/www.visit-ulcinj.com\/blog\/wp-json\/wp\/v2\/users\/1"}],"replies":[{"embeddable":true,"href":"https:\/\/www.visit-ulcinj.com\/blog\/wp-json\/wp\/v2\/comments?post=99961"}],"version-history":[{"count":1,"href":"https:\/\/www.visit-ulcinj.com\/blog\/wp-json\/wp\/v2\/posts\/99961\/revisions"}],"predecessor-version":[{"id":99962,"href":"https:\/\/www.visit-ulcinj.com\/blog\/wp-json\/wp\/v2\/posts\/99961\/revisions\/99962"}],"wp:attachment":[{"href":"https:\/\/www.visit-ulcinj.com\/blog\/wp-json\/wp\/v2\/media?parent=99961"}],"wp:term":[{"taxonomy":"category","embeddable":true,"href":"https:\/\/www.visit-ulcinj.com\/blog\/wp-json\/wp\/v2\/categories?post=99961"},{"taxonomy":"post_tag","embeddable":true,"href":"https:\/\/www.visit-ulcinj.com\/blog\/wp-json\/wp\/v2\/tags?post=99961"}],"curies":[{"name":"wp","href":"https:\/\/api.w.org\/{rel}","templated":true}]}}