{"id":99963,"date":"2016-09-27T06:55:55","date_gmt":"2016-09-27T05:55:55","guid":{"rendered":"http:\/\/www.visit-ulcinj.com\/blog\/?p=99963"},"modified":"2016-09-28T07:27:37","modified_gmt":"2016-09-28T06:27:37","slug":"perplasja-e-politikaneve-shqiptar-ne-zgjedhjet-2016","status":"publish","type":"post","link":"https:\/\/www.visit-ulcinj.com\/blog\/2016\/09\/27\/perplasja-e-politikaneve-shqiptar-ne-zgjedhjet-2016\/","title":{"rendered":"P\u00ebrplasja e politikan\u00ebve shqiptar n\u00eb Zgjedhjet 2016 &#8211; Video"},"content":{"rendered":"<p><a href=\"http:\/\/www.visit-ulcinj.com\/blog\/wp-content\/uploads\/2016\/09\/Partit\u00eb-shqiptare-ne-mal-te-zi.jpg\"><img loading=\"lazy\" class=\"alignleft wp-image-99710\" src=\"http:\/\/www.visit-ulcinj.com\/blog\/wp-content\/uploads\/2016\/09\/Partit\u00eb-shqiptare-ne-mal-te-zi.jpg\" alt=\"Partit\u00eb shqiptare ne mal te zi\" width=\"508\" height=\"290\" srcset=\"https:\/\/www.visit-ulcinj.com\/blog\/wp-content\/uploads\/2016\/09\/Partit\u00eb-shqiptare-ne-mal-te-zi.jpg 700w, https:\/\/www.visit-ulcinj.com\/blog\/wp-content\/uploads\/2016\/09\/Partit\u00eb-shqiptare-ne-mal-te-zi-300x171.jpg 300w\" sizes=\"(max-width: 508px) 100vw, 508px\" \/><\/a>Deputeti i Forc\u00ebs se re dDemokratike Genc Nimanbegu, gjat\u00eb nj\u00eb interviste p\u00ebr TV Pink M, ka hedh\u00eb posht\u00eb th\u00ebniet se partit\u00eb shqiptare kan\u00eb shkuar n\u00eb Tirane p\u00ebr t\u00eb marr\u00eb mendimet e zyrtar\u00ebve shqiptar\u00eb p\u00ebr list\u00eb t\u00eb p\u00ebrbashk\u00ebt. Ai poashtu vler\u00ebsoi se mandati i deputetit shqiptar\u00eb \u00ebsht\u00eb shum\u00eb i shtrenjt\u00eb p\u00ebr shkak t\u00eb ligjit jofavorizues. Ne n\u00eb vend q\u00eb t\u00eb kemi 4 ose 5 deputet, arrijm\u00eb t\u00eb fitojm\u00eb vet\u00ebm dy ose tre. N\u00eb pyetjen e gazetarit se si e vler\u00ebson korrupsionin politik, Nimanbegu tha se k\u00ebt\u00eb veprim e b\u00ebjn\u00eb vet\u00ebm ata politikan t\u00eb cil\u00ebt nuk mendojn\u00eb n\u00eb m\u00ebnyre afatgjate, dhe e vler\u00ebsojn\u00eb politiken si parad\u00eb mediatike.<\/p>\n<p>\u201cPolitika \u00ebsht\u00eb nj\u00eb pun\u00eb serioze dhe \u00e7do politikan duhet t\u00eb sillet n\u00eb m\u00ebnyre te nj\u00ebjt\u00eb si n\u00eb jet\u00ebn private,\u00a0 ashtu edhe n\u00eb jet\u00ebn publike, sepse p\u00ebrgjegj\u00ebsia e fjal\u00ebs \u00ebsht\u00eb shum\u00eb e madhe. Mesazhi i cili u jepet qytetar\u00ebve duhet t\u00eb jet\u00eb i q\u00ebndruesh\u00ebm dhe njer\u00ebzor\u00eb. Ai duhet t\u00eb jet\u00eb ashtu si\u00e7 e ndien njeriu \u00a0dhe jo t\u00eb flitet vet\u00ebm p\u00ebr t\u00eb b\u00ebr\u00eb demagogji dhe populliz\u00ebm ashtu si\u00e7 dikush d\u00ebshiron t\u00eb d\u00ebgjoj\u00eb\u201d, tha Nimenbegu. Kryesuesi i list\u00ebs \u201cShqiptar\u00ebt- \u00a0Me nj\u00eb q\u00ebllim\u201d, G\u00ebzim Hajdinaga tha p\u00ebr televizionin Teuta se bashk\u00ebpunimi i tij me subjektet q\u00eb p\u00ebrb\u00ebjn\u00eb k\u00ebt\u00eb koalicion \u00ebsht\u00eb afatgjat\u00eb, dhe do t\u00eb vazhdoj\u00eb edhe pas zgjedhjeve parlamentare.<\/p>\n<p>Hajdinaga u shpreh se sipas mendimit t\u00eb tij, rezultati i mir\u00eb n\u00eb zgjedhje nuk do t\u00eb mungoj\u00eb, pasi puna e tyre n\u00eb t\u00eb kaluar\u00ebn tregon se ky bashk\u00ebpunim mund t\u00eb jet\u00eb shum\u00eb i frytsh\u00ebm. Sipas tij, p\u00ebr\u00e7arja u ka shkaktuar shum\u00eb d\u00ebme shqiptar\u00ebve n\u00eb Mal t\u00eb Zi, dhe se n\u00eb sken\u00ebn politike nuk duhet t\u00eb ket\u00eb m\u00eb shum\u00eb se dy subjekte. Hajdinaga shprehu bindjen se qytetar\u00ebt jan\u00eb t\u00eb vet\u00ebdijsh\u00ebm p\u00ebr figurat politike q\u00eb tashm\u00eb ndodhen n\u00eb sken\u00eb, dhe do ta ken\u00eb t\u00eb leht\u00eb t\u00eb vendosin se kush e meriton besimin e tyre. Kryetari i K\u00ebshillit Komunal t\u00eb Partis\u00eb Demokratike t\u00eb Socialist\u00ebve,\u00a0Loro Nrekiq, tha p\u00ebr televizionin Teuta se sipas sondazheve t\u00eb kryera, kjo parti n\u00eb zgjedhjet e ardhshme parlamentare do t\u00eb p\u00ebrs\u00ebris\u00eb suksesin e zgjedhjeve lokale.<\/p>\n<p>Ai shprehu sigurin\u00eb se edhe pas zgjedhjeve PDS do t\u00eb jet\u00eb n\u00eb krye t\u00eb Qeveris\u00eb s\u00eb ardhshme, n\u00eb t\u00eb cil\u00ebn do t\u00eb ket\u00eb vend p\u00ebr t\u00eb gjith\u00eb subjektet q\u00eb jan\u00eb pro Mali t\u00eb Zi dhe rrug\u00ebs s\u00eb tij euroatlantike. Nd\u00ebrsa kryetari i Malit t\u00eb Zi Pozitiv, Darko Pajoviq, beson se partia e tij do t\u00eb arrij\u00eb nj\u00eb rezultat t\u00eb mir\u00eb n\u00eb zgjedhjet parlamentare m\u00eb 16 tetor se n\u00eb zgjedhjet e vitit 2012. Pajoviq dha vler\u00ebsim se Malin e Zi\u00a0 Pozitiv aktualisht e mb\u00ebshtesin pes\u00eb deri gjasht\u00eb p\u00ebr qind. \u201cNe jemi duke udh\u00ebhequr nj\u00eb fushat\u00eb intensive dhe t\u00eb sinqert\u00eb me q\u00ebllim q\u00eb t\u00eb forcojm\u00eb mb\u00ebshtetjen q\u00eb marrim nga qytetar\u00ebt. Q\u00ebllimi \u00ebsht\u00eb q\u00eb t\u00eb tejkalojm\u00eb suksesin elektoral n\u00eb vitin 2012 \u201c, theksoi ai. Avantazh i Malit t\u00eb Zi Pozitiv n\u00eb lidhje me konkurrenc\u00ebn politike, thot\u00eb ai, \u00ebsht\u00eb se ata jan\u00eb partia e vetme q\u00eb ka sjell\u00eb ndryshime t\u00eb konsiderueshme politike n\u00eb Mal t\u00eb Zi pas 27 vitesh.<\/p>\n<p>TVCG<\/p>\n<p>[flv]http:\/\/rtcg.me\/upload\/boxFileData\/2016\/09\/27\/196328\/26%20debata.mp4[\/flv]<\/p>\n<p>&nbsp;<\/p>\n","protected":false},"excerpt":{"rendered":"<p>Deputeti i Forc\u00ebs se re dDemokratike Genc Nimanbegu, gjat\u00eb nj\u00eb interviste p\u00ebr TV Pink M, ka hedh\u00eb posht\u00eb th\u00ebniet se partit\u00eb shqiptare kan\u00eb shkuar n\u00eb Tirane p\u00ebr t\u00eb marr\u00eb mendimet e zyrtar\u00ebve shqiptar\u00eb p\u00ebr list\u00eb t\u00eb p\u00ebrbashk\u00ebt. Ai poashtu vler\u00ebsoi se mandati i deputetit shqiptar\u00eb \u00ebsht\u00eb shum\u00eb i shtrenjt\u00eb p\u00ebr shkak t\u00eb ligjit jofavorizues. Ne [&hellip;]<\/p>\n","protected":false},"author":1,"featured_media":0,"comment_status":"closed","ping_status":"closed","sticky":false,"template":"","format":"standard","meta":{"spay_email":"","jetpack_publicize_message":"","jetpack_is_tweetstorm":false,"jetpack_publicize_feature_enabled":true},"categories":[1,13],"tags":[],"jetpack_publicize_connections":[],"yoast_head":"<!-- This site is optimized with the Yoast SEO plugin v19.1 - https:\/\/yoast.com\/wordpress\/plugins\/seo\/ -->\n<title>P\u00ebrplasja e politikan\u00ebve shqiptar n\u00eb Zgjedhjet 2016 - Video - Lajme nga Ulqini<\/title>\n<meta name=\"description\" content=\"Deputeti i Forc\u00ebs se re dDemokratike Genc Nimanbegu, gjat\u00eb nj\u00eb interviste p\u00ebr TV Pink M, ka hedh\u00eb posht\u00eb th\u00ebniet se partit\u00eb shqiptare kan\u00eb shkuar n\u00eb\" \/>\n<meta name=\"robots\" content=\"index, follow, max-snippet:-1, max-image-preview:large, max-video-preview:-1\" \/>\n<link rel=\"canonical\" href=\"https:\/\/www.visit-ulcinj.com\/blog\/2016\/09\/27\/perplasja-e-politikaneve-shqiptar-ne-zgjedhjet-2016\/\" \/>\n<meta property=\"og:locale\" content=\"en_US\" \/>\n<meta property=\"og:type\" content=\"article\" \/>\n<meta property=\"og:title\" content=\"P\u00ebrplasja e politikan\u00ebve shqiptar n\u00eb Zgjedhjet 2016 - Video - Lajme nga Ulqini\" \/>\n<meta property=\"og:description\" content=\"Deputeti i Forc\u00ebs se re dDemokratike Genc Nimanbegu, gjat\u00eb nj\u00eb interviste p\u00ebr TV Pink M, ka hedh\u00eb posht\u00eb th\u00ebniet se partit\u00eb shqiptare kan\u00eb shkuar n\u00eb\" \/>\n<meta property=\"og:url\" content=\"https:\/\/www.visit-ulcinj.com\/blog\/2016\/09\/27\/perplasja-e-politikaneve-shqiptar-ne-zgjedhjet-2016\/\" \/>\n<meta property=\"og:site_name\" content=\"Lajme nga Ulqini\" \/>\n<meta property=\"article:published_time\" content=\"2016-09-27T05:55:55+00:00\" \/>\n<meta property=\"article:modified_time\" content=\"2016-09-28T06:27:37+00:00\" \/>\n<meta name=\"twitter:label1\" content=\"Written by\" \/>\n\t<meta name=\"twitter:data1\" content=\"ulqini\" \/>\n\t<meta name=\"twitter:label2\" content=\"Est. reading time\" \/>\n\t<meta name=\"twitter:data2\" content=\"3 minutes\" \/>\n<script type=\"application\/ld+json\" class=\"yoast-schema-graph\">{\"@context\":\"https:\/\/schema.org\",\"@graph\":[{\"@type\":\"WebSite\",\"@id\":\"https:\/\/www.visit-ulcinj.com\/blog\/#website\",\"url\":\"https:\/\/www.visit-ulcinj.com\/blog\/\",\"name\":\"Lajme nga Ulqini\",\"description\":\"Lajme,Vijesti,Ulqini,Ulqin,Crna Gora,Mali i Zi\",\"potentialAction\":[{\"@type\":\"SearchAction\",\"target\":{\"@type\":\"EntryPoint\",\"urlTemplate\":\"https:\/\/www.visit-ulcinj.com\/blog\/?s={search_term_string}\"},\"query-input\":\"required name=search_term_string\"}],\"inLanguage\":\"en-US\"},{\"@type\":\"WebPage\",\"@id\":\"https:\/\/www.visit-ulcinj.com\/blog\/2016\/09\/27\/perplasja-e-politikaneve-shqiptar-ne-zgjedhjet-2016\/#webpage\",\"url\":\"https:\/\/www.visit-ulcinj.com\/blog\/2016\/09\/27\/perplasja-e-politikaneve-shqiptar-ne-zgjedhjet-2016\/\",\"name\":\"P\u00ebrplasja e politikan\u00ebve shqiptar n\u00eb Zgjedhjet 2016 - Video - Lajme nga Ulqini\",\"isPartOf\":{\"@id\":\"https:\/\/www.visit-ulcinj.com\/blog\/#website\"},\"datePublished\":\"2016-09-27T05:55:55+00:00\",\"dateModified\":\"2016-09-28T06:27:37+00:00\",\"author\":{\"@id\":\"https:\/\/www.visit-ulcinj.com\/blog\/#\/schema\/person\/dcab619c614d3038751c63bc2aadc06d\"},\"description\":\"Deputeti i Forc\u00ebs se re dDemokratike Genc Nimanbegu, gjat\u00eb nj\u00eb interviste p\u00ebr TV Pink M, ka hedh\u00eb posht\u00eb th\u00ebniet se partit\u00eb shqiptare kan\u00eb shkuar n\u00eb\",\"breadcrumb\":{\"@id\":\"https:\/\/www.visit-ulcinj.com\/blog\/2016\/09\/27\/perplasja-e-politikaneve-shqiptar-ne-zgjedhjet-2016\/#breadcrumb\"},\"inLanguage\":\"en-US\",\"potentialAction\":[{\"@type\":\"ReadAction\",\"target\":[\"https:\/\/www.visit-ulcinj.com\/blog\/2016\/09\/27\/perplasja-e-politikaneve-shqiptar-ne-zgjedhjet-2016\/\"]}]},{\"@type\":\"BreadcrumbList\",\"@id\":\"https:\/\/www.visit-ulcinj.com\/blog\/2016\/09\/27\/perplasja-e-politikaneve-shqiptar-ne-zgjedhjet-2016\/#breadcrumb\",\"itemListElement\":[{\"@type\":\"ListItem\",\"position\":1,\"name\":\"P\u00ebrplasja e politikan\u00ebve shqiptar n\u00eb Zgjedhjet 2016 &#8211; Video\"}]},{\"@type\":\"Person\",\"@id\":\"https:\/\/www.visit-ulcinj.com\/blog\/#\/schema\/person\/dcab619c614d3038751c63bc2aadc06d\",\"name\":\"ulqini\",\"sameAs\":[\"http:\/\/www.visit-ulcinj.com\"],\"url\":\"https:\/\/www.visit-ulcinj.com\/blog\/author\/admin\/\"}]}<\/script>\n<!-- \/ Yoast SEO plugin. -->","yoast_head_json":{"title":"P\u00ebrplasja e politikan\u00ebve shqiptar n\u00eb Zgjedhjet 2016 - Video - Lajme nga Ulqini","description":"Deputeti i Forc\u00ebs se re dDemokratike Genc Nimanbegu, gjat\u00eb nj\u00eb interviste p\u00ebr TV Pink M, ka hedh\u00eb posht\u00eb th\u00ebniet se partit\u00eb shqiptare kan\u00eb shkuar n\u00eb","robots":{"index":"index","follow":"follow","max-snippet":"max-snippet:-1","max-image-preview":"max-image-preview:large","max-video-preview":"max-video-preview:-1"},"canonical":"https:\/\/www.visit-ulcinj.com\/blog\/2016\/09\/27\/perplasja-e-politikaneve-shqiptar-ne-zgjedhjet-2016\/","og_locale":"en_US","og_type":"article","og_title":"P\u00ebrplasja e politikan\u00ebve shqiptar n\u00eb Zgjedhjet 2016 - Video - Lajme nga Ulqini","og_description":"Deputeti i Forc\u00ebs se re dDemokratike Genc Nimanbegu, gjat\u00eb nj\u00eb interviste p\u00ebr TV Pink M, ka hedh\u00eb posht\u00eb th\u00ebniet se partit\u00eb shqiptare kan\u00eb shkuar n\u00eb","og_url":"https:\/\/www.visit-ulcinj.com\/blog\/2016\/09\/27\/perplasja-e-politikaneve-shqiptar-ne-zgjedhjet-2016\/","og_site_name":"Lajme nga Ulqini","article_published_time":"2016-09-27T05:55:55+00:00","article_modified_time":"2016-09-28T06:27:37+00:00","twitter_misc":{"Written by":"ulqini","Est. reading time":"3 minutes"},"schema":{"@context":"https:\/\/schema.org","@graph":[{"@type":"WebSite","@id":"https:\/\/www.visit-ulcinj.com\/blog\/#website","url":"https:\/\/www.visit-ulcinj.com\/blog\/","name":"Lajme nga Ulqini","description":"Lajme,Vijesti,Ulqini,Ulqin,Crna Gora,Mali i Zi","potentialAction":[{"@type":"SearchAction","target":{"@type":"EntryPoint","urlTemplate":"https:\/\/www.visit-ulcinj.com\/blog\/?s={search_term_string}"},"query-input":"required name=search_term_string"}],"inLanguage":"en-US"},{"@type":"WebPage","@id":"https:\/\/www.visit-ulcinj.com\/blog\/2016\/09\/27\/perplasja-e-politikaneve-shqiptar-ne-zgjedhjet-2016\/#webpage","url":"https:\/\/www.visit-ulcinj.com\/blog\/2016\/09\/27\/perplasja-e-politikaneve-shqiptar-ne-zgjedhjet-2016\/","name":"P\u00ebrplasja e politikan\u00ebve shqiptar n\u00eb Zgjedhjet 2016 - Video - Lajme nga Ulqini","isPartOf":{"@id":"https:\/\/www.visit-ulcinj.com\/blog\/#website"},"datePublished":"2016-09-27T05:55:55+00:00","dateModified":"2016-09-28T06:27:37+00:00","author":{"@id":"https:\/\/www.visit-ulcinj.com\/blog\/#\/schema\/person\/dcab619c614d3038751c63bc2aadc06d"},"description":"Deputeti i Forc\u00ebs se re dDemokratike Genc Nimanbegu, gjat\u00eb nj\u00eb interviste p\u00ebr TV Pink M, ka hedh\u00eb posht\u00eb th\u00ebniet se partit\u00eb shqiptare kan\u00eb shkuar n\u00eb","breadcrumb":{"@id":"https:\/\/www.visit-ulcinj.com\/blog\/2016\/09\/27\/perplasja-e-politikaneve-shqiptar-ne-zgjedhjet-2016\/#breadcrumb"},"inLanguage":"en-US","potentialAction":[{"@type":"ReadAction","target":["https:\/\/www.visit-ulcinj.com\/blog\/2016\/09\/27\/perplasja-e-politikaneve-shqiptar-ne-zgjedhjet-2016\/"]}]},{"@type":"BreadcrumbList","@id":"https:\/\/www.visit-ulcinj.com\/blog\/2016\/09\/27\/perplasja-e-politikaneve-shqiptar-ne-zgjedhjet-2016\/#breadcrumb","itemListElement":[{"@type":"ListItem","position":1,"name":"P\u00ebrplasja e politikan\u00ebve shqiptar n\u00eb Zgjedhjet 2016 &#8211; Video"}]},{"@type":"Person","@id":"https:\/\/www.visit-ulcinj.com\/blog\/#\/schema\/person\/dcab619c614d3038751c63bc2aadc06d","name":"ulqini","sameAs":["http:\/\/www.visit-ulcinj.com"],"url":"https:\/\/www.visit-ulcinj.com\/blog\/author\/admin\/"}]}},"jetpack_featured_media_url":"","jetpack_sharing_enabled":true,"jetpack_shortlink":"https:\/\/wp.me\/pe6lTn-q0j","_links":{"self":[{"href":"https:\/\/www.visit-ulcinj.com\/blog\/wp-json\/wp\/v2\/posts\/99963"}],"collection":[{"href":"https:\/\/www.visit-ulcinj.com\/blog\/wp-json\/wp\/v2\/posts"}],"about":[{"href":"https:\/\/www.visit-ulcinj.com\/blog\/wp-json\/wp\/v2\/types\/post"}],"author":[{"embeddable":true,"href":"https:\/\/www.visit-ulcinj.com\/blog\/wp-json\/wp\/v2\/users\/1"}],"replies":[{"embeddable":true,"href":"https:\/\/www.visit-ulcinj.com\/blog\/wp-json\/wp\/v2\/comments?post=99963"}],"version-history":[{"count":2,"href":"https:\/\/www.visit-ulcinj.com\/blog\/wp-json\/wp\/v2\/posts\/99963\/revisions"}],"predecessor-version":[{"id":99966,"href":"https:\/\/www.visit-ulcinj.com\/blog\/wp-json\/wp\/v2\/posts\/99963\/revisions\/99966"}],"wp:attachment":[{"href":"https:\/\/www.visit-ulcinj.com\/blog\/wp-json\/wp\/v2\/media?parent=99963"}],"wp:term":[{"taxonomy":"category","embeddable":true,"href":"https:\/\/www.visit-ulcinj.com\/blog\/wp-json\/wp\/v2\/categories?post=99963"},{"taxonomy":"post_tag","embeddable":true,"href":"https:\/\/www.visit-ulcinj.com\/blog\/wp-json\/wp\/v2\/tags?post=99963"}],"curies":[{"name":"wp","href":"https:\/\/api.w.org\/{rel}","templated":true}]}}