{"id":99968,"date":"2016-09-27T13:35:32","date_gmt":"2016-09-27T12:35:32","guid":{"rendered":"http:\/\/www.visit-ulcinj.com\/blog\/?p=99968"},"modified":"2016-09-27T13:35:32","modified_gmt":"2016-09-27T12:35:32","slug":"konkurs-publik-per-ndarjen-e-mjeteve-per-projektet-e-organizatave-joqeveritare-per-vitin-2016","status":"publish","type":"post","link":"https:\/\/www.visit-ulcinj.com\/blog\/2016\/09\/27\/konkurs-publik-per-ndarjen-e-mjeteve-per-projektet-e-organizatave-joqeveritare-per-vitin-2016\/","title":{"rendered":"Konkurs publik p\u00ebr ndarjen e mjeteve p\u00ebr projektet e organizatave joqeveritare p\u00ebr vitin 2016"},"content":{"rendered":"<div class=\"text\">\n<p><a href=\"http:\/\/www.visit-ulcinj.com\/blog\/wp-content\/uploads\/2011\/03\/Opstina-Ulcinj-Press.jpg\"><img loading=\"lazy\" class=\"alignleft wp-image-45233\" src=\"http:\/\/www.visit-ulcinj.com\/blog\/wp-content\/uploads\/2011\/03\/Opstina-Ulcinj-Press.jpg\" alt=\"Opstina Ulcinj Press\" width=\"508\" height=\"406\" srcset=\"https:\/\/www.visit-ulcinj.com\/blog\/wp-content\/uploads\/2011\/03\/Opstina-Ulcinj-Press.jpg 720w, https:\/\/www.visit-ulcinj.com\/blog\/wp-content\/uploads\/2011\/03\/Opstina-Ulcinj-Press-300x240.jpg 300w\" sizes=\"(max-width: 508px) 100vw, 508px\" \/><\/a>N\u00eb baz\u00eb t\u00eb nenit 5. Vendimit mbi m\u00ebnyren proceduren dhe kriteret e ndarjes s\u00eb mjeteve shoqatave<br \/>\njoqeveritare e shpallur n\u00eb (\u201eFl. Zyr.MZ&#8221;, nr. 37\/2014),<\/p>\n<p>KOMUNA E ULQINIT<br \/>\nKOMISIONI P\u00cbR NDARJEN E MJETEVE ORGANIZATAVE JOQEVERITARE<br \/>\nshpall\u00eb<br \/>\nKONKURS PUBLIK<br \/>\nP\u00cbR NDARJEN E MJETEVE P\u00cbR PROJEKTET E ORGANIZATAVE JOQEVERITARE P\u00cbR VITIN 2016<\/p>\n<p>T\u00eb drejt\u00eb pjes\u00ebmarrjeje kan\u00eb organizatat joqeveritare t\u00eb cilat deri n\u00eb dit\u00ebn e shpalljes s\u00eb Konkursit jan\u00eb t\u00eb regjistruara n\u00eb Mal t\u00eb Zi, e q\u00eb selin\u00eb e kan\u00eb n\u00eb Komun\u00ebn e Ulqinit.<br \/>\n2. Objekt i Konkursit \u00ebsht\u00eb ndarja e mjeteve (fondeve) p\u00ebr projekte t\u00eb organizatave joqeveritare t\u00eb parapara me Buxhetin e Komun\u00ebs s\u00eb Ulqinit, realizimi i t\u00eb cil\u00ebve do t\u00eb b\u00ebhet t\u00ebr\u00ebsisht n\u00eb territorin e Komun\u00ebs s\u00eb Ulqinit. Konkursi sh\u00ebrben si mb\u00ebshtetje p\u00ebr projektet e organizatave joqeveritare q\u00eb kontribuojn\u00eb n\u00eb realizimin e objektivave t\u00eb p\u00ebrcaktuara n\u00eb dokumentet strategjike, programet dhe planet e Komun\u00ebs e me t\u00eb cil\u00ebt n\u00eb ve\u00e7anti:<br \/>\nsigurohet shum\u00ebllojshm\u00ebri, nivel m\u00eb i lart\u00eb dhe cil\u00ebsi e sh\u00ebrbimeve n\u00eb fush\u00ebn e mbrojtjes sociale dhe t\u00eb f\u00ebmij\u00ebve, kujdesit ndaj t\u00eb rinjve dhe formave t\u00eb tjera t\u00eb p\u00ebrkujdesjes sociale;<br \/>\nkontribuohet n\u00eb afirmimin e potencialeve kulturore, tradit\u00ebs dhe trash\u00ebgimis\u00eb kulturore t\u00eb Komun\u00ebs, rritjes s\u00eb nivelit t\u00eb kultur\u00ebs urbane dhe ruajtjes s\u00eb trash\u00ebgimis\u00eb kulturore;<br \/>\nkontribuohet n\u00eb zhvillimin e demokracis\u00eb dhe sundimit t\u00eb ligjit;<br \/>\navancohet puna e organeve t\u00eb administrat\u00ebs lokale, posa\u00e7\u00ebrisht n\u00eb realizimin e parimit t\u00eb transparenc\u00ebs dhe p\u00ebrgjegj\u00ebsis\u00eb n\u00eb pun\u00eb t\u00eb organeve vendore;<br \/>\nkontribuohet n\u00eb ruajtjen e mjedisit jet\u00ebsor dhe zhvillimit t\u00eb q\u00ebndruesh\u00ebm;<br \/>\nnxit\u00ebt zhvillimi ekonomik i Komun\u00ebs,<\/p>\n<p>3. Ndarjen e mjeteve e b\u00ebn\u00eb Komisioni p\u00ebr ndarjen e mjeteve p\u00ebr organizatat joqeveritare n\u00eb Komun\u00ebn e Ulqinit.<br \/>\n4. Organizata joqeveritare mund t\u00eb konkurroj\u00eb p\u00ebr shum\u00ebn e plot\u00eb ose p\u00ebr nj\u00eb pjes\u00eb t\u00eb mjeteve p\u00ebr realizimin e aktiviteteve nga projekti dhe \u00ebsht\u00eb e obliguar q\u00eb at\u00eb ta sh\u00ebnoj\u00eb.<br \/>\n5. Organizata joqeveritare aplikon me form\u00ebn e p\u00ebrcaktuar t\u00eb paraqitjes n\u00eb Konkurs dhe formularin e projektit, i cili mund t\u00eb merret n\u00eb web-faqen e Komun\u00ebs s\u00eb Ulqinit (www.opstinaulcinj.com).<\/p>\n<p>6. Me aplikim bashkangjiten:<br \/>\nAktvendimi i regjistrimit,<br \/>\nprojekti me t\u00eb cilin OJQ konkuron p\u00ebr ndarjen e mjeteve,<br \/>\ndeklarata e personit t\u00eb autorizuar q\u00eb organizata nuk ka marr\u00eb mjete nga ndonj\u00eb donator tjet\u00ebr ose nj\u00eb pjes\u00eb t\u00eb mjeteve p\u00ebr realizimin e projektit q\u00eb kandidon ,<br \/>\ndeklarata e personit p\u00ebrgjegj\u00ebs t\u00eb organizat\u00ebs, n\u00ebse t\u00eb nj\u00ebjtin projekt e ka dor\u00ebzuar tek ndonj\u00eb donatori tjet\u00ebr p\u00ebr shqyrtim, n\u00eb periudh\u00ebn e kaluar ose n\u00eb koh\u00ebn e dor\u00ebzimit n\u00eb Konkursin e Komun\u00ebs;<br \/>\ntri kopje t\u00eb printuara t\u00eb projektit dhe nj\u00eb form\u00eb elektronike (n\u00eb CD)<\/p>\n<p>7. Organizata joqeveritare e cila p\u00ebr realizimin e projektit ka shfryt\u00ebzuar mjete buxhetore nga konkursi i vitit t\u00eb kaluar (apo nga viti i fundit q\u00eb ka p\u00ebrfituar mjete), \u00ebsht\u00eb e obliguar q\u00eb t\u00eb dor\u00ebzoj\u00eb edhe raportin final p\u00ebr realizimin e projektit, duke p\u00ebrfshir\u00eb raportin narrativ dhe financiar, t\u00eb hartuar n\u00eb pajtim me dispozitat ligjore. N\u00eb qoft\u00eb se OJQ-ja nuk e dor\u00ebzon k\u00ebt\u00eb raport, nuk mund t\u00eb marr\u00eb pjes\u00eb n\u00eb ndarjen e mjeteve p\u00ebr k\u00ebt\u00eb vit.<br \/>\n8. Paraqitjet n\u00eb Konkurs me projekt dhe me dokumentacionin p\u00ebrcjell\u00ebs, dor\u00ebzohen n\u00eb zarf t\u00eb mbyllur direkt n\u00eb Byron\u00eb e Qytetar\u00ebve, me sh\u00ebnimin \u201cKONKURSI P\u00cbR NDARJEN E MJETEVE P\u00cbR PROJEKTET E OJQ-ve 2016\u201d.<br \/>\n9. Konkursi \u00ebsht\u00eb i hapur 30 dit\u00eb nga dita e publikimit n\u00eb web-faqen e Komun\u00ebs s\u00eb Ulqinit, deri m\u00eb 27.10.2016. Komisioni \u00ebsht\u00eb i obliguar q\u00eb t\u00eb nxjerr\u00eb Vendimin p\u00ebr ndarjen e mjeteve n\u00eb afat prej 30 dit\u00ebsh nga dita e p\u00ebrfundimit t\u00eb Konkursit. Vendimi p\u00ebr ndarjen e mjeteve do t\u00eb publikohet n\u00eb web-faqen e Komun\u00ebs s\u00eb Ulqinit, p\u00ebrmes emituesit publik lokal dhe n\u00eb forma tjera t\u00eb p\u00ebrshtatshme.<br \/>\n10. Aplikimet e pakompletuara ose t\u00eb vonuara nuk do t\u00eb shqyrtohen.<\/p>\n<p><strong>KOMUNA E ULQINIT<\/strong><br \/>\n<strong> Kryetarja e Komisionit<\/strong><br \/>\n<strong> Hadixha Gjoni<\/strong><\/p>\n<\/div>\n","protected":false},"excerpt":{"rendered":"<p>N\u00eb baz\u00eb t\u00eb nenit 5. Vendimit mbi m\u00ebnyren proceduren dhe kriteret e ndarjes s\u00eb mjeteve shoqatave joqeveritare e shpallur n\u00eb (\u201eFl. Zyr.MZ&#8221;, nr. 37\/2014), KOMUNA E ULQINIT KOMISIONI P\u00cbR NDARJEN E MJETEVE ORGANIZATAVE JOQEVERITARE shpall\u00eb KONKURS PUBLIK P\u00cbR NDARJEN E MJETEVE P\u00cbR PROJEKTET E ORGANIZATAVE JOQEVERITARE P\u00cbR VITIN 2016 T\u00eb drejt\u00eb pjes\u00ebmarrjeje kan\u00eb organizatat joqeveritare [&hellip;]<\/p>\n","protected":false},"author":1,"featured_media":0,"comment_status":"closed","ping_status":"closed","sticky":false,"template":"","format":"standard","meta":{"spay_email":"","jetpack_publicize_message":"","jetpack_is_tweetstorm":false,"jetpack_publicize_feature_enabled":true},"categories":[10],"tags":[],"jetpack_publicize_connections":[],"yoast_head":"<!-- This site is optimized with the Yoast SEO plugin v19.1 - https:\/\/yoast.com\/wordpress\/plugins\/seo\/ -->\n<title>Konkurs publik p\u00ebr ndarjen e mjeteve p\u00ebr projektet e organizatave joqeveritare p\u00ebr vitin 2016 - Lajme nga Ulqini<\/title>\n<meta name=\"description\" content=\"N\u00eb baz\u00eb t\u00eb nenit 5. Vendimit mbi m\u00ebnyren proceduren dhe kriteret e ndarjes s\u00eb mjeteve shoqatave joqeveritare e shpallur n\u00eb (\u201eFl. Zyr.MZ&quot;, nr. 37\/2014),\" \/>\n<meta name=\"robots\" content=\"index, follow, max-snippet:-1, max-image-preview:large, max-video-preview:-1\" \/>\n<link rel=\"canonical\" href=\"https:\/\/www.visit-ulcinj.com\/blog\/2016\/09\/27\/konkurs-publik-per-ndarjen-e-mjeteve-per-projektet-e-organizatave-joqeveritare-per-vitin-2016\/\" \/>\n<meta property=\"og:locale\" content=\"en_US\" \/>\n<meta property=\"og:type\" content=\"article\" \/>\n<meta property=\"og:title\" content=\"Konkurs publik p\u00ebr ndarjen e mjeteve p\u00ebr projektet e organizatave joqeveritare p\u00ebr vitin 2016 - Lajme nga Ulqini\" \/>\n<meta property=\"og:description\" content=\"N\u00eb baz\u00eb t\u00eb nenit 5. Vendimit mbi m\u00ebnyren proceduren dhe kriteret e ndarjes s\u00eb mjeteve shoqatave joqeveritare e shpallur n\u00eb (\u201eFl. Zyr.MZ&quot;, nr. 37\/2014),\" \/>\n<meta property=\"og:url\" content=\"https:\/\/www.visit-ulcinj.com\/blog\/2016\/09\/27\/konkurs-publik-per-ndarjen-e-mjeteve-per-projektet-e-organizatave-joqeveritare-per-vitin-2016\/\" \/>\n<meta property=\"og:site_name\" content=\"Lajme nga Ulqini\" \/>\n<meta property=\"article:published_time\" content=\"2016-09-27T12:35:32+00:00\" \/>\n<meta property=\"og:image\" content=\"http:\/\/www.visit-ulcinj.com\/blog\/wp-content\/uploads\/2011\/03\/Opstina-Ulcinj-Press.jpg\" \/>\n<meta name=\"twitter:label1\" content=\"Written by\" \/>\n\t<meta name=\"twitter:data1\" content=\"ulqini\" \/>\n\t<meta name=\"twitter:label2\" content=\"Est. reading time\" \/>\n\t<meta name=\"twitter:data2\" content=\"3 minutes\" \/>\n<script type=\"application\/ld+json\" class=\"yoast-schema-graph\">{\"@context\":\"https:\/\/schema.org\",\"@graph\":[{\"@type\":\"WebSite\",\"@id\":\"https:\/\/www.visit-ulcinj.com\/blog\/#website\",\"url\":\"https:\/\/www.visit-ulcinj.com\/blog\/\",\"name\":\"Lajme nga Ulqini\",\"description\":\"Lajme,Vijesti,Ulqini,Ulqin,Crna Gora,Mali i Zi\",\"potentialAction\":[{\"@type\":\"SearchAction\",\"target\":{\"@type\":\"EntryPoint\",\"urlTemplate\":\"https:\/\/www.visit-ulcinj.com\/blog\/?s={search_term_string}\"},\"query-input\":\"required name=search_term_string\"}],\"inLanguage\":\"en-US\"},{\"@type\":\"ImageObject\",\"inLanguage\":\"en-US\",\"@id\":\"https:\/\/www.visit-ulcinj.com\/blog\/2016\/09\/27\/konkurs-publik-per-ndarjen-e-mjeteve-per-projektet-e-organizatave-joqeveritare-per-vitin-2016\/#primaryimage\",\"url\":\"https:\/\/www.visit-ulcinj.com\/blog\/wp-content\/uploads\/2011\/03\/Opstina-Ulcinj-Press.jpg\",\"contentUrl\":\"https:\/\/www.visit-ulcinj.com\/blog\/wp-content\/uploads\/2011\/03\/Opstina-Ulcinj-Press.jpg\",\"width\":\"720\",\"height\":\"576\"},{\"@type\":\"WebPage\",\"@id\":\"https:\/\/www.visit-ulcinj.com\/blog\/2016\/09\/27\/konkurs-publik-per-ndarjen-e-mjeteve-per-projektet-e-organizatave-joqeveritare-per-vitin-2016\/#webpage\",\"url\":\"https:\/\/www.visit-ulcinj.com\/blog\/2016\/09\/27\/konkurs-publik-per-ndarjen-e-mjeteve-per-projektet-e-organizatave-joqeveritare-per-vitin-2016\/\",\"name\":\"Konkurs publik p\u00ebr ndarjen e mjeteve p\u00ebr projektet e organizatave joqeveritare p\u00ebr vitin 2016 - Lajme nga Ulqini\",\"isPartOf\":{\"@id\":\"https:\/\/www.visit-ulcinj.com\/blog\/#website\"},\"primaryImageOfPage\":{\"@id\":\"https:\/\/www.visit-ulcinj.com\/blog\/2016\/09\/27\/konkurs-publik-per-ndarjen-e-mjeteve-per-projektet-e-organizatave-joqeveritare-per-vitin-2016\/#primaryimage\"},\"datePublished\":\"2016-09-27T12:35:32+00:00\",\"dateModified\":\"2016-09-27T12:35:32+00:00\",\"author\":{\"@id\":\"https:\/\/www.visit-ulcinj.com\/blog\/#\/schema\/person\/dcab619c614d3038751c63bc2aadc06d\"},\"description\":\"N\u00eb baz\u00eb t\u00eb nenit 5. Vendimit mbi m\u00ebnyren proceduren dhe kriteret e ndarjes s\u00eb mjeteve shoqatave joqeveritare e shpallur n\u00eb (\u201eFl. Zyr.MZ\\\", nr. 37\/2014),\",\"breadcrumb\":{\"@id\":\"https:\/\/www.visit-ulcinj.com\/blog\/2016\/09\/27\/konkurs-publik-per-ndarjen-e-mjeteve-per-projektet-e-organizatave-joqeveritare-per-vitin-2016\/#breadcrumb\"},\"inLanguage\":\"en-US\",\"potentialAction\":[{\"@type\":\"ReadAction\",\"target\":[\"https:\/\/www.visit-ulcinj.com\/blog\/2016\/09\/27\/konkurs-publik-per-ndarjen-e-mjeteve-per-projektet-e-organizatave-joqeveritare-per-vitin-2016\/\"]}]},{\"@type\":\"BreadcrumbList\",\"@id\":\"https:\/\/www.visit-ulcinj.com\/blog\/2016\/09\/27\/konkurs-publik-per-ndarjen-e-mjeteve-per-projektet-e-organizatave-joqeveritare-per-vitin-2016\/#breadcrumb\",\"itemListElement\":[{\"@type\":\"ListItem\",\"position\":1,\"name\":\"Konkurs publik p\u00ebr ndarjen e mjeteve p\u00ebr projektet e organizatave joqeveritare p\u00ebr vitin 2016\"}]},{\"@type\":\"Person\",\"@id\":\"https:\/\/www.visit-ulcinj.com\/blog\/#\/schema\/person\/dcab619c614d3038751c63bc2aadc06d\",\"name\":\"ulqini\",\"sameAs\":[\"http:\/\/www.visit-ulcinj.com\"],\"url\":\"https:\/\/www.visit-ulcinj.com\/blog\/author\/admin\/\"}]}<\/script>\n<!-- \/ Yoast SEO plugin. -->","yoast_head_json":{"title":"Konkurs publik p\u00ebr ndarjen e mjeteve p\u00ebr projektet e organizatave joqeveritare p\u00ebr vitin 2016 - Lajme nga Ulqini","description":"N\u00eb baz\u00eb t\u00eb nenit 5. Vendimit mbi m\u00ebnyren proceduren dhe kriteret e ndarjes s\u00eb mjeteve shoqatave joqeveritare e shpallur n\u00eb (\u201eFl. Zyr.MZ\", nr. 37\/2014),","robots":{"index":"index","follow":"follow","max-snippet":"max-snippet:-1","max-image-preview":"max-image-preview:large","max-video-preview":"max-video-preview:-1"},"canonical":"https:\/\/www.visit-ulcinj.com\/blog\/2016\/09\/27\/konkurs-publik-per-ndarjen-e-mjeteve-per-projektet-e-organizatave-joqeveritare-per-vitin-2016\/","og_locale":"en_US","og_type":"article","og_title":"Konkurs publik p\u00ebr ndarjen e mjeteve p\u00ebr projektet e organizatave joqeveritare p\u00ebr vitin 2016 - Lajme nga Ulqini","og_description":"N\u00eb baz\u00eb t\u00eb nenit 5. Vendimit mbi m\u00ebnyren proceduren dhe kriteret e ndarjes s\u00eb mjeteve shoqatave joqeveritare e shpallur n\u00eb (\u201eFl. Zyr.MZ\", nr. 37\/2014),","og_url":"https:\/\/www.visit-ulcinj.com\/blog\/2016\/09\/27\/konkurs-publik-per-ndarjen-e-mjeteve-per-projektet-e-organizatave-joqeveritare-per-vitin-2016\/","og_site_name":"Lajme nga Ulqini","article_published_time":"2016-09-27T12:35:32+00:00","og_image":[{"url":"http:\/\/www.visit-ulcinj.com\/blog\/wp-content\/uploads\/2011\/03\/Opstina-Ulcinj-Press.jpg"}],"twitter_misc":{"Written by":"ulqini","Est. reading time":"3 minutes"},"schema":{"@context":"https:\/\/schema.org","@graph":[{"@type":"WebSite","@id":"https:\/\/www.visit-ulcinj.com\/blog\/#website","url":"https:\/\/www.visit-ulcinj.com\/blog\/","name":"Lajme nga Ulqini","description":"Lajme,Vijesti,Ulqini,Ulqin,Crna Gora,Mali i Zi","potentialAction":[{"@type":"SearchAction","target":{"@type":"EntryPoint","urlTemplate":"https:\/\/www.visit-ulcinj.com\/blog\/?s={search_term_string}"},"query-input":"required name=search_term_string"}],"inLanguage":"en-US"},{"@type":"ImageObject","inLanguage":"en-US","@id":"https:\/\/www.visit-ulcinj.com\/blog\/2016\/09\/27\/konkurs-publik-per-ndarjen-e-mjeteve-per-projektet-e-organizatave-joqeveritare-per-vitin-2016\/#primaryimage","url":"https:\/\/www.visit-ulcinj.com\/blog\/wp-content\/uploads\/2011\/03\/Opstina-Ulcinj-Press.jpg","contentUrl":"https:\/\/www.visit-ulcinj.com\/blog\/wp-content\/uploads\/2011\/03\/Opstina-Ulcinj-Press.jpg","width":"720","height":"576"},{"@type":"WebPage","@id":"https:\/\/www.visit-ulcinj.com\/blog\/2016\/09\/27\/konkurs-publik-per-ndarjen-e-mjeteve-per-projektet-e-organizatave-joqeveritare-per-vitin-2016\/#webpage","url":"https:\/\/www.visit-ulcinj.com\/blog\/2016\/09\/27\/konkurs-publik-per-ndarjen-e-mjeteve-per-projektet-e-organizatave-joqeveritare-per-vitin-2016\/","name":"Konkurs publik p\u00ebr ndarjen e mjeteve p\u00ebr projektet e organizatave joqeveritare p\u00ebr vitin 2016 - Lajme nga Ulqini","isPartOf":{"@id":"https:\/\/www.visit-ulcinj.com\/blog\/#website"},"primaryImageOfPage":{"@id":"https:\/\/www.visit-ulcinj.com\/blog\/2016\/09\/27\/konkurs-publik-per-ndarjen-e-mjeteve-per-projektet-e-organizatave-joqeveritare-per-vitin-2016\/#primaryimage"},"datePublished":"2016-09-27T12:35:32+00:00","dateModified":"2016-09-27T12:35:32+00:00","author":{"@id":"https:\/\/www.visit-ulcinj.com\/blog\/#\/schema\/person\/dcab619c614d3038751c63bc2aadc06d"},"description":"N\u00eb baz\u00eb t\u00eb nenit 5. Vendimit mbi m\u00ebnyren proceduren dhe kriteret e ndarjes s\u00eb mjeteve shoqatave joqeveritare e shpallur n\u00eb (\u201eFl. Zyr.MZ\", nr. 37\/2014),","breadcrumb":{"@id":"https:\/\/www.visit-ulcinj.com\/blog\/2016\/09\/27\/konkurs-publik-per-ndarjen-e-mjeteve-per-projektet-e-organizatave-joqeveritare-per-vitin-2016\/#breadcrumb"},"inLanguage":"en-US","potentialAction":[{"@type":"ReadAction","target":["https:\/\/www.visit-ulcinj.com\/blog\/2016\/09\/27\/konkurs-publik-per-ndarjen-e-mjeteve-per-projektet-e-organizatave-joqeveritare-per-vitin-2016\/"]}]},{"@type":"BreadcrumbList","@id":"https:\/\/www.visit-ulcinj.com\/blog\/2016\/09\/27\/konkurs-publik-per-ndarjen-e-mjeteve-per-projektet-e-organizatave-joqeveritare-per-vitin-2016\/#breadcrumb","itemListElement":[{"@type":"ListItem","position":1,"name":"Konkurs publik p\u00ebr ndarjen e mjeteve p\u00ebr projektet e organizatave joqeveritare p\u00ebr vitin 2016"}]},{"@type":"Person","@id":"https:\/\/www.visit-ulcinj.com\/blog\/#\/schema\/person\/dcab619c614d3038751c63bc2aadc06d","name":"ulqini","sameAs":["http:\/\/www.visit-ulcinj.com"],"url":"https:\/\/www.visit-ulcinj.com\/blog\/author\/admin\/"}]}},"jetpack_featured_media_url":"","jetpack_sharing_enabled":true,"jetpack_shortlink":"https:\/\/wp.me\/pe6lTn-q0o","_links":{"self":[{"href":"https:\/\/www.visit-ulcinj.com\/blog\/wp-json\/wp\/v2\/posts\/99968"}],"collection":[{"href":"https:\/\/www.visit-ulcinj.com\/blog\/wp-json\/wp\/v2\/posts"}],"about":[{"href":"https:\/\/www.visit-ulcinj.com\/blog\/wp-json\/wp\/v2\/types\/post"}],"author":[{"embeddable":true,"href":"https:\/\/www.visit-ulcinj.com\/blog\/wp-json\/wp\/v2\/users\/1"}],"replies":[{"embeddable":true,"href":"https:\/\/www.visit-ulcinj.com\/blog\/wp-json\/wp\/v2\/comments?post=99968"}],"version-history":[{"count":1,"href":"https:\/\/www.visit-ulcinj.com\/blog\/wp-json\/wp\/v2\/posts\/99968\/revisions"}],"predecessor-version":[{"id":99969,"href":"https:\/\/www.visit-ulcinj.com\/blog\/wp-json\/wp\/v2\/posts\/99968\/revisions\/99969"}],"wp:attachment":[{"href":"https:\/\/www.visit-ulcinj.com\/blog\/wp-json\/wp\/v2\/media?parent=99968"}],"wp:term":[{"taxonomy":"category","embeddable":true,"href":"https:\/\/www.visit-ulcinj.com\/blog\/wp-json\/wp\/v2\/categories?post=99968"},{"taxonomy":"post_tag","embeddable":true,"href":"https:\/\/www.visit-ulcinj.com\/blog\/wp-json\/wp\/v2\/tags?post=99968"}],"curies":[{"name":"wp","href":"https:\/\/api.w.org\/{rel}","templated":true}]}}