{"id":99980,"date":"2016-09-27T17:37:09","date_gmt":"2016-09-27T16:37:09","guid":{"rendered":"http:\/\/www.visit-ulcinj.com\/blog\/?p=99980"},"modified":"2016-09-27T17:37:09","modified_gmt":"2016-09-27T16:37:09","slug":"skender-elezagic-forci-da-li-je-podrska-vladi-cijena-koju-gradani-treba-da-plate-zbog-vasih-interesa","status":"publish","type":"post","link":"https:\/\/www.visit-ulcinj.com\/blog\/2016\/09\/27\/skender-elezagic-forci-da-li-je-podrska-vladi-cijena-koju-gradani-treba-da-plate-zbog-vasih-interesa\/","title":{"rendered":"Skender Elezagi\u0107 Forci: Da li je podr\u0161ka Vladi cijena koju gra\u0111ani treba da plate zbog va\u0161ih interesa?"},"content":{"rendered":"<p><strong><a href=\"http:\/\/www.visit-ulcinj.com\/blog\/wp-content\/uploads\/2016\/09\/sdp-ulcinj.jpg\"><img loading=\"lazy\" class=\"alignleft wp-image-99981\" src=\"http:\/\/www.visit-ulcinj.com\/blog\/wp-content\/uploads\/2016\/09\/sdp-ulcinj.jpg\" alt=\"sdp-ulcinj\" width=\"508\" height=\"339\" srcset=\"https:\/\/www.visit-ulcinj.com\/blog\/wp-content\/uploads\/2016\/09\/sdp-ulcinj.jpg 960w, https:\/\/www.visit-ulcinj.com\/blog\/wp-content\/uploads\/2016\/09\/sdp-ulcinj-300x200.jpg 300w, https:\/\/www.visit-ulcinj.com\/blog\/wp-content\/uploads\/2016\/09\/sdp-ulcinj-768x512.jpg 768w\" sizes=\"(max-width: 508px) 100vw, 508px\" \/><\/a>Elezagi\u0107 je kazao da se SDP za razliku od Force odgovorno i stru\u010dno odnosio prema svim problema sa kojima se sredina suo\u010davala, brinu\u0107i o interesima gra\u0111ana Ulcinja na pravi, a ne na marketin\u0161ki na\u010din<\/strong><\/p>\n<p><span class=\"credits__author\"> <strong>Autor: <a href=\"http:\/\/www.vijesti.me\/autori\/vijesti-online-1\/profil\">Vijesti online<\/a> <\/strong><\/span><\/p>\n<p>\u0160ef ulcinjskog SDP-a Skender Elezagi\u0107 kazao je da mu je iskreno \u017eao \u0161to se Forca prepoznala u\u00a0<a href=\"http:\/\/www.vijesti.me\/vijesti\/elezagic-predstavnici-albanskih-nacionalnih-partija-pozurili-da-daju-besu-da-ce-podrzati-vladu-871169\" target=\"_blank\">saop\u0161tenju<\/a> gdje je navedeno da \u0107e predstavnici albanskih nacionalnih\u00a0partija po obi\u010daju potr\u010dati da daju podr\u0161ku Vladi DPS-a od koje ni\u00a0Ulcinj ni njihovi glasa\u010di nijesu dobili ni\u0161ta \u0161to bi ih navelo da\u00a0tako postupe.<\/p>\n<p>&#8220;Po starom dobrom modelu \u201ekad nema\u0161 odgovor na pitanje ti postavi\u00a0kontrapitanje\u201c \u00a0Forca, umjesto da jednostavno objasni koristi koje o\u010dekuje, po svoje bira\u010de i gra\u0111ane Ulcinja od odluke da podr\u017ee\u00a0Vladu, mijenja teze i optu\u017euje ulcinjski SDP, za sve probleme ovoga\u00a0grada&#8221;, kazao je Elezagi\u0107.<\/p>\n<p>Elezagi\u0107 je kazao da se\u00a0SDP\u00a0za razliku od Force\u00a0odgovorno i stru\u010dno odnosio prema svim\u00a0problemima sa kojima se sredina suo\u010davala, brinu\u0107i o interesima\u00a0gra\u0111ana Ulcinja na pravi, a ne na marketin\u0161ki na\u010din.<\/p>\n<p>I to je\u00a0SDP\u00a0radio, kako ka\u017ee Elezagi\u0107\u00a0puno uspje\u0161nije od onih koji su od Ulcinjana dobijali i koji glas\u00a0vi\u0161e\u00a0od njih.<\/p>\n<p>&#8220;O na\u0161im naporima da mjenjamo to stanje, kako permanetnim ukazivanjem\u00a0tako i konkretnim rezultatima mo\u017eemo napisati dosta, ali \u0107emo ovom\u00a0prilikom pomenuti samo izmjene statusa Solane u Prostornom planu Crne\u00a0Gore, pokretanje pitanja Solane od strane na\u0161eg poslanika Izeta\u00a0Brali\u0107a pred Evropskim Parlamentom, \u00a0neizglasanje Zakonaa o Morskom\u00a0dobru sa spornim odredbama koje se ti\u010du i Ulcinja i tako dalje.I nova pitanja za Forcu.\u00a0Da li Vlada i ljudi koji u njoj sjede imaju bar malo odgovornosti za\u00a0probleme koje navodite, za Solanu, za Valdanos i \u201eCubus Lux\u201c, za\u00a0liniju morskog dobra, za uni\u0161tenu turisti\u010dku privredu?\u00a0Da li je podr\u0161ka toj Vladi u interesu va\u0161ih bira\u010da i gra\u0111ana\u00a0Ulcinja ili cijena koju oni treba da plate zarad ambicija i li\u010dnih\u00a0interesa nekih od vas&#8221;, kazao je Elezagi\u0107.<\/p>\n<p>&nbsp;<\/p>\n<p><strong>Skender Elezagi\u0107: Predstavnici albanskih nacionalnih partija po\u017eurili da daju besu da \u0107e podr\u017eati Vladu<\/strong><\/p>\n<p class=\"lead\">&#8220;Kao svaki dobar, poslu\u0161an i lojalan satelit poru\u010dili su centru svog Svemira da \u010dvrsto stoje na zacrtanoj orbiti i da ne\u0107e skrenuti sa puta, iako to nije volja onih koje predstavljaju&#8221;, kazao je Elezagi\u0107<\/p>\n<p class=\"lead\"><span class=\"credits__author\"> <strong>Autor: <a href=\"http:\/\/www.vijesti.me\/autori\/vijesti-online-1\/profil\">Vijesti online<\/a> <\/strong><\/span><\/p>\n<p>Predsjednik OO SDP Ulcinj Skender Elezagi\u0107 kazao je da su pred glasanje o povjerenju Vladi Crne Gore predstavnici albanskih nacionalnih partija u crnogorskom Parlamentu, po ve\u0107 stvorenoj navici, &#8220;prije svih ostalih i bez bilo kakvih uslova, po\u017eurili da daju besu da \u0107e podr\u017eati Vladu.&#8221;<\/p>\n<p>&#8220;Kao svaki dobar, poslu\u0161an i lojalan satelit poru\u010dili su centru svog Svemira da \u010dvrsto stoje na zacrtanoj orbiti i da ne\u0107e skrenuti sa puta, iako to nije volja onih koje predstavljaju.\u00a0Naravno, u ovakvim situacijama svaki politi\u010dki subjekt ima apsolutno pravo, da u skladu sa svojim politi\u010dkim i partijskim interesima samostalno donosi odluku i tu nema nikakvog spora&#8221;, kazao je Elezagi\u0107.<\/p>\n<p>Elezagi\u0107 je kazao da su\u00a0to ujedno i situacije koje se, na sasvim legitiman na\u010din koriste da se oja\u010da svoja politi\u010dka pozicija i da se od partnera kojima treba podr\u0161ka, zatra\u017ei i dobije ustupak u vidu ispunjenja nekog svog zna\u010dajnog politi\u010dkog i programskog cilja.<\/p>\n<p>Elezagi\u0107 je kazao da je albanski narod u Crnoj Gori\u00a0podr\u017eao sve pozitivne istorijske\u00a0procese, &#8220;otklon od Milo\u0161evi\u0107a i ratne politike, borbu za nezavisnost i\u00a0euroatlanski put, na \u0161ta mo\u017eemo biti ponosni&#8221;.<\/p>\n<p>On je dodao da su albanske nacionalne partije, i\u0161le\u00a0i korak dalje, gotovo uvijek\u00a0podr\u017eavale, ne samo pozitivnu dr\u017eavnu politiku, nego i DPS, &#8220;\u010dak i\u00a0kada je dr\u017eavna korist bila upitna, kao \u0161to su predsjedni\u010dki izbori i\u00a0tre\u0107i mandat Filipa Vujanovi\u0107a i mnoge privatizacione projekte.&#8221;<\/p>\n<p>Predsjednik ulcinjskog SDP-a dodao je da ta podr\u0161ka nije izostala, ni kada je trebala, ni kada nije, ali je\u00a0Ulcinj i dalje, iako najbogatiji po prirodnim resursima, jedna od\u00a0najnerazvijenijih op\u0161tina u Crnoj Gori, jedini grad na crnogorskom\u00a0primorju iz kojeg mladi emigriraju iz ekonomskih razloga.<\/p>\n<p>&#8220;Ovim putem, javno pitamo lidere albanskih politi\u010dkih partija, za\u0161to\u00a0nisu imali hrabrosti da od svojih partnera, u zamjenu za podr\u0161ku,\u00a0zatra\u017ee rje\u0161avanje makar nekog od goru\u0107ih ulcinjskih problema,\u00a0recimo, utvr\u0111ivanje linije morskog dobra na isti na\u010din kako je to\u00a0ura\u0111eno u ostalim primorskim op\u0161tinama, za\u0161tita imovine Solane,\u00a0povra\u0107aj maslinjaka u Valdanosu, pokretnje barem jedne ozbiljne\u00a0investicije u turisti\u010dke kapacitete (ili makar zaustaviti odvra\u0107anje\u00a0investitora zainteresovanih da ula\u017eu u Ulcinj)? Umjesto toga, oni koji\u00a0su uzrok svih navedenih problema, imaju bezuslovnu podr\u0161ku predstavnika\u00a0o\u0161te\u0107enih gra\u0111ana Ulcinja. Razloga za to mo\u017ee biti mnogo, ali te\u0161ko\u00a0da su ideolo\u0161ke prirode&#8221;, zaklju\u010dio je Elezagi\u0107.<\/p>\n<p>&nbsp;<\/p>\n<header class=\"entry-content-header\">\n<p class=\"post-title entry-title\"><strong><a title=\"Permanent Link: Krivokapi\u0107 u Ulcinju: SDP ne treba glas radi vlasti, nego zbog dobrobiti gra\u0111ana\" href=\"http:\/\/sdp.co.me\/2016\/09\/25\/krivokapic-u-ulcinju-sdp-ne-treba-glas-radi-vlasti-nego-zbog-dobrobiti-gradana\/\" rel=\"bookmark\">Krivokapi\u0107 u Ulcinju: SDP ne treba glas radi vlasti, nego zbog dobrobiti gra\u0111ana <\/a><\/strong><\/p>\n<p><span class=\"post-meta-infos\"><time class=\"date-container minor-meta updated\" datetime=\"2016-09-25T22:09:04+00:00\">25\/09\/2016<\/time><span class=\"text-sep text-sep-date\">\/<\/span><span class=\"blog-author minor-meta\">Objavio &#8211; <span class=\"entry-author-link\"><span class=\"vcard author\"><span class=\"fn\"><a title=\"Posts by SDP SDP\" href=\"http:\/\/sdp.co.me\/author\/sdp\/\" rel=\"author\">SDP SDP<\/a><\/span><\/span><\/span><\/span><\/span><\/header>\n<div class=\"entry-content\">\n<p>Ve\u010deras je u Velikoj sali Op\u0161tine Ulcinj odr\u017eana jo\u0161 jedna \u201cprimorska\u201d tribina liste \u201cSDP \u2013 Ranko Krivokapi\u0107 \u2013 Dr\u017eava svima\u201d. Kao i prije dvije no\u0107i u Budvi, sala je bila popunjena do posljednjeg mjesta.<\/p>\n<p>Kandidat za poslanika D\u017eavid \u0160abovi\u0107 poru\u010dio je ve\u010deras Ulcinjanima da \u0107e poslije 16. oktobra premijer Milo \u0110ukanovi\u0107 imati vi\u0161e vremena da se dru\u017ei sa nekada\u0161njim prvim saradnikom i njegovim saradnicima.<\/p>\n<p>Predsjednik Ranko Krivokapi\u0107 je naglasio da je vlast korumpirana mnogo vi\u0161e, nego \u0161to su mislili.\u00a0\u201cSDP ne treba glas radi vlasti, nego zbog dobrobiti gra\u0111ana,\u201d poru\u010dio je.<\/p>\n<p>On je rekao da vlast treba da se boji gra\u0111ana, a ne obratno.<\/p>\n<p>Krivokapi\u0107 je podsjetio na u\u010dinak 27-ogodi\u0161nje vladavine premijera Mila \u0110ukanovi\u0107a, tvrde\u0107i da on danas ne mo\u017ee re\u0107i kako Crna Gora posljednje \u010detiri godine ima vi\u0161e zaposlenih.<\/p>\n<p>\u201cNaprotiv, imamo 25 odsto vi\u0161e nezaposlenih, nemamo novih preduze\u0107a u industriji, a u turizmu smo daleko od onoga gdje smo bili prije 40 godina. To je mjera na\u0161eg premijera, a i njegova presuda,\u201d poru\u010dio je.<\/p>\n<p>Kandidatkinja za poslanicu Draginja Vuksanovi\u0107 poru\u010dila je da SDP ne\u0107e dati ni pedalj Ulcinjske rivijere i Valdanosa.<\/p>\n<p>\u201cNije moj manir da koristim ove rije\u010di, ali moram\u2026 \u00a0Sram ih bilo,\u00a0po kojoj cijeni su prodali metar kvadratni\u00a0Solane. E, to je izdaja dr\u017eave\u201d, navela je.<\/p>\n<p>Knji\u017eevnik Jovan Nikolaidis kazao je da su Ulcinjani mudri i da decenijama tra\u017ee samo svoje.<\/p>\n<p>\u201cA danas se de\u0161ava najgore \u2013 Ulcinjani varaju svoje Ulcinjane, bez stida i savjesti,\u201d dodao je.<\/p>\n<p>Predsjednik SDP Ulcinja Skender Elezagi\u0107 pitao je kako je mogu\u0107e da za 25 godina\u00a0 na najljep\u0161oj pla\u017ei na Jadranu nije izgra\u0111en ni jedan hotel. \u201cUmjesto toga sada ho\u0107e da nam postave naftne bu\u0161otine,\u201d kazao je.<\/p>\n<p>Na konvenciji su govorili i Almir Rebronja, Osman Suba\u0161i\u0107, i Albina Osmani Marka\u0161evi\u0107.<\/p>\n<p>&nbsp;<\/p>\n<p><em><strong>Medijski pul SDP\u00a0<\/strong><\/em><\/p>\n<!--YouTube Error: bad URL entered-->\n<\/div>\n","protected":false},"excerpt":{"rendered":"<p>Elezagi\u0107 je kazao da se SDP za razliku od Force odgovorno i stru\u010dno odnosio prema svim problema sa kojima se sredina suo\u010davala, brinu\u0107i o interesima gra\u0111ana Ulcinja na pravi, a ne na marketin\u0161ki na\u010din Autor: Vijesti online \u0160ef ulcinjskog SDP-a Skender Elezagi\u0107 kazao je da mu je iskreno \u017eao \u0161to se Forca prepoznala u\u00a0saop\u0161tenju gdje [&hellip;]<\/p>\n","protected":false},"author":1,"featured_media":0,"comment_status":"closed","ping_status":"closed","sticky":false,"template":"","format":"standard","meta":{"spay_email":"","jetpack_publicize_message":"","jetpack_is_tweetstorm":false,"jetpack_publicize_feature_enabled":true},"categories":[8337],"tags":[],"jetpack_publicize_connections":[],"yoast_head":"<!-- This site is optimized with the Yoast SEO plugin v19.1 - https:\/\/yoast.com\/wordpress\/plugins\/seo\/ -->\n<title>Skender Elezagi\u0107 Forci: Da li je podr\u0161ka Vladi cijena koju gra\u0111ani treba da plate zbog va\u0161ih interesa? - Lajme nga Ulqini<\/title>\n<meta name=\"description\" content=\"Elezagi\u0107 je kazao da se SDP za razliku od Force odgovorno i stru\u010dno odnosio prema svim problema sa kojima se sredina suo\u010davala, brinu\u0107i o interesima\" \/>\n<meta name=\"robots\" content=\"index, follow, max-snippet:-1, max-image-preview:large, max-video-preview:-1\" \/>\n<link rel=\"canonical\" href=\"https:\/\/www.visit-ulcinj.com\/blog\/2016\/09\/27\/skender-elezagic-forci-da-li-je-podrska-vladi-cijena-koju-gradani-treba-da-plate-zbog-vasih-interesa\/\" \/>\n<meta property=\"og:locale\" content=\"en_US\" \/>\n<meta property=\"og:type\" content=\"article\" \/>\n<meta property=\"og:title\" content=\"Skender Elezagi\u0107 Forci: Da li je podr\u0161ka Vladi cijena koju gra\u0111ani treba da plate zbog va\u0161ih interesa? - Lajme nga Ulqini\" \/>\n<meta property=\"og:description\" content=\"Elezagi\u0107 je kazao da se SDP za razliku od Force odgovorno i stru\u010dno odnosio prema svim problema sa kojima se sredina suo\u010davala, brinu\u0107i o interesima\" \/>\n<meta property=\"og:url\" content=\"https:\/\/www.visit-ulcinj.com\/blog\/2016\/09\/27\/skender-elezagic-forci-da-li-je-podrska-vladi-cijena-koju-gradani-treba-da-plate-zbog-vasih-interesa\/\" \/>\n<meta property=\"og:site_name\" content=\"Lajme nga Ulqini\" \/>\n<meta property=\"article:published_time\" content=\"2016-09-27T16:37:09+00:00\" \/>\n<meta property=\"og:image\" content=\"http:\/\/www.visit-ulcinj.com\/blog\/wp-content\/uploads\/2016\/09\/sdp-ulcinj.jpg\" \/>\n<meta name=\"twitter:label1\" content=\"Written by\" \/>\n\t<meta name=\"twitter:data1\" content=\"ulqini\" \/>\n\t<meta name=\"twitter:label2\" content=\"Est. reading time\" \/>\n\t<meta name=\"twitter:data2\" content=\"6 minutes\" \/>\n<script type=\"application\/ld+json\" class=\"yoast-schema-graph\">{\"@context\":\"https:\/\/schema.org\",\"@graph\":[{\"@type\":\"WebSite\",\"@id\":\"https:\/\/www.visit-ulcinj.com\/blog\/#website\",\"url\":\"https:\/\/www.visit-ulcinj.com\/blog\/\",\"name\":\"Lajme nga Ulqini\",\"description\":\"Lajme,Vijesti,Ulqini,Ulqin,Crna Gora,Mali i Zi\",\"potentialAction\":[{\"@type\":\"SearchAction\",\"target\":{\"@type\":\"EntryPoint\",\"urlTemplate\":\"https:\/\/www.visit-ulcinj.com\/blog\/?s={search_term_string}\"},\"query-input\":\"required name=search_term_string\"}],\"inLanguage\":\"en-US\"},{\"@type\":\"ImageObject\",\"inLanguage\":\"en-US\",\"@id\":\"https:\/\/www.visit-ulcinj.com\/blog\/2016\/09\/27\/skender-elezagic-forci-da-li-je-podrska-vladi-cijena-koju-gradani-treba-da-plate-zbog-vasih-interesa\/#primaryimage\",\"url\":\"https:\/\/www.visit-ulcinj.com\/blog\/wp-content\/uploads\/2016\/09\/sdp-ulcinj.jpg\",\"contentUrl\":\"https:\/\/www.visit-ulcinj.com\/blog\/wp-content\/uploads\/2016\/09\/sdp-ulcinj.jpg\",\"width\":960,\"height\":640},{\"@type\":\"WebPage\",\"@id\":\"https:\/\/www.visit-ulcinj.com\/blog\/2016\/09\/27\/skender-elezagic-forci-da-li-je-podrska-vladi-cijena-koju-gradani-treba-da-plate-zbog-vasih-interesa\/#webpage\",\"url\":\"https:\/\/www.visit-ulcinj.com\/blog\/2016\/09\/27\/skender-elezagic-forci-da-li-je-podrska-vladi-cijena-koju-gradani-treba-da-plate-zbog-vasih-interesa\/\",\"name\":\"Skender Elezagi\u0107 Forci: Da li je podr\u0161ka Vladi cijena koju gra\u0111ani treba da plate zbog va\u0161ih interesa? - Lajme nga Ulqini\",\"isPartOf\":{\"@id\":\"https:\/\/www.visit-ulcinj.com\/blog\/#website\"},\"primaryImageOfPage\":{\"@id\":\"https:\/\/www.visit-ulcinj.com\/blog\/2016\/09\/27\/skender-elezagic-forci-da-li-je-podrska-vladi-cijena-koju-gradani-treba-da-plate-zbog-vasih-interesa\/#primaryimage\"},\"datePublished\":\"2016-09-27T16:37:09+00:00\",\"dateModified\":\"2016-09-27T16:37:09+00:00\",\"author\":{\"@id\":\"https:\/\/www.visit-ulcinj.com\/blog\/#\/schema\/person\/dcab619c614d3038751c63bc2aadc06d\"},\"description\":\"Elezagi\u0107 je kazao da se SDP za razliku od Force odgovorno i stru\u010dno odnosio prema svim problema sa kojima se sredina suo\u010davala, brinu\u0107i o interesima\",\"breadcrumb\":{\"@id\":\"https:\/\/www.visit-ulcinj.com\/blog\/2016\/09\/27\/skender-elezagic-forci-da-li-je-podrska-vladi-cijena-koju-gradani-treba-da-plate-zbog-vasih-interesa\/#breadcrumb\"},\"inLanguage\":\"en-US\",\"potentialAction\":[{\"@type\":\"ReadAction\",\"target\":[\"https:\/\/www.visit-ulcinj.com\/blog\/2016\/09\/27\/skender-elezagic-forci-da-li-je-podrska-vladi-cijena-koju-gradani-treba-da-plate-zbog-vasih-interesa\/\"]}]},{\"@type\":\"BreadcrumbList\",\"@id\":\"https:\/\/www.visit-ulcinj.com\/blog\/2016\/09\/27\/skender-elezagic-forci-da-li-je-podrska-vladi-cijena-koju-gradani-treba-da-plate-zbog-vasih-interesa\/#breadcrumb\",\"itemListElement\":[{\"@type\":\"ListItem\",\"position\":1,\"name\":\"Skender Elezagi\u0107 Forci: Da li je podr\u0161ka Vladi cijena koju gra\u0111ani treba da plate zbog va\u0161ih interesa?\"}]},{\"@type\":\"Person\",\"@id\":\"https:\/\/www.visit-ulcinj.com\/blog\/#\/schema\/person\/dcab619c614d3038751c63bc2aadc06d\",\"name\":\"ulqini\",\"sameAs\":[\"http:\/\/www.visit-ulcinj.com\"],\"url\":\"https:\/\/www.visit-ulcinj.com\/blog\/author\/admin\/\"}]}<\/script>\n<!-- \/ Yoast SEO plugin. -->","yoast_head_json":{"title":"Skender Elezagi\u0107 Forci: Da li je podr\u0161ka Vladi cijena koju gra\u0111ani treba da plate zbog va\u0161ih interesa? - Lajme nga Ulqini","description":"Elezagi\u0107 je kazao da se SDP za razliku od Force odgovorno i stru\u010dno odnosio prema svim problema sa kojima se sredina suo\u010davala, brinu\u0107i o interesima","robots":{"index":"index","follow":"follow","max-snippet":"max-snippet:-1","max-image-preview":"max-image-preview:large","max-video-preview":"max-video-preview:-1"},"canonical":"https:\/\/www.visit-ulcinj.com\/blog\/2016\/09\/27\/skender-elezagic-forci-da-li-je-podrska-vladi-cijena-koju-gradani-treba-da-plate-zbog-vasih-interesa\/","og_locale":"en_US","og_type":"article","og_title":"Skender Elezagi\u0107 Forci: Da li je podr\u0161ka Vladi cijena koju gra\u0111ani treba da plate zbog va\u0161ih interesa? - Lajme nga Ulqini","og_description":"Elezagi\u0107 je kazao da se SDP za razliku od Force odgovorno i stru\u010dno odnosio prema svim problema sa kojima se sredina suo\u010davala, brinu\u0107i o interesima","og_url":"https:\/\/www.visit-ulcinj.com\/blog\/2016\/09\/27\/skender-elezagic-forci-da-li-je-podrska-vladi-cijena-koju-gradani-treba-da-plate-zbog-vasih-interesa\/","og_site_name":"Lajme nga Ulqini","article_published_time":"2016-09-27T16:37:09+00:00","og_image":[{"url":"http:\/\/www.visit-ulcinj.com\/blog\/wp-content\/uploads\/2016\/09\/sdp-ulcinj.jpg"}],"twitter_misc":{"Written by":"ulqini","Est. reading time":"6 minutes"},"schema":{"@context":"https:\/\/schema.org","@graph":[{"@type":"WebSite","@id":"https:\/\/www.visit-ulcinj.com\/blog\/#website","url":"https:\/\/www.visit-ulcinj.com\/blog\/","name":"Lajme nga Ulqini","description":"Lajme,Vijesti,Ulqini,Ulqin,Crna Gora,Mali i Zi","potentialAction":[{"@type":"SearchAction","target":{"@type":"EntryPoint","urlTemplate":"https:\/\/www.visit-ulcinj.com\/blog\/?s={search_term_string}"},"query-input":"required name=search_term_string"}],"inLanguage":"en-US"},{"@type":"ImageObject","inLanguage":"en-US","@id":"https:\/\/www.visit-ulcinj.com\/blog\/2016\/09\/27\/skender-elezagic-forci-da-li-je-podrska-vladi-cijena-koju-gradani-treba-da-plate-zbog-vasih-interesa\/#primaryimage","url":"https:\/\/www.visit-ulcinj.com\/blog\/wp-content\/uploads\/2016\/09\/sdp-ulcinj.jpg","contentUrl":"https:\/\/www.visit-ulcinj.com\/blog\/wp-content\/uploads\/2016\/09\/sdp-ulcinj.jpg","width":960,"height":640},{"@type":"WebPage","@id":"https:\/\/www.visit-ulcinj.com\/blog\/2016\/09\/27\/skender-elezagic-forci-da-li-je-podrska-vladi-cijena-koju-gradani-treba-da-plate-zbog-vasih-interesa\/#webpage","url":"https:\/\/www.visit-ulcinj.com\/blog\/2016\/09\/27\/skender-elezagic-forci-da-li-je-podrska-vladi-cijena-koju-gradani-treba-da-plate-zbog-vasih-interesa\/","name":"Skender Elezagi\u0107 Forci: Da li je podr\u0161ka Vladi cijena koju gra\u0111ani treba da plate zbog va\u0161ih interesa? - Lajme nga Ulqini","isPartOf":{"@id":"https:\/\/www.visit-ulcinj.com\/blog\/#website"},"primaryImageOfPage":{"@id":"https:\/\/www.visit-ulcinj.com\/blog\/2016\/09\/27\/skender-elezagic-forci-da-li-je-podrska-vladi-cijena-koju-gradani-treba-da-plate-zbog-vasih-interesa\/#primaryimage"},"datePublished":"2016-09-27T16:37:09+00:00","dateModified":"2016-09-27T16:37:09+00:00","author":{"@id":"https:\/\/www.visit-ulcinj.com\/blog\/#\/schema\/person\/dcab619c614d3038751c63bc2aadc06d"},"description":"Elezagi\u0107 je kazao da se SDP za razliku od Force odgovorno i stru\u010dno odnosio prema svim problema sa kojima se sredina suo\u010davala, brinu\u0107i o interesima","breadcrumb":{"@id":"https:\/\/www.visit-ulcinj.com\/blog\/2016\/09\/27\/skender-elezagic-forci-da-li-je-podrska-vladi-cijena-koju-gradani-treba-da-plate-zbog-vasih-interesa\/#breadcrumb"},"inLanguage":"en-US","potentialAction":[{"@type":"ReadAction","target":["https:\/\/www.visit-ulcinj.com\/blog\/2016\/09\/27\/skender-elezagic-forci-da-li-je-podrska-vladi-cijena-koju-gradani-treba-da-plate-zbog-vasih-interesa\/"]}]},{"@type":"BreadcrumbList","@id":"https:\/\/www.visit-ulcinj.com\/blog\/2016\/09\/27\/skender-elezagic-forci-da-li-je-podrska-vladi-cijena-koju-gradani-treba-da-plate-zbog-vasih-interesa\/#breadcrumb","itemListElement":[{"@type":"ListItem","position":1,"name":"Skender Elezagi\u0107 Forci: Da li je podr\u0161ka Vladi cijena koju gra\u0111ani treba da plate zbog va\u0161ih interesa?"}]},{"@type":"Person","@id":"https:\/\/www.visit-ulcinj.com\/blog\/#\/schema\/person\/dcab619c614d3038751c63bc2aadc06d","name":"ulqini","sameAs":["http:\/\/www.visit-ulcinj.com"],"url":"https:\/\/www.visit-ulcinj.com\/blog\/author\/admin\/"}]}},"jetpack_featured_media_url":"","jetpack_sharing_enabled":true,"jetpack_shortlink":"https:\/\/wp.me\/pe6lTn-q0A","_links":{"self":[{"href":"https:\/\/www.visit-ulcinj.com\/blog\/wp-json\/wp\/v2\/posts\/99980"}],"collection":[{"href":"https:\/\/www.visit-ulcinj.com\/blog\/wp-json\/wp\/v2\/posts"}],"about":[{"href":"https:\/\/www.visit-ulcinj.com\/blog\/wp-json\/wp\/v2\/types\/post"}],"author":[{"embeddable":true,"href":"https:\/\/www.visit-ulcinj.com\/blog\/wp-json\/wp\/v2\/users\/1"}],"replies":[{"embeddable":true,"href":"https:\/\/www.visit-ulcinj.com\/blog\/wp-json\/wp\/v2\/comments?post=99980"}],"version-history":[{"count":1,"href":"https:\/\/www.visit-ulcinj.com\/blog\/wp-json\/wp\/v2\/posts\/99980\/revisions"}],"predecessor-version":[{"id":99982,"href":"https:\/\/www.visit-ulcinj.com\/blog\/wp-json\/wp\/v2\/posts\/99980\/revisions\/99982"}],"wp:attachment":[{"href":"https:\/\/www.visit-ulcinj.com\/blog\/wp-json\/wp\/v2\/media?parent=99980"}],"wp:term":[{"taxonomy":"category","embeddable":true,"href":"https:\/\/www.visit-ulcinj.com\/blog\/wp-json\/wp\/v2\/categories?post=99980"},{"taxonomy":"post_tag","embeddable":true,"href":"https:\/\/www.visit-ulcinj.com\/blog\/wp-json\/wp\/v2\/tags?post=99980"}],"curies":[{"name":"wp","href":"https:\/\/api.w.org\/{rel}","templated":true}]}}