{"id":99985,"date":"2016-09-27T18:23:35","date_gmt":"2016-09-27T17:23:35","guid":{"rendered":"http:\/\/www.visit-ulcinj.com\/blog\/?p=99985"},"modified":"2016-09-27T18:23:35","modified_gmt":"2016-09-27T17:23:35","slug":"rrezart-cungu-fitore-historike-ne-solin-te-kroacis","status":"publish","type":"post","link":"https:\/\/www.visit-ulcinj.com\/blog\/2016\/09\/27\/rrezart-cungu-fitore-historike-ne-solin-te-kroacis\/","title":{"rendered":"Rrezart Cungu me fitore historike n\u00eb Solin t\u00eb Kroacis"},"content":{"rendered":"<p><a href=\"http:\/\/www.visit-ulcinj.com\/blog\/wp-content\/uploads\/2016\/09\/Rrezart-Cungu.jpg\"><img loading=\"lazy\" class=\"alignleft wp-image-99986\" src=\"http:\/\/www.visit-ulcinj.com\/blog\/wp-content\/uploads\/2016\/09\/Rrezart-Cungu.jpg\" alt=\"Rrezart Cungu\" width=\"508\" height=\"468\" srcset=\"https:\/\/www.visit-ulcinj.com\/blog\/wp-content\/uploads\/2016\/09\/Rrezart-Cungu.jpg 999w, https:\/\/www.visit-ulcinj.com\/blog\/wp-content\/uploads\/2016\/09\/Rrezart-Cungu-300x276.jpg 300w, https:\/\/www.visit-ulcinj.com\/blog\/wp-content\/uploads\/2016\/09\/Rrezart-Cungu-768x707.jpg 768w\" sizes=\"(max-width: 508px) 100vw, 508px\" \/><\/a>Tenisti nga Ulqini me loj\u00ebn e tij, k\u00ebto dit\u00eb po shkruan historin e re n\u00eb sportin e \u00a0tenisit.<\/p>\n<p>Me plasimin n\u00eb gjiron e dyt\u00eb \u00a0t\u00eb turneut\u00a0 profesional n\u00eb Solin t\u00eb Kroacis,\u00a0\u00a0 Rrezarti arrin t\u00eb b\u00ebhet I pari 18 vjecare ne historin e Malit te Zi,me \u00a0pik\u00ebn e dyt\u00eb \u00a0ATP.<\/p>\n<p>Cungu pas dy ndeshjeve kualifikuese, \u00a0arriti q\u00eb n\u00eb gjiron e par\u00eb t\u00eb turneut kryesor ta eliminoj lojtarin nga\u00a0 Slovakija Patrick Nema \u00a0me rezultat 6:4, 3:6; 6:3, dhe k\u00ebshtu t\u00eb arrije deri tek pika e dyte profesionale ATP.<\/p>\n<p>N\u00eb gjiron e dyt\u00eb q\u00eb pritet t\u00eb zhvillohet t\u00eb merkurren, \u00a0Rrezarti do t\u00eb takohet me fituesin e ndeshjes Pascal Meis (GER) dhe Zvonimir Oreskovic ( CRO).<\/p>\n<p>Ky sukeses e rendit Rrezartin nd\u00ebr dy lojtar\u00ebt m\u00eb t\u00eb mir\u00eb t\u00eb\u00a0 Malit t\u00eb Zi n\u00eb t\u00eb gjitha kategorit\u00eb.<\/p>\n<p>&nbsp;<\/p>\n<p>Klubi i tenisit Bellevue &#8211;\u00a0 Ulqin<\/p>\n","protected":false},"excerpt":{"rendered":"<p>Tenisti nga Ulqini me loj\u00ebn e tij, k\u00ebto dit\u00eb po shkruan historin e re n\u00eb sportin e \u00a0tenisit. Me plasimin n\u00eb gjiron e dyt\u00eb \u00a0t\u00eb turneut\u00a0 profesional n\u00eb Solin t\u00eb Kroacis,\u00a0\u00a0 Rrezarti arrin t\u00eb b\u00ebhet I pari 18 vjecare ne historin e Malit te Zi,me \u00a0pik\u00ebn e dyt\u00eb \u00a0ATP. Cungu pas dy ndeshjeve kualifikuese, \u00a0arriti [&hellip;]<\/p>\n","protected":false},"author":1,"featured_media":0,"comment_status":"closed","ping_status":"closed","sticky":false,"template":"","format":"standard","meta":{"spay_email":"","jetpack_publicize_message":"","jetpack_is_tweetstorm":false,"jetpack_publicize_feature_enabled":true},"categories":[3],"tags":[],"jetpack_publicize_connections":[],"yoast_head":"<!-- This site is optimized with the Yoast SEO plugin v19.1 - https:\/\/yoast.com\/wordpress\/plugins\/seo\/ -->\n<title>Rrezart Cungu me fitore historike n\u00eb Solin t\u00eb Kroacis - Lajme nga Ulqini<\/title>\n<meta name=\"description\" content=\"Tenisti nga Ulqini me loj\u00ebn e tij, k\u00ebto dit\u00eb po shkruan historin e re n\u00eb sportin e \u00a0tenisit. Me plasimin n\u00eb gjiron e dyt\u00eb \u00a0t\u00eb turneut\u00a0 profesional n\u00eb\" \/>\n<meta name=\"robots\" content=\"index, follow, max-snippet:-1, max-image-preview:large, max-video-preview:-1\" \/>\n<link rel=\"canonical\" href=\"https:\/\/www.visit-ulcinj.com\/blog\/2016\/09\/27\/rrezart-cungu-fitore-historike-ne-solin-te-kroacis\/\" \/>\n<meta property=\"og:locale\" content=\"en_US\" \/>\n<meta property=\"og:type\" content=\"article\" \/>\n<meta property=\"og:title\" content=\"Rrezart Cungu me fitore historike n\u00eb Solin t\u00eb Kroacis - Lajme nga Ulqini\" \/>\n<meta property=\"og:description\" content=\"Tenisti nga Ulqini me loj\u00ebn e tij, k\u00ebto dit\u00eb po shkruan historin e re n\u00eb sportin e \u00a0tenisit. Me plasimin n\u00eb gjiron e dyt\u00eb \u00a0t\u00eb turneut\u00a0 profesional n\u00eb\" \/>\n<meta property=\"og:url\" content=\"https:\/\/www.visit-ulcinj.com\/blog\/2016\/09\/27\/rrezart-cungu-fitore-historike-ne-solin-te-kroacis\/\" \/>\n<meta property=\"og:site_name\" content=\"Lajme nga Ulqini\" \/>\n<meta property=\"article:published_time\" content=\"2016-09-27T17:23:35+00:00\" \/>\n<meta property=\"og:image\" content=\"http:\/\/www.visit-ulcinj.com\/blog\/wp-content\/uploads\/2016\/09\/Rrezart-Cungu.jpg\" \/>\n<meta name=\"twitter:label1\" content=\"Written by\" \/>\n\t<meta name=\"twitter:data1\" content=\"ulqini\" \/>\n\t<meta name=\"twitter:label2\" content=\"Est. reading time\" \/>\n\t<meta name=\"twitter:data2\" content=\"1 minute\" \/>\n<script type=\"application\/ld+json\" class=\"yoast-schema-graph\">{\"@context\":\"https:\/\/schema.org\",\"@graph\":[{\"@type\":\"WebSite\",\"@id\":\"https:\/\/www.visit-ulcinj.com\/blog\/#website\",\"url\":\"https:\/\/www.visit-ulcinj.com\/blog\/\",\"name\":\"Lajme nga Ulqini\",\"description\":\"Lajme,Vijesti,Ulqini,Ulqin,Crna Gora,Mali i Zi\",\"potentialAction\":[{\"@type\":\"SearchAction\",\"target\":{\"@type\":\"EntryPoint\",\"urlTemplate\":\"https:\/\/www.visit-ulcinj.com\/blog\/?s={search_term_string}\"},\"query-input\":\"required name=search_term_string\"}],\"inLanguage\":\"en-US\"},{\"@type\":\"ImageObject\",\"inLanguage\":\"en-US\",\"@id\":\"https:\/\/www.visit-ulcinj.com\/blog\/2016\/09\/27\/rrezart-cungu-fitore-historike-ne-solin-te-kroacis\/#primaryimage\",\"url\":\"https:\/\/www.visit-ulcinj.com\/blog\/wp-content\/uploads\/2016\/09\/Rrezart-Cungu.jpg\",\"contentUrl\":\"https:\/\/www.visit-ulcinj.com\/blog\/wp-content\/uploads\/2016\/09\/Rrezart-Cungu.jpg\",\"width\":999,\"height\":920},{\"@type\":\"WebPage\",\"@id\":\"https:\/\/www.visit-ulcinj.com\/blog\/2016\/09\/27\/rrezart-cungu-fitore-historike-ne-solin-te-kroacis\/#webpage\",\"url\":\"https:\/\/www.visit-ulcinj.com\/blog\/2016\/09\/27\/rrezart-cungu-fitore-historike-ne-solin-te-kroacis\/\",\"name\":\"Rrezart Cungu me fitore historike n\u00eb Solin t\u00eb Kroacis - Lajme nga Ulqini\",\"isPartOf\":{\"@id\":\"https:\/\/www.visit-ulcinj.com\/blog\/#website\"},\"primaryImageOfPage\":{\"@id\":\"https:\/\/www.visit-ulcinj.com\/blog\/2016\/09\/27\/rrezart-cungu-fitore-historike-ne-solin-te-kroacis\/#primaryimage\"},\"datePublished\":\"2016-09-27T17:23:35+00:00\",\"dateModified\":\"2016-09-27T17:23:35+00:00\",\"author\":{\"@id\":\"https:\/\/www.visit-ulcinj.com\/blog\/#\/schema\/person\/dcab619c614d3038751c63bc2aadc06d\"},\"description\":\"Tenisti nga Ulqini me loj\u00ebn e tij, k\u00ebto dit\u00eb po shkruan historin e re n\u00eb sportin e \u00a0tenisit. Me plasimin n\u00eb gjiron e dyt\u00eb \u00a0t\u00eb turneut\u00a0 profesional n\u00eb\",\"breadcrumb\":{\"@id\":\"https:\/\/www.visit-ulcinj.com\/blog\/2016\/09\/27\/rrezart-cungu-fitore-historike-ne-solin-te-kroacis\/#breadcrumb\"},\"inLanguage\":\"en-US\",\"potentialAction\":[{\"@type\":\"ReadAction\",\"target\":[\"https:\/\/www.visit-ulcinj.com\/blog\/2016\/09\/27\/rrezart-cungu-fitore-historike-ne-solin-te-kroacis\/\"]}]},{\"@type\":\"BreadcrumbList\",\"@id\":\"https:\/\/www.visit-ulcinj.com\/blog\/2016\/09\/27\/rrezart-cungu-fitore-historike-ne-solin-te-kroacis\/#breadcrumb\",\"itemListElement\":[{\"@type\":\"ListItem\",\"position\":1,\"name\":\"Rrezart Cungu me fitore historike n\u00eb Solin t\u00eb Kroacis\"}]},{\"@type\":\"Person\",\"@id\":\"https:\/\/www.visit-ulcinj.com\/blog\/#\/schema\/person\/dcab619c614d3038751c63bc2aadc06d\",\"name\":\"ulqini\",\"sameAs\":[\"http:\/\/www.visit-ulcinj.com\"],\"url\":\"https:\/\/www.visit-ulcinj.com\/blog\/author\/admin\/\"}]}<\/script>\n<!-- \/ Yoast SEO plugin. -->","yoast_head_json":{"title":"Rrezart Cungu me fitore historike n\u00eb Solin t\u00eb Kroacis - Lajme nga Ulqini","description":"Tenisti nga Ulqini me loj\u00ebn e tij, k\u00ebto dit\u00eb po shkruan historin e re n\u00eb sportin e \u00a0tenisit. Me plasimin n\u00eb gjiron e dyt\u00eb \u00a0t\u00eb turneut\u00a0 profesional n\u00eb","robots":{"index":"index","follow":"follow","max-snippet":"max-snippet:-1","max-image-preview":"max-image-preview:large","max-video-preview":"max-video-preview:-1"},"canonical":"https:\/\/www.visit-ulcinj.com\/blog\/2016\/09\/27\/rrezart-cungu-fitore-historike-ne-solin-te-kroacis\/","og_locale":"en_US","og_type":"article","og_title":"Rrezart Cungu me fitore historike n\u00eb Solin t\u00eb Kroacis - Lajme nga Ulqini","og_description":"Tenisti nga Ulqini me loj\u00ebn e tij, k\u00ebto dit\u00eb po shkruan historin e re n\u00eb sportin e \u00a0tenisit. Me plasimin n\u00eb gjiron e dyt\u00eb \u00a0t\u00eb turneut\u00a0 profesional n\u00eb","og_url":"https:\/\/www.visit-ulcinj.com\/blog\/2016\/09\/27\/rrezart-cungu-fitore-historike-ne-solin-te-kroacis\/","og_site_name":"Lajme nga Ulqini","article_published_time":"2016-09-27T17:23:35+00:00","og_image":[{"url":"http:\/\/www.visit-ulcinj.com\/blog\/wp-content\/uploads\/2016\/09\/Rrezart-Cungu.jpg"}],"twitter_misc":{"Written by":"ulqini","Est. reading time":"1 minute"},"schema":{"@context":"https:\/\/schema.org","@graph":[{"@type":"WebSite","@id":"https:\/\/www.visit-ulcinj.com\/blog\/#website","url":"https:\/\/www.visit-ulcinj.com\/blog\/","name":"Lajme nga Ulqini","description":"Lajme,Vijesti,Ulqini,Ulqin,Crna Gora,Mali i Zi","potentialAction":[{"@type":"SearchAction","target":{"@type":"EntryPoint","urlTemplate":"https:\/\/www.visit-ulcinj.com\/blog\/?s={search_term_string}"},"query-input":"required name=search_term_string"}],"inLanguage":"en-US"},{"@type":"ImageObject","inLanguage":"en-US","@id":"https:\/\/www.visit-ulcinj.com\/blog\/2016\/09\/27\/rrezart-cungu-fitore-historike-ne-solin-te-kroacis\/#primaryimage","url":"https:\/\/www.visit-ulcinj.com\/blog\/wp-content\/uploads\/2016\/09\/Rrezart-Cungu.jpg","contentUrl":"https:\/\/www.visit-ulcinj.com\/blog\/wp-content\/uploads\/2016\/09\/Rrezart-Cungu.jpg","width":999,"height":920},{"@type":"WebPage","@id":"https:\/\/www.visit-ulcinj.com\/blog\/2016\/09\/27\/rrezart-cungu-fitore-historike-ne-solin-te-kroacis\/#webpage","url":"https:\/\/www.visit-ulcinj.com\/blog\/2016\/09\/27\/rrezart-cungu-fitore-historike-ne-solin-te-kroacis\/","name":"Rrezart Cungu me fitore historike n\u00eb Solin t\u00eb Kroacis - Lajme nga Ulqini","isPartOf":{"@id":"https:\/\/www.visit-ulcinj.com\/blog\/#website"},"primaryImageOfPage":{"@id":"https:\/\/www.visit-ulcinj.com\/blog\/2016\/09\/27\/rrezart-cungu-fitore-historike-ne-solin-te-kroacis\/#primaryimage"},"datePublished":"2016-09-27T17:23:35+00:00","dateModified":"2016-09-27T17:23:35+00:00","author":{"@id":"https:\/\/www.visit-ulcinj.com\/blog\/#\/schema\/person\/dcab619c614d3038751c63bc2aadc06d"},"description":"Tenisti nga Ulqini me loj\u00ebn e tij, k\u00ebto dit\u00eb po shkruan historin e re n\u00eb sportin e \u00a0tenisit. Me plasimin n\u00eb gjiron e dyt\u00eb \u00a0t\u00eb turneut\u00a0 profesional n\u00eb","breadcrumb":{"@id":"https:\/\/www.visit-ulcinj.com\/blog\/2016\/09\/27\/rrezart-cungu-fitore-historike-ne-solin-te-kroacis\/#breadcrumb"},"inLanguage":"en-US","potentialAction":[{"@type":"ReadAction","target":["https:\/\/www.visit-ulcinj.com\/blog\/2016\/09\/27\/rrezart-cungu-fitore-historike-ne-solin-te-kroacis\/"]}]},{"@type":"BreadcrumbList","@id":"https:\/\/www.visit-ulcinj.com\/blog\/2016\/09\/27\/rrezart-cungu-fitore-historike-ne-solin-te-kroacis\/#breadcrumb","itemListElement":[{"@type":"ListItem","position":1,"name":"Rrezart Cungu me fitore historike n\u00eb Solin t\u00eb Kroacis"}]},{"@type":"Person","@id":"https:\/\/www.visit-ulcinj.com\/blog\/#\/schema\/person\/dcab619c614d3038751c63bc2aadc06d","name":"ulqini","sameAs":["http:\/\/www.visit-ulcinj.com"],"url":"https:\/\/www.visit-ulcinj.com\/blog\/author\/admin\/"}]}},"jetpack_featured_media_url":"","jetpack_sharing_enabled":true,"jetpack_shortlink":"https:\/\/wp.me\/pe6lTn-q0F","_links":{"self":[{"href":"https:\/\/www.visit-ulcinj.com\/blog\/wp-json\/wp\/v2\/posts\/99985"}],"collection":[{"href":"https:\/\/www.visit-ulcinj.com\/blog\/wp-json\/wp\/v2\/posts"}],"about":[{"href":"https:\/\/www.visit-ulcinj.com\/blog\/wp-json\/wp\/v2\/types\/post"}],"author":[{"embeddable":true,"href":"https:\/\/www.visit-ulcinj.com\/blog\/wp-json\/wp\/v2\/users\/1"}],"replies":[{"embeddable":true,"href":"https:\/\/www.visit-ulcinj.com\/blog\/wp-json\/wp\/v2\/comments?post=99985"}],"version-history":[{"count":1,"href":"https:\/\/www.visit-ulcinj.com\/blog\/wp-json\/wp\/v2\/posts\/99985\/revisions"}],"predecessor-version":[{"id":99987,"href":"https:\/\/www.visit-ulcinj.com\/blog\/wp-json\/wp\/v2\/posts\/99985\/revisions\/99987"}],"wp:attachment":[{"href":"https:\/\/www.visit-ulcinj.com\/blog\/wp-json\/wp\/v2\/media?parent=99985"}],"wp:term":[{"taxonomy":"category","embeddable":true,"href":"https:\/\/www.visit-ulcinj.com\/blog\/wp-json\/wp\/v2\/categories?post=99985"},{"taxonomy":"post_tag","embeddable":true,"href":"https:\/\/www.visit-ulcinj.com\/blog\/wp-json\/wp\/v2\/tags?post=99985"}],"curies":[{"name":"wp","href":"https:\/\/api.w.org\/{rel}","templated":true}]}}