{"id":99988,"date":"2016-09-27T18:31:23","date_gmt":"2016-09-27T17:31:23","guid":{"rendered":"http:\/\/www.visit-ulcinj.com\/blog\/?p=99988"},"modified":"2016-09-27T18:31:23","modified_gmt":"2016-09-27T17:31:23","slug":"cungu-per-zhvillim-ekonomik-dhe-punesim-permes-investimeve-ne-turizem","status":"publish","type":"post","link":"https:\/\/www.visit-ulcinj.com\/blog\/2016\/09\/27\/cungu-per-zhvillim-ekonomik-dhe-punesim-permes-investimeve-ne-turizem\/","title":{"rendered":"Cungu: P\u00ebr Zhvillim Ekonomik dhe Pun\u00ebsim p\u00ebrmes investimeve n\u00eb Turiz\u00ebm!"},"content":{"rendered":"<p><span class=\" _50f4\"><a href=\"http:\/\/www.visit-ulcinj.com\/blog\/wp-content\/uploads\/2016\/09\/Nazif-Cungu-Princ-Petrovic-Ulcinj-Ulqin.jpg\"><img loading=\"lazy\" class=\"alignleft wp-image-99989\" src=\"http:\/\/www.visit-ulcinj.com\/blog\/wp-content\/uploads\/2016\/09\/Nazif-Cungu-Princ-Petrovic-Ulcinj-Ulqin.jpg\" alt=\"Nazif-Cungu-Princ-Petrovic-Ulcinj-Ulqin\" width=\"508\" height=\"339\" srcset=\"https:\/\/www.visit-ulcinj.com\/blog\/wp-content\/uploads\/2016\/09\/Nazif-Cungu-Princ-Petrovic-Ulcinj-Ulqin.jpg 960w, https:\/\/www.visit-ulcinj.com\/blog\/wp-content\/uploads\/2016\/09\/Nazif-Cungu-Princ-Petrovic-Ulcinj-Ulqin-300x200.jpg 300w, https:\/\/www.visit-ulcinj.com\/blog\/wp-content\/uploads\/2016\/09\/Nazif-Cungu-Princ-Petrovic-Ulcinj-Ulqin-768x512.jpg 768w\" sizes=\"(max-width: 508px) 100vw, 508px\" \/><\/a>Sot, kryetari i komun\u00ebs Nazif Cungu zhvilloj nj\u00eb takim konstruktiv me nj\u00eb grup investitor\u00ebsh francez t\u00eb shoq\u00ebruar nga Princ Nikolla Petroviq ku, diskutuam p\u00ebr mund\u00ebsi investimesh n\u00eb fush\u00ebn e turizmit e ve\u00e7an\u00ebrisht n\u00eb nj\u00eb zon\u00eb me potencial si\u00e7 \u00ebsht\u00eb ai i Plazhit t\u00eb Madh t\u00eb Ulqinit. <\/span><\/p>\n<p><a href=\"http:\/\/www.visit-ulcinj.com\/blog\/wp-content\/uploads\/2016\/09\/Nazif-Cungu-Princ-Petrovic-Ulcinj-Ulqin-1.jpg\"><img loading=\"lazy\" class=\"alignleft wp-image-99990\" src=\"http:\/\/www.visit-ulcinj.com\/blog\/wp-content\/uploads\/2016\/09\/Nazif-Cungu-Princ-Petrovic-Ulcinj-Ulqin-1.jpg\" alt=\"Nazif-Cungu-Princ-Petrovic-Ulcinj-Ulqin-1\" width=\"508\" height=\"339\" srcset=\"https:\/\/www.visit-ulcinj.com\/blog\/wp-content\/uploads\/2016\/09\/Nazif-Cungu-Princ-Petrovic-Ulcinj-Ulqin-1.jpg 960w, https:\/\/www.visit-ulcinj.com\/blog\/wp-content\/uploads\/2016\/09\/Nazif-Cungu-Princ-Petrovic-Ulcinj-Ulqin-1-300x200.jpg 300w, https:\/\/www.visit-ulcinj.com\/blog\/wp-content\/uploads\/2016\/09\/Nazif-Cungu-Princ-Petrovic-Ulcinj-Ulqin-1-768x512.jpg 768w\" sizes=\"(max-width: 508px) 100vw, 508px\" \/><\/a><\/p>\n<p><span class=\" _50f4\">Zhvillimi ekonomik dhe rritja e pun\u00ebsimit, p\u00ebrmes investimeve t\u00eb huaja n\u00eb sektorin e turizmit, \u00ebsht\u00eb nj\u00eb prioritet i Komun\u00ebs ton\u00eb. Ndaj, ne si Komun\u00eb e Ulqinit kemi marr\u00eb p\u00ebrsip\u00ebr q\u00eb sa m\u00eb par\u00eb t\u00eb nd\u00ebrmjet\u00ebsojm\u00eb q\u00eb Ministria e Turizmit t\u00eb \u00e7el konkursin ideor\u00eb rreth projektit turistik n\u00eb k\u00ebt\u00eb zon\u00eb.<\/span><\/p>\n<p><a href=\"http:\/\/www.visit-ulcinj.com\/blog\/wp-content\/uploads\/2016\/09\/Nazif-Cungu-Princ-Petrovic-Ulcinj-Ulqin-2.jpg\"><img loading=\"lazy\" class=\"alignleft wp-image-99991\" src=\"http:\/\/www.visit-ulcinj.com\/blog\/wp-content\/uploads\/2016\/09\/Nazif-Cungu-Princ-Petrovic-Ulcinj-Ulqin-2.jpg\" alt=\"Nazif-Cungu-Princ-Petrovic-Ulcinj-Ulqin-2\" width=\"508\" height=\"339\" srcset=\"https:\/\/www.visit-ulcinj.com\/blog\/wp-content\/uploads\/2016\/09\/Nazif-Cungu-Princ-Petrovic-Ulcinj-Ulqin-2.jpg 960w, https:\/\/www.visit-ulcinj.com\/blog\/wp-content\/uploads\/2016\/09\/Nazif-Cungu-Princ-Petrovic-Ulcinj-Ulqin-2-300x200.jpg 300w, https:\/\/www.visit-ulcinj.com\/blog\/wp-content\/uploads\/2016\/09\/Nazif-Cungu-Princ-Petrovic-Ulcinj-Ulqin-2-768x512.jpg 768w\" sizes=\"(max-width: 508px) 100vw, 508px\" \/><\/a><\/p>\n","protected":false},"excerpt":{"rendered":"<p>Sot, kryetari i komun\u00ebs Nazif Cungu zhvilloj nj\u00eb takim konstruktiv me nj\u00eb grup investitor\u00ebsh francez t\u00eb shoq\u00ebruar nga Princ Nikolla Petroviq ku, diskutuam p\u00ebr mund\u00ebsi investimesh n\u00eb fush\u00ebn e turizmit e ve\u00e7an\u00ebrisht n\u00eb nj\u00eb zon\u00eb me potencial si\u00e7 \u00ebsht\u00eb ai i Plazhit t\u00eb Madh t\u00eb Ulqinit. Zhvillimi ekonomik dhe rritja e pun\u00ebsimit, p\u00ebrmes investimeve t\u00eb [&hellip;]<\/p>\n","protected":false},"author":1,"featured_media":0,"comment_status":"closed","ping_status":"closed","sticky":false,"template":"","format":"standard","meta":{"spay_email":"","jetpack_publicize_message":"","jetpack_is_tweetstorm":false,"jetpack_publicize_feature_enabled":true},"categories":[15],"tags":[],"jetpack_publicize_connections":[],"yoast_head":"<!-- This site is optimized with the Yoast SEO plugin v19.1 - https:\/\/yoast.com\/wordpress\/plugins\/seo\/ -->\n<title>Cungu: P\u00ebr Zhvillim Ekonomik dhe Pun\u00ebsim p\u00ebrmes investimeve n\u00eb Turiz\u00ebm! - Lajme nga Ulqini<\/title>\n<meta name=\"description\" content=\"Sot, kryetari i komun\u00ebs Nazif Cungu zhvilloj nj\u00eb takim konstruktiv me nj\u00eb grup investitor\u00ebsh francez t\u00eb shoq\u00ebruar nga Princ Nikolla Petroviq ku, diskutuam\" \/>\n<meta name=\"robots\" content=\"index, follow, max-snippet:-1, max-image-preview:large, max-video-preview:-1\" \/>\n<link rel=\"canonical\" href=\"https:\/\/www.visit-ulcinj.com\/blog\/2016\/09\/27\/cungu-per-zhvillim-ekonomik-dhe-punesim-permes-investimeve-ne-turizem\/\" \/>\n<meta property=\"og:locale\" content=\"en_US\" \/>\n<meta property=\"og:type\" content=\"article\" \/>\n<meta property=\"og:title\" content=\"Cungu: P\u00ebr Zhvillim Ekonomik dhe Pun\u00ebsim p\u00ebrmes investimeve n\u00eb Turiz\u00ebm! - Lajme nga Ulqini\" \/>\n<meta property=\"og:description\" content=\"Sot, kryetari i komun\u00ebs Nazif Cungu zhvilloj nj\u00eb takim konstruktiv me nj\u00eb grup investitor\u00ebsh francez t\u00eb shoq\u00ebruar nga Princ Nikolla Petroviq ku, diskutuam\" \/>\n<meta property=\"og:url\" content=\"https:\/\/www.visit-ulcinj.com\/blog\/2016\/09\/27\/cungu-per-zhvillim-ekonomik-dhe-punesim-permes-investimeve-ne-turizem\/\" \/>\n<meta property=\"og:site_name\" content=\"Lajme nga Ulqini\" \/>\n<meta property=\"article:published_time\" content=\"2016-09-27T17:31:23+00:00\" \/>\n<meta property=\"og:image\" content=\"http:\/\/www.visit-ulcinj.com\/blog\/wp-content\/uploads\/2016\/09\/Nazif-Cungu-Princ-Petrovic-Ulcinj-Ulqin.jpg\" \/>\n<meta name=\"twitter:label1\" content=\"Written by\" \/>\n\t<meta name=\"twitter:data1\" content=\"ulqini\" \/>\n\t<meta name=\"twitter:label2\" content=\"Est. reading time\" \/>\n\t<meta name=\"twitter:data2\" content=\"1 minute\" \/>\n<script type=\"application\/ld+json\" class=\"yoast-schema-graph\">{\"@context\":\"https:\/\/schema.org\",\"@graph\":[{\"@type\":\"WebSite\",\"@id\":\"https:\/\/www.visit-ulcinj.com\/blog\/#website\",\"url\":\"https:\/\/www.visit-ulcinj.com\/blog\/\",\"name\":\"Lajme nga Ulqini\",\"description\":\"Lajme,Vijesti,Ulqini,Ulqin,Crna Gora,Mali i Zi\",\"potentialAction\":[{\"@type\":\"SearchAction\",\"target\":{\"@type\":\"EntryPoint\",\"urlTemplate\":\"https:\/\/www.visit-ulcinj.com\/blog\/?s={search_term_string}\"},\"query-input\":\"required name=search_term_string\"}],\"inLanguage\":\"en-US\"},{\"@type\":\"ImageObject\",\"inLanguage\":\"en-US\",\"@id\":\"https:\/\/www.visit-ulcinj.com\/blog\/2016\/09\/27\/cungu-per-zhvillim-ekonomik-dhe-punesim-permes-investimeve-ne-turizem\/#primaryimage\",\"url\":\"https:\/\/www.visit-ulcinj.com\/blog\/wp-content\/uploads\/2016\/09\/Nazif-Cungu-Princ-Petrovic-Ulcinj-Ulqin.jpg\",\"contentUrl\":\"https:\/\/www.visit-ulcinj.com\/blog\/wp-content\/uploads\/2016\/09\/Nazif-Cungu-Princ-Petrovic-Ulcinj-Ulqin.jpg\",\"width\":960,\"height\":640},{\"@type\":\"WebPage\",\"@id\":\"https:\/\/www.visit-ulcinj.com\/blog\/2016\/09\/27\/cungu-per-zhvillim-ekonomik-dhe-punesim-permes-investimeve-ne-turizem\/#webpage\",\"url\":\"https:\/\/www.visit-ulcinj.com\/blog\/2016\/09\/27\/cungu-per-zhvillim-ekonomik-dhe-punesim-permes-investimeve-ne-turizem\/\",\"name\":\"Cungu: P\u00ebr Zhvillim Ekonomik dhe Pun\u00ebsim p\u00ebrmes investimeve n\u00eb Turiz\u00ebm! - Lajme nga Ulqini\",\"isPartOf\":{\"@id\":\"https:\/\/www.visit-ulcinj.com\/blog\/#website\"},\"primaryImageOfPage\":{\"@id\":\"https:\/\/www.visit-ulcinj.com\/blog\/2016\/09\/27\/cungu-per-zhvillim-ekonomik-dhe-punesim-permes-investimeve-ne-turizem\/#primaryimage\"},\"datePublished\":\"2016-09-27T17:31:23+00:00\",\"dateModified\":\"2016-09-27T17:31:23+00:00\",\"author\":{\"@id\":\"https:\/\/www.visit-ulcinj.com\/blog\/#\/schema\/person\/dcab619c614d3038751c63bc2aadc06d\"},\"description\":\"Sot, kryetari i komun\u00ebs Nazif Cungu zhvilloj nj\u00eb takim konstruktiv me nj\u00eb grup investitor\u00ebsh francez t\u00eb shoq\u00ebruar nga Princ Nikolla Petroviq ku, diskutuam\",\"breadcrumb\":{\"@id\":\"https:\/\/www.visit-ulcinj.com\/blog\/2016\/09\/27\/cungu-per-zhvillim-ekonomik-dhe-punesim-permes-investimeve-ne-turizem\/#breadcrumb\"},\"inLanguage\":\"en-US\",\"potentialAction\":[{\"@type\":\"ReadAction\",\"target\":[\"https:\/\/www.visit-ulcinj.com\/blog\/2016\/09\/27\/cungu-per-zhvillim-ekonomik-dhe-punesim-permes-investimeve-ne-turizem\/\"]}]},{\"@type\":\"BreadcrumbList\",\"@id\":\"https:\/\/www.visit-ulcinj.com\/blog\/2016\/09\/27\/cungu-per-zhvillim-ekonomik-dhe-punesim-permes-investimeve-ne-turizem\/#breadcrumb\",\"itemListElement\":[{\"@type\":\"ListItem\",\"position\":1,\"name\":\"Cungu: P\u00ebr Zhvillim Ekonomik dhe Pun\u00ebsim p\u00ebrmes investimeve n\u00eb Turiz\u00ebm!\"}]},{\"@type\":\"Person\",\"@id\":\"https:\/\/www.visit-ulcinj.com\/blog\/#\/schema\/person\/dcab619c614d3038751c63bc2aadc06d\",\"name\":\"ulqini\",\"sameAs\":[\"http:\/\/www.visit-ulcinj.com\"],\"url\":\"https:\/\/www.visit-ulcinj.com\/blog\/author\/admin\/\"}]}<\/script>\n<!-- \/ Yoast SEO plugin. -->","yoast_head_json":{"title":"Cungu: P\u00ebr Zhvillim Ekonomik dhe Pun\u00ebsim p\u00ebrmes investimeve n\u00eb Turiz\u00ebm! - Lajme nga Ulqini","description":"Sot, kryetari i komun\u00ebs Nazif Cungu zhvilloj nj\u00eb takim konstruktiv me nj\u00eb grup investitor\u00ebsh francez t\u00eb shoq\u00ebruar nga Princ Nikolla Petroviq ku, diskutuam","robots":{"index":"index","follow":"follow","max-snippet":"max-snippet:-1","max-image-preview":"max-image-preview:large","max-video-preview":"max-video-preview:-1"},"canonical":"https:\/\/www.visit-ulcinj.com\/blog\/2016\/09\/27\/cungu-per-zhvillim-ekonomik-dhe-punesim-permes-investimeve-ne-turizem\/","og_locale":"en_US","og_type":"article","og_title":"Cungu: P\u00ebr Zhvillim Ekonomik dhe Pun\u00ebsim p\u00ebrmes investimeve n\u00eb Turiz\u00ebm! - Lajme nga Ulqini","og_description":"Sot, kryetari i komun\u00ebs Nazif Cungu zhvilloj nj\u00eb takim konstruktiv me nj\u00eb grup investitor\u00ebsh francez t\u00eb shoq\u00ebruar nga Princ Nikolla Petroviq ku, diskutuam","og_url":"https:\/\/www.visit-ulcinj.com\/blog\/2016\/09\/27\/cungu-per-zhvillim-ekonomik-dhe-punesim-permes-investimeve-ne-turizem\/","og_site_name":"Lajme nga Ulqini","article_published_time":"2016-09-27T17:31:23+00:00","og_image":[{"url":"http:\/\/www.visit-ulcinj.com\/blog\/wp-content\/uploads\/2016\/09\/Nazif-Cungu-Princ-Petrovic-Ulcinj-Ulqin.jpg"}],"twitter_misc":{"Written by":"ulqini","Est. reading time":"1 minute"},"schema":{"@context":"https:\/\/schema.org","@graph":[{"@type":"WebSite","@id":"https:\/\/www.visit-ulcinj.com\/blog\/#website","url":"https:\/\/www.visit-ulcinj.com\/blog\/","name":"Lajme nga Ulqini","description":"Lajme,Vijesti,Ulqini,Ulqin,Crna Gora,Mali i Zi","potentialAction":[{"@type":"SearchAction","target":{"@type":"EntryPoint","urlTemplate":"https:\/\/www.visit-ulcinj.com\/blog\/?s={search_term_string}"},"query-input":"required name=search_term_string"}],"inLanguage":"en-US"},{"@type":"ImageObject","inLanguage":"en-US","@id":"https:\/\/www.visit-ulcinj.com\/blog\/2016\/09\/27\/cungu-per-zhvillim-ekonomik-dhe-punesim-permes-investimeve-ne-turizem\/#primaryimage","url":"https:\/\/www.visit-ulcinj.com\/blog\/wp-content\/uploads\/2016\/09\/Nazif-Cungu-Princ-Petrovic-Ulcinj-Ulqin.jpg","contentUrl":"https:\/\/www.visit-ulcinj.com\/blog\/wp-content\/uploads\/2016\/09\/Nazif-Cungu-Princ-Petrovic-Ulcinj-Ulqin.jpg","width":960,"height":640},{"@type":"WebPage","@id":"https:\/\/www.visit-ulcinj.com\/blog\/2016\/09\/27\/cungu-per-zhvillim-ekonomik-dhe-punesim-permes-investimeve-ne-turizem\/#webpage","url":"https:\/\/www.visit-ulcinj.com\/blog\/2016\/09\/27\/cungu-per-zhvillim-ekonomik-dhe-punesim-permes-investimeve-ne-turizem\/","name":"Cungu: P\u00ebr Zhvillim Ekonomik dhe Pun\u00ebsim p\u00ebrmes investimeve n\u00eb Turiz\u00ebm! - Lajme nga Ulqini","isPartOf":{"@id":"https:\/\/www.visit-ulcinj.com\/blog\/#website"},"primaryImageOfPage":{"@id":"https:\/\/www.visit-ulcinj.com\/blog\/2016\/09\/27\/cungu-per-zhvillim-ekonomik-dhe-punesim-permes-investimeve-ne-turizem\/#primaryimage"},"datePublished":"2016-09-27T17:31:23+00:00","dateModified":"2016-09-27T17:31:23+00:00","author":{"@id":"https:\/\/www.visit-ulcinj.com\/blog\/#\/schema\/person\/dcab619c614d3038751c63bc2aadc06d"},"description":"Sot, kryetari i komun\u00ebs Nazif Cungu zhvilloj nj\u00eb takim konstruktiv me nj\u00eb grup investitor\u00ebsh francez t\u00eb shoq\u00ebruar nga Princ Nikolla Petroviq ku, diskutuam","breadcrumb":{"@id":"https:\/\/www.visit-ulcinj.com\/blog\/2016\/09\/27\/cungu-per-zhvillim-ekonomik-dhe-punesim-permes-investimeve-ne-turizem\/#breadcrumb"},"inLanguage":"en-US","potentialAction":[{"@type":"ReadAction","target":["https:\/\/www.visit-ulcinj.com\/blog\/2016\/09\/27\/cungu-per-zhvillim-ekonomik-dhe-punesim-permes-investimeve-ne-turizem\/"]}]},{"@type":"BreadcrumbList","@id":"https:\/\/www.visit-ulcinj.com\/blog\/2016\/09\/27\/cungu-per-zhvillim-ekonomik-dhe-punesim-permes-investimeve-ne-turizem\/#breadcrumb","itemListElement":[{"@type":"ListItem","position":1,"name":"Cungu: P\u00ebr Zhvillim Ekonomik dhe Pun\u00ebsim p\u00ebrmes investimeve n\u00eb Turiz\u00ebm!"}]},{"@type":"Person","@id":"https:\/\/www.visit-ulcinj.com\/blog\/#\/schema\/person\/dcab619c614d3038751c63bc2aadc06d","name":"ulqini","sameAs":["http:\/\/www.visit-ulcinj.com"],"url":"https:\/\/www.visit-ulcinj.com\/blog\/author\/admin\/"}]}},"jetpack_featured_media_url":"","jetpack_sharing_enabled":true,"jetpack_shortlink":"https:\/\/wp.me\/pe6lTn-q0I","_links":{"self":[{"href":"https:\/\/www.visit-ulcinj.com\/blog\/wp-json\/wp\/v2\/posts\/99988"}],"collection":[{"href":"https:\/\/www.visit-ulcinj.com\/blog\/wp-json\/wp\/v2\/posts"}],"about":[{"href":"https:\/\/www.visit-ulcinj.com\/blog\/wp-json\/wp\/v2\/types\/post"}],"author":[{"embeddable":true,"href":"https:\/\/www.visit-ulcinj.com\/blog\/wp-json\/wp\/v2\/users\/1"}],"replies":[{"embeddable":true,"href":"https:\/\/www.visit-ulcinj.com\/blog\/wp-json\/wp\/v2\/comments?post=99988"}],"version-history":[{"count":1,"href":"https:\/\/www.visit-ulcinj.com\/blog\/wp-json\/wp\/v2\/posts\/99988\/revisions"}],"predecessor-version":[{"id":99992,"href":"https:\/\/www.visit-ulcinj.com\/blog\/wp-json\/wp\/v2\/posts\/99988\/revisions\/99992"}],"wp:attachment":[{"href":"https:\/\/www.visit-ulcinj.com\/blog\/wp-json\/wp\/v2\/media?parent=99988"}],"wp:term":[{"taxonomy":"category","embeddable":true,"href":"https:\/\/www.visit-ulcinj.com\/blog\/wp-json\/wp\/v2\/categories?post=99988"},{"taxonomy":"post_tag","embeddable":true,"href":"https:\/\/www.visit-ulcinj.com\/blog\/wp-json\/wp\/v2\/tags?post=99988"}],"curies":[{"name":"wp","href":"https:\/\/api.w.org\/{rel}","templated":true}]}}