{"id":99999,"date":"2016-09-28T07:26:05","date_gmt":"2016-09-28T06:26:05","guid":{"rendered":"http:\/\/www.visit-ulcinj.com\/blog\/?p=99999"},"modified":"2016-09-29T06:46:00","modified_gmt":"2016-09-29T05:46:00","slug":"suzana-shkreli-une-te-jem-shqiptarja-e-pare-ne-kongresin-amerikan","status":"publish","type":"post","link":"https:\/\/www.visit-ulcinj.com\/blog\/2016\/09\/28\/suzana-shkreli-une-te-jem-shqiptarja-e-pare-ne-kongresin-amerikan\/","title":{"rendered":"Suzana Shkreli: Un\u00eb do t\u00eb jem shqiptarja e par\u00eb n\u00eb Kongresin Amerikan &#8211; Video"},"content":{"rendered":"<h3><a href=\"http:\/\/www.visit-ulcinj.com\/blog\/wp-content\/uploads\/2016\/06\/Suzana-Shkreli-prokurore.jpg\"><img loading=\"lazy\" class=\"alignleft wp-image-97790\" src=\"http:\/\/www.visit-ulcinj.com\/blog\/wp-content\/uploads\/2016\/06\/Suzana-Shkreli-prokurore.jpg\" alt=\"Suzana Shkreli-prokurore\" width=\"508\" height=\"540\" \/><\/a>Suzanna Shkreli \u00ebsht\u00eb 29 vje\u00e7. \u00cbsht\u00eb gruaja m\u00eb e re kandidate p\u00ebr Kongresin Amerikan, dhe shqiptarja e par\u00eb q\u00eb kandidon p\u00ebr t\u00eb qen\u00eb pjes\u00eb e Kongresit n\u00eb Shtetet e Bashkuara, duke p\u00ebrfaq\u00ebsuar distriktin 8 t\u00eb Michigan.<\/h3>\n<p>Prokuroja shqiptaro amerikane, fitoi p\u00ebrball\u00eb kandidaturave t\u00eb tjera demokrate, dhe tani garon p\u00ebrball\u00eb republikanit Mike Bishop, i cili ka qen\u00eb dy her\u00eb, pjes\u00eb e Kongresit.<\/p>\n<p><strong>Por, kush \u00ebsht\u00eb Suzanna Shkreli?<\/strong><\/p>\n<p>E lindur dhe rritur n\u00eb Michigan, por me prejardhje nga Mal\u00ebsia e Madhe, \u00ebsht\u00eb f\u00ebmij\u00eb i dy prind\u00ebrve nga Ulqini dhe Gruda. Prind\u00ebrit Zef dhe Maria Shkreli, kan\u00eb emigruar n\u00eb Amerik\u00eb p\u00ebr nj\u00eb jet\u00eb m\u00eb t\u00eb mir\u00eb p\u00ebr kat\u00ebr f\u00ebmij\u00ebt e vet. Suzanna ka nj\u00eb mot\u00ebr m\u00eb t\u00eb madhe, Diana, nj\u00eb v\u00eblla binjak, Paul , dhe Mark, v\u00ebllai i vog\u00ebl.<\/p>\n<p>E rritur n\u00eb nj\u00eb sht\u00ebpi ku \u00ebsht\u00eb inkurajuar nga prind\u00ebrit p\u00ebr t\u00eb studiuar shum\u00eb, Suzanna p\u00ebrfundoi studimet n\u00eb Universitetin Per\u00ebndimor t\u00eb Michigan, p\u00ebr drejt\u00ebsi. M\u00eb pas, arriti t\u00eb b\u00ebhej prokurore n\u00eb Macomb n\u00eb Departamentin p\u00ebr Mbrojtjen e F\u00ebmij\u00ebve n\u00eb Shtetet e Bashkuara.<\/p>\n<p>Kur iu propozua t\u00eb b\u00ebhej pjes\u00eb e politik\u00ebs ajo nuk tha jo, sepse Suzanna Shkreli nuk i thot\u00eb kurr\u00eb jo, nj\u00eb sfide.<\/p>\n<p>N\u00eb nj\u00eb intervist\u00eb p\u00ebr dritare.net, Suzanna flet mbi fushat\u00ebn elektorale, dhe sa e r\u00ebnd\u00ebsishme \u00ebsht\u00eb p\u00ebr t\u00eb, mb\u00ebshtetja nga shqiptar\u00ebt.<\/p>\n<p>Mb\u00ebshtetje, q\u00eb i duhet t\u00eb fitoje gar\u00ebn e saj, t\u00eb grave si ajo, t\u00eb shqiptareve si ajo. Sepse n\u00ebse fiton Suzanna, jo thjesht do t\u00eb b\u00ebj\u00eb histori si shqiptarja e par\u00eb n\u00eb Kongres, por do t\u00eb hap\u00eb rrug\u00eb p\u00ebr shqiptar\u00ebt n\u00eb Kongres. Ndaj, n\u00eb vot\u00ebn p\u00ebr Suzanna Shkrelin, shqiptar\u00ebt e Amerik\u00ebs, nuk mund t\u00eb ndahen n\u00eb demokrat\u00eb e repubikan\u00eb. T\u00eb gjith\u00eb do t\u00eb votojn\u00eb Suzann\u00ebn si shqiptar\u00eb.<\/p>\n<p><strong>Ju jeni kandidate Demokrate p\u00ebr Kongresin Amerikan, si iu duket kjo eksperienc\u00eb e re? Ka q\u00ebn\u00eb politika nj\u00eb \u00ebnd\u00ebrr p\u00ebr ju?<\/strong><\/p>\n<p>Suzanna Shkreli- Un\u00eb asnj\u00ebher\u00eb nuk kam \u00ebnd\u00ebrruar t\u00eb jem nj\u00eb Kongresmene. Si nj\u00eb prokurore n\u00eb sektorin e mbrojtjes s\u00eb f\u00ebmij\u00ebve, i kam kaluar dit\u00ebt e mia n\u00eb sall\u00ebn e gjyqit, duke mbrojtur f\u00ebmij\u00ebt e abuzuar fizikisht dhe seksualisht. Kur u zgjodha p\u00ebr t\u00eb kandiduar, isha e vet\u00ebdijshme q\u00eb nuk do t\u00eb qe e leht\u00eb. Por nj\u00ebkoh\u00ebsisht e dija q\u00eb distrikti i 8 i Michigan, kishte nevoj\u00eb p\u00ebr dik\u00eb q\u00eb nuk ka frik\u00eb t\u00eb nd\u00ebrmarr\u00eb sfida t\u00eb forta, p\u00ebr familjet e klas\u00ebs s\u00eb mesme t\u00eb Michigan. N\u00eb Kongres, un\u00eb do t\u00eb mbroj t\u00eb dyja pal\u00ebt dhe do t\u00eb sigurohem q\u00eb familjet e Michigan t\u00eb ecin p\u00ebrpara.<\/p>\n<p><strong>Zgjedhjet do t\u00eb mbahen n\u00eb N\u00ebntor, si po shkon fushata juaj?<\/strong><\/p>\n<p>Fushata po shkon shum\u00eb mir\u00eb. Ne kemi mb\u00ebshtetjen e Komitetit Demokratik p\u00ebr Fushat\u00ebn n\u00eb Kongres, nj\u00ebkoh\u00ebsisht kemi p\u00ebrkrahje nga organizata, shoqata, dhe an\u00ebtar\u00eb t\u00eb respektuar t\u00eb Kongresit dhe Senatit. Ka nj\u00eb vrull dhe energji t\u00eb pabesueshme p\u00ebr fushat\u00ebn ton\u00eb historike.<\/p>\n<p><strong>Ju jeni shqiptare, por lindur dhe rritur n\u00eb Michigan, Amerik\u00eb, sa e lidhur jeni ju me Shqip\u00ebrin\u00eb?<\/strong><\/p>\n<p>Kam qen\u00eb disa her\u00eb n\u00eb Shqip\u00ebri dhe Mal\u00ebsin\u00eb e Madhe, me pushime. N\u00eb Qershor, kam kaluar nj\u00eb jave duke folur me prokuror\u00ebt n\u00eb Shqip\u00ebri p\u00ebr t\u00eb drejtat e viktimave t\u00eb krimit, n\u00eb em\u00ebr t\u00eb Departamentit t\u00eb Drejt\u00ebsis\u00eb Amerikane. Ishte nj\u00eb eksperienc\u00eb e pabesueshme. U p\u00ebrpoqa t\u00eb b\u00ebj at\u00eb q\u00eb gjithmon\u00eb kam dashur t\u00eb b\u00ebj, t\u00eb ndihmoj vendin tim, t\u00eb ec\u00eb p\u00ebrpara.<\/p>\n<p>M\u00eb p\u00eblqen shum\u00eb kultura shqiptare, historia, dhe vlerat e m\u00ebdha q\u00eb shqiptar\u00ebt kan\u00eb, besa dhe mir\u00ebpritja. Un\u00eb jam krenare q\u00eb e jetoj jet\u00ebn time duke mbajtur fjal\u00ebn, duke dh\u00ebn\u00eb bes\u00ebn time.<\/p>\n<p><strong>N\u00ebse ju e fitoni k\u00ebt\u00eb gar\u00eb, cilat do t\u00eb jen\u00eb jan\u00eb planet tuaja p\u00ebr Kongresin?<\/strong><\/p>\n<p>Do t\u00eb fokusohem te pun\u00ebt e paguara m\u00eb mir\u00eb, duke u siguruar q\u00eb forca jon\u00eb pun\u00ebtore t\u00eb mos largohet nga vendi. Duhet t\u00eb krijojm\u00eb nj\u00eb mjedis miq\u00ebsor p\u00ebr bizneset. N\u00eb m\u00ebnyr\u00eb q\u00eb pronar\u00ebt e bizneseve t\u00eb vogla, t\u00eb ken\u00eb mund\u00ebsi p\u00ebr t\u00eb rritur bizneset e tyre, si\u00e7 b\u00ebn\u00eb edhe prind\u00ebrit e mi. Ne duhet t\u00eb mbrojm\u00eb sigurin\u00eb sociale, dhe t\u2019i japim kujdesin sh\u00ebndet\u00ebsor t\u00eb moshuarve, t\u00eb cil\u00ebn ia kan\u00eb dedikuar t\u00eb gjitha vitet e pun\u00ebs k\u00ebtyre programeve, n\u00eb vend q\u00eb t\u00eb votonin p\u00ebr t\u2019i privatizuar. N\u00eb fund, si dikush q\u00eb ende po paguan p\u00ebr kredin\u00eb studentore, un\u00eb dua t\u00eb kontribuoj q\u00eb Universitetet t\u00eb jen\u00eb t\u00eb p\u00ebrballueshme p\u00ebr brezin e ardhsh\u00ebm.<\/p>\n<p><strong>Fokusi.org<\/strong><\/p>\n<!--YouTube Error: bad URL entered-->\n","protected":false},"excerpt":{"rendered":"<p>Suzanna Shkreli \u00ebsht\u00eb 29 vje\u00e7. \u00cbsht\u00eb gruaja m\u00eb e re kandidate p\u00ebr Kongresin Amerikan, dhe shqiptarja e par\u00eb q\u00eb kandidon p\u00ebr t\u00eb qen\u00eb pjes\u00eb e Kongresit n\u00eb Shtetet e Bashkuara, duke p\u00ebrfaq\u00ebsuar distriktin 8 t\u00eb Michigan. Prokuroja shqiptaro amerikane, fitoi p\u00ebrball\u00eb kandidaturave t\u00eb tjera demokrate, dhe tani garon p\u00ebrball\u00eb republikanit Mike Bishop, i cili ka [&hellip;]<\/p>\n","protected":false},"author":1,"featured_media":0,"comment_status":"closed","ping_status":"closed","sticky":false,"template":"","format":"standard","meta":{"spay_email":"","jetpack_publicize_message":"","jetpack_is_tweetstorm":false,"jetpack_publicize_feature_enabled":true},"categories":[7,1],"tags":[],"jetpack_publicize_connections":[],"yoast_head":"<!-- This site is optimized with the Yoast SEO plugin v19.1 - https:\/\/yoast.com\/wordpress\/plugins\/seo\/ -->\n<title>Suzana Shkreli: Un\u00eb do t\u00eb jem shqiptarja e par\u00eb n\u00eb Kongresin Amerikan - Video - Lajme nga Ulqini<\/title>\n<meta name=\"description\" content=\"Suzanna Shkreli \u00ebsht\u00eb 29 vje\u00e7. \u00cbsht\u00eb gruaja m\u00eb e re kandidate p\u00ebr Kongresin Amerikan, dhe shqiptarja e par\u00eb q\u00eb kandidon p\u00ebr t\u00eb qen\u00eb pjes\u00eb e Kongresit n\u00eb\" \/>\n<meta name=\"robots\" content=\"index, follow, max-snippet:-1, max-image-preview:large, max-video-preview:-1\" \/>\n<link rel=\"canonical\" href=\"https:\/\/www.visit-ulcinj.com\/blog\/2016\/09\/28\/suzana-shkreli-une-te-jem-shqiptarja-e-pare-ne-kongresin-amerikan\/\" \/>\n<meta property=\"og:locale\" content=\"en_US\" \/>\n<meta property=\"og:type\" content=\"article\" \/>\n<meta property=\"og:title\" content=\"Suzana Shkreli: Un\u00eb do t\u00eb jem shqiptarja e par\u00eb n\u00eb Kongresin Amerikan - Video - Lajme nga Ulqini\" \/>\n<meta property=\"og:description\" content=\"Suzanna Shkreli \u00ebsht\u00eb 29 vje\u00e7. \u00cbsht\u00eb gruaja m\u00eb e re kandidate p\u00ebr Kongresin Amerikan, dhe shqiptarja e par\u00eb q\u00eb kandidon p\u00ebr t\u00eb qen\u00eb pjes\u00eb e Kongresit n\u00eb\" \/>\n<meta property=\"og:url\" content=\"https:\/\/www.visit-ulcinj.com\/blog\/2016\/09\/28\/suzana-shkreli-une-te-jem-shqiptarja-e-pare-ne-kongresin-amerikan\/\" \/>\n<meta property=\"og:site_name\" content=\"Lajme nga Ulqini\" \/>\n<meta property=\"article:published_time\" content=\"2016-09-28T06:26:05+00:00\" \/>\n<meta property=\"article:modified_time\" content=\"2016-09-29T05:46:00+00:00\" \/>\n<meta property=\"og:image\" content=\"http:\/\/www.visit-ulcinj.com\/blog\/wp-content\/uploads\/2016\/06\/Suzana-Shkreli-prokurore.jpg\" \/>\n<meta name=\"twitter:label1\" content=\"Written by\" \/>\n\t<meta name=\"twitter:data1\" content=\"ulqini\" \/>\n\t<meta name=\"twitter:label2\" content=\"Est. reading time\" \/>\n\t<meta name=\"twitter:data2\" content=\"4 minutes\" \/>\n<script type=\"application\/ld+json\" class=\"yoast-schema-graph\">{\"@context\":\"https:\/\/schema.org\",\"@graph\":[{\"@type\":\"WebSite\",\"@id\":\"https:\/\/www.visit-ulcinj.com\/blog\/#website\",\"url\":\"https:\/\/www.visit-ulcinj.com\/blog\/\",\"name\":\"Lajme nga Ulqini\",\"description\":\"Lajme,Vijesti,Ulqini,Ulqin,Crna Gora,Mali i Zi\",\"potentialAction\":[{\"@type\":\"SearchAction\",\"target\":{\"@type\":\"EntryPoint\",\"urlTemplate\":\"https:\/\/www.visit-ulcinj.com\/blog\/?s={search_term_string}\"},\"query-input\":\"required name=search_term_string\"}],\"inLanguage\":\"en-US\"},{\"@type\":\"ImageObject\",\"inLanguage\":\"en-US\",\"@id\":\"https:\/\/www.visit-ulcinj.com\/blog\/2016\/09\/28\/suzana-shkreli-une-te-jem-shqiptarja-e-pare-ne-kongresin-amerikan\/#primaryimage\",\"url\":\"http:\/\/www.visit-ulcinj.com\/blog\/wp-content\/uploads\/2016\/06\/Suzana-Shkreli-prokurore.jpg\",\"contentUrl\":\"http:\/\/www.visit-ulcinj.com\/blog\/wp-content\/uploads\/2016\/06\/Suzana-Shkreli-prokurore.jpg\"},{\"@type\":\"WebPage\",\"@id\":\"https:\/\/www.visit-ulcinj.com\/blog\/2016\/09\/28\/suzana-shkreli-une-te-jem-shqiptarja-e-pare-ne-kongresin-amerikan\/#webpage\",\"url\":\"https:\/\/www.visit-ulcinj.com\/blog\/2016\/09\/28\/suzana-shkreli-une-te-jem-shqiptarja-e-pare-ne-kongresin-amerikan\/\",\"name\":\"Suzana Shkreli: Un\u00eb do t\u00eb jem shqiptarja e par\u00eb n\u00eb Kongresin Amerikan - Video - Lajme nga Ulqini\",\"isPartOf\":{\"@id\":\"https:\/\/www.visit-ulcinj.com\/blog\/#website\"},\"primaryImageOfPage\":{\"@id\":\"https:\/\/www.visit-ulcinj.com\/blog\/2016\/09\/28\/suzana-shkreli-une-te-jem-shqiptarja-e-pare-ne-kongresin-amerikan\/#primaryimage\"},\"datePublished\":\"2016-09-28T06:26:05+00:00\",\"dateModified\":\"2016-09-29T05:46:00+00:00\",\"author\":{\"@id\":\"https:\/\/www.visit-ulcinj.com\/blog\/#\/schema\/person\/dcab619c614d3038751c63bc2aadc06d\"},\"description\":\"Suzanna Shkreli \u00ebsht\u00eb 29 vje\u00e7. \u00cbsht\u00eb gruaja m\u00eb e re kandidate p\u00ebr Kongresin Amerikan, dhe shqiptarja e par\u00eb q\u00eb kandidon p\u00ebr t\u00eb qen\u00eb pjes\u00eb e Kongresit n\u00eb\",\"breadcrumb\":{\"@id\":\"https:\/\/www.visit-ulcinj.com\/blog\/2016\/09\/28\/suzana-shkreli-une-te-jem-shqiptarja-e-pare-ne-kongresin-amerikan\/#breadcrumb\"},\"inLanguage\":\"en-US\",\"potentialAction\":[{\"@type\":\"ReadAction\",\"target\":[\"https:\/\/www.visit-ulcinj.com\/blog\/2016\/09\/28\/suzana-shkreli-une-te-jem-shqiptarja-e-pare-ne-kongresin-amerikan\/\"]}]},{\"@type\":\"BreadcrumbList\",\"@id\":\"https:\/\/www.visit-ulcinj.com\/blog\/2016\/09\/28\/suzana-shkreli-une-te-jem-shqiptarja-e-pare-ne-kongresin-amerikan\/#breadcrumb\",\"itemListElement\":[{\"@type\":\"ListItem\",\"position\":1,\"name\":\"Suzana Shkreli: Un\u00eb do t\u00eb jem shqiptarja e par\u00eb n\u00eb Kongresin Amerikan &#8211; Video\"}]},{\"@type\":\"Person\",\"@id\":\"https:\/\/www.visit-ulcinj.com\/blog\/#\/schema\/person\/dcab619c614d3038751c63bc2aadc06d\",\"name\":\"ulqini\",\"sameAs\":[\"http:\/\/www.visit-ulcinj.com\"],\"url\":\"https:\/\/www.visit-ulcinj.com\/blog\/author\/admin\/\"}]}<\/script>\n<!-- \/ Yoast SEO plugin. -->","yoast_head_json":{"title":"Suzana Shkreli: Un\u00eb do t\u00eb jem shqiptarja e par\u00eb n\u00eb Kongresin Amerikan - Video - Lajme nga Ulqini","description":"Suzanna Shkreli \u00ebsht\u00eb 29 vje\u00e7. \u00cbsht\u00eb gruaja m\u00eb e re kandidate p\u00ebr Kongresin Amerikan, dhe shqiptarja e par\u00eb q\u00eb kandidon p\u00ebr t\u00eb qen\u00eb pjes\u00eb e Kongresit n\u00eb","robots":{"index":"index","follow":"follow","max-snippet":"max-snippet:-1","max-image-preview":"max-image-preview:large","max-video-preview":"max-video-preview:-1"},"canonical":"https:\/\/www.visit-ulcinj.com\/blog\/2016\/09\/28\/suzana-shkreli-une-te-jem-shqiptarja-e-pare-ne-kongresin-amerikan\/","og_locale":"en_US","og_type":"article","og_title":"Suzana Shkreli: Un\u00eb do t\u00eb jem shqiptarja e par\u00eb n\u00eb Kongresin Amerikan - Video - Lajme nga Ulqini","og_description":"Suzanna Shkreli \u00ebsht\u00eb 29 vje\u00e7. \u00cbsht\u00eb gruaja m\u00eb e re kandidate p\u00ebr Kongresin Amerikan, dhe shqiptarja e par\u00eb q\u00eb kandidon p\u00ebr t\u00eb qen\u00eb pjes\u00eb e Kongresit n\u00eb","og_url":"https:\/\/www.visit-ulcinj.com\/blog\/2016\/09\/28\/suzana-shkreli-une-te-jem-shqiptarja-e-pare-ne-kongresin-amerikan\/","og_site_name":"Lajme nga Ulqini","article_published_time":"2016-09-28T06:26:05+00:00","article_modified_time":"2016-09-29T05:46:00+00:00","og_image":[{"url":"http:\/\/www.visit-ulcinj.com\/blog\/wp-content\/uploads\/2016\/06\/Suzana-Shkreli-prokurore.jpg"}],"twitter_misc":{"Written by":"ulqini","Est. reading time":"4 minutes"},"schema":{"@context":"https:\/\/schema.org","@graph":[{"@type":"WebSite","@id":"https:\/\/www.visit-ulcinj.com\/blog\/#website","url":"https:\/\/www.visit-ulcinj.com\/blog\/","name":"Lajme nga Ulqini","description":"Lajme,Vijesti,Ulqini,Ulqin,Crna Gora,Mali i Zi","potentialAction":[{"@type":"SearchAction","target":{"@type":"EntryPoint","urlTemplate":"https:\/\/www.visit-ulcinj.com\/blog\/?s={search_term_string}"},"query-input":"required name=search_term_string"}],"inLanguage":"en-US"},{"@type":"ImageObject","inLanguage":"en-US","@id":"https:\/\/www.visit-ulcinj.com\/blog\/2016\/09\/28\/suzana-shkreli-une-te-jem-shqiptarja-e-pare-ne-kongresin-amerikan\/#primaryimage","url":"http:\/\/www.visit-ulcinj.com\/blog\/wp-content\/uploads\/2016\/06\/Suzana-Shkreli-prokurore.jpg","contentUrl":"http:\/\/www.visit-ulcinj.com\/blog\/wp-content\/uploads\/2016\/06\/Suzana-Shkreli-prokurore.jpg"},{"@type":"WebPage","@id":"https:\/\/www.visit-ulcinj.com\/blog\/2016\/09\/28\/suzana-shkreli-une-te-jem-shqiptarja-e-pare-ne-kongresin-amerikan\/#webpage","url":"https:\/\/www.visit-ulcinj.com\/blog\/2016\/09\/28\/suzana-shkreli-une-te-jem-shqiptarja-e-pare-ne-kongresin-amerikan\/","name":"Suzana Shkreli: Un\u00eb do t\u00eb jem shqiptarja e par\u00eb n\u00eb Kongresin Amerikan - Video - Lajme nga Ulqini","isPartOf":{"@id":"https:\/\/www.visit-ulcinj.com\/blog\/#website"},"primaryImageOfPage":{"@id":"https:\/\/www.visit-ulcinj.com\/blog\/2016\/09\/28\/suzana-shkreli-une-te-jem-shqiptarja-e-pare-ne-kongresin-amerikan\/#primaryimage"},"datePublished":"2016-09-28T06:26:05+00:00","dateModified":"2016-09-29T05:46:00+00:00","author":{"@id":"https:\/\/www.visit-ulcinj.com\/blog\/#\/schema\/person\/dcab619c614d3038751c63bc2aadc06d"},"description":"Suzanna Shkreli \u00ebsht\u00eb 29 vje\u00e7. \u00cbsht\u00eb gruaja m\u00eb e re kandidate p\u00ebr Kongresin Amerikan, dhe shqiptarja e par\u00eb q\u00eb kandidon p\u00ebr t\u00eb qen\u00eb pjes\u00eb e Kongresit n\u00eb","breadcrumb":{"@id":"https:\/\/www.visit-ulcinj.com\/blog\/2016\/09\/28\/suzana-shkreli-une-te-jem-shqiptarja-e-pare-ne-kongresin-amerikan\/#breadcrumb"},"inLanguage":"en-US","potentialAction":[{"@type":"ReadAction","target":["https:\/\/www.visit-ulcinj.com\/blog\/2016\/09\/28\/suzana-shkreli-une-te-jem-shqiptarja-e-pare-ne-kongresin-amerikan\/"]}]},{"@type":"BreadcrumbList","@id":"https:\/\/www.visit-ulcinj.com\/blog\/2016\/09\/28\/suzana-shkreli-une-te-jem-shqiptarja-e-pare-ne-kongresin-amerikan\/#breadcrumb","itemListElement":[{"@type":"ListItem","position":1,"name":"Suzana Shkreli: Un\u00eb do t\u00eb jem shqiptarja e par\u00eb n\u00eb Kongresin Amerikan &#8211; Video"}]},{"@type":"Person","@id":"https:\/\/www.visit-ulcinj.com\/blog\/#\/schema\/person\/dcab619c614d3038751c63bc2aadc06d","name":"ulqini","sameAs":["http:\/\/www.visit-ulcinj.com"],"url":"https:\/\/www.visit-ulcinj.com\/blog\/author\/admin\/"}]}},"jetpack_featured_media_url":"","jetpack_sharing_enabled":true,"jetpack_shortlink":"https:\/\/wp.me\/pe6lTn-q0T","_links":{"self":[{"href":"https:\/\/www.visit-ulcinj.com\/blog\/wp-json\/wp\/v2\/posts\/99999"}],"collection":[{"href":"https:\/\/www.visit-ulcinj.com\/blog\/wp-json\/wp\/v2\/posts"}],"about":[{"href":"https:\/\/www.visit-ulcinj.com\/blog\/wp-json\/wp\/v2\/types\/post"}],"author":[{"embeddable":true,"href":"https:\/\/www.visit-ulcinj.com\/blog\/wp-json\/wp\/v2\/users\/1"}],"replies":[{"embeddable":true,"href":"https:\/\/www.visit-ulcinj.com\/blog\/wp-json\/wp\/v2\/comments?post=99999"}],"version-history":[{"count":2,"href":"https:\/\/www.visit-ulcinj.com\/blog\/wp-json\/wp\/v2\/posts\/99999\/revisions"}],"predecessor-version":[{"id":100001,"href":"https:\/\/www.visit-ulcinj.com\/blog\/wp-json\/wp\/v2\/posts\/99999\/revisions\/100001"}],"wp:attachment":[{"href":"https:\/\/www.visit-ulcinj.com\/blog\/wp-json\/wp\/v2\/media?parent=99999"}],"wp:term":[{"taxonomy":"category","embeddable":true,"href":"https:\/\/www.visit-ulcinj.com\/blog\/wp-json\/wp\/v2\/categories?post=99999"},{"taxonomy":"post_tag","embeddable":true,"href":"https:\/\/www.visit-ulcinj.com\/blog\/wp-json\/wp\/v2\/tags?post=99999"}],"curies":[{"name":"wp","href":"https:\/\/api.w.org\/{rel}","templated":true}]}}