{"id":1914,"count":1,"description":"","link":"https:\/\/www.visit-ulcinj.com\/blog\/tag\/kokrrat-e-shperndara-te-sheges-nga-naim-dhe-sami-fla\/","name":"Kokrrat e shp\u00ebrndara t\u00eb sheg\u00ebs nga Naim dhe Sami Fla","slug":"kokrrat-e-shperndara-te-sheges-nga-naim-dhe-sami-fla","taxonomy":"post_tag","meta":[],"yoast_head":"<!-- This site is optimized with the Yoast SEO plugin v19.1 - https:\/\/yoast.com\/wordpress\/plugins\/seo\/ -->\n<title>Kokrrat e shp\u00ebrndara t\u00eb sheg\u00ebs nga Naim dhe Sami Fla Archives - Lajme nga Ulqini<\/title>\n<meta name=\"robots\" content=\"index, follow, max-snippet:-1, max-image-preview:large, max-video-preview:-1\" \/>\n<link rel=\"canonical\" href=\"https:\/\/www.visit-ulcinj.com\/blog\/tag\/kokrrat-e-shperndara-te-sheges-nga-naim-dhe-sami-fla\/\" \/>\n<meta property=\"og:locale\" content=\"en_US\" \/>\n<meta property=\"og:type\" content=\"article\" \/>\n<meta property=\"og:title\" content=\"Kokrrat e shp\u00ebrndara t\u00eb sheg\u00ebs nga Naim dhe Sami Fla Archives - Lajme nga Ulqini\" \/>\n<meta property=\"og:url\" content=\"https:\/\/www.visit-ulcinj.com\/blog\/tag\/kokrrat-e-shperndara-te-sheges-nga-naim-dhe-sami-fla\/\" \/>\n<meta property=\"og:site_name\" content=\"Lajme nga Ulqini\" \/>\n<script type=\"application\/ld+json\" class=\"yoast-schema-graph\">{\"@context\":\"https:\/\/schema.org\",\"@graph\":[{\"@type\":\"WebSite\",\"@id\":\"https:\/\/www.visit-ulcinj.com\/blog\/#website\",\"url\":\"https:\/\/www.visit-ulcinj.com\/blog\/\",\"name\":\"Lajme nga Ulqini\",\"description\":\"Lajme,Vijesti,Ulqini,Ulqin,Crna Gora,Mali i Zi\",\"potentialAction\":[{\"@type\":\"SearchAction\",\"target\":{\"@type\":\"EntryPoint\",\"urlTemplate\":\"https:\/\/www.visit-ulcinj.com\/blog\/?s={search_term_string}\"},\"query-input\":\"required name=search_term_string\"}],\"inLanguage\":\"en-US\"},{\"@type\":\"CollectionPage\",\"@id\":\"https:\/\/www.visit-ulcinj.com\/blog\/tag\/kokrrat-e-shperndara-te-sheges-nga-naim-dhe-sami-fla\/#webpage\",\"url\":\"https:\/\/www.visit-ulcinj.com\/blog\/tag\/kokrrat-e-shperndara-te-sheges-nga-naim-dhe-sami-fla\/\",\"name\":\"Kokrrat e shp\u00ebrndara t\u00eb sheg\u00ebs nga Naim dhe Sami Fla Archives - Lajme nga Ulqini\",\"isPartOf\":{\"@id\":\"https:\/\/www.visit-ulcinj.com\/blog\/#website\"},\"breadcrumb\":{\"@id\":\"https:\/\/www.visit-ulcinj.com\/blog\/tag\/kokrrat-e-shperndara-te-sheges-nga-naim-dhe-sami-fla\/#breadcrumb\"},\"inLanguage\":\"en-US\",\"potentialAction\":[{\"@type\":\"ReadAction\",\"target\":[\"https:\/\/www.visit-ulcinj.com\/blog\/tag\/kokrrat-e-shperndara-te-sheges-nga-naim-dhe-sami-fla\/\"]}]},{\"@type\":\"BreadcrumbList\",\"@id\":\"https:\/\/www.visit-ulcinj.com\/blog\/tag\/kokrrat-e-shperndara-te-sheges-nga-naim-dhe-sami-fla\/#breadcrumb\",\"itemListElement\":[{\"@type\":\"ListItem\",\"position\":1,\"name\":\"Kokrrat e shp\u00ebrndara t\u00eb sheg\u00ebs nga Naim dhe Sami Fla\"}]}]}<\/script>\n<!-- \/ Yoast SEO plugin. -->","yoast_head_json":{"title":"Kokrrat e shp\u00ebrndara t\u00eb sheg\u00ebs nga Naim dhe Sami Fla Archives - Lajme nga Ulqini","robots":{"index":"index","follow":"follow","max-snippet":"max-snippet:-1","max-image-preview":"max-image-preview:large","max-video-preview":"max-video-preview:-1"},"canonical":"https:\/\/www.visit-ulcinj.com\/blog\/tag\/kokrrat-e-shperndara-te-sheges-nga-naim-dhe-sami-fla\/","og_locale":"en_US","og_type":"article","og_title":"Kokrrat e shp\u00ebrndara t\u00eb sheg\u00ebs nga Naim dhe Sami Fla Archives - Lajme nga Ulqini","og_url":"https:\/\/www.visit-ulcinj.com\/blog\/tag\/kokrrat-e-shperndara-te-sheges-nga-naim-dhe-sami-fla\/","og_site_name":"Lajme nga Ulqini","schema":{"@context":"https:\/\/schema.org","@graph":[{"@type":"WebSite","@id":"https:\/\/www.visit-ulcinj.com\/blog\/#website","url":"https:\/\/www.visit-ulcinj.com\/blog\/","name":"Lajme nga Ulqini","description":"Lajme,Vijesti,Ulqini,Ulqin,Crna Gora,Mali i Zi","potentialAction":[{"@type":"SearchAction","target":{"@type":"EntryPoint","urlTemplate":"https:\/\/www.visit-ulcinj.com\/blog\/?s={search_term_string}"},"query-input":"required name=search_term_string"}],"inLanguage":"en-US"},{"@type":"CollectionPage","@id":"https:\/\/www.visit-ulcinj.com\/blog\/tag\/kokrrat-e-shperndara-te-sheges-nga-naim-dhe-sami-fla\/#webpage","url":"https:\/\/www.visit-ulcinj.com\/blog\/tag\/kokrrat-e-shperndara-te-sheges-nga-naim-dhe-sami-fla\/","name":"Kokrrat e shp\u00ebrndara t\u00eb sheg\u00ebs nga Naim dhe Sami Fla Archives - Lajme nga Ulqini","isPartOf":{"@id":"https:\/\/www.visit-ulcinj.com\/blog\/#website"},"breadcrumb":{"@id":"https:\/\/www.visit-ulcinj.com\/blog\/tag\/kokrrat-e-shperndara-te-sheges-nga-naim-dhe-sami-fla\/#breadcrumb"},"inLanguage":"en-US","potentialAction":[{"@type":"ReadAction","target":["https:\/\/www.visit-ulcinj.com\/blog\/tag\/kokrrat-e-shperndara-te-sheges-nga-naim-dhe-sami-fla\/"]}]},{"@type":"BreadcrumbList","@id":"https:\/\/www.visit-ulcinj.com\/blog\/tag\/kokrrat-e-shperndara-te-sheges-nga-naim-dhe-sami-fla\/#breadcrumb","itemListElement":[{"@type":"ListItem","position":1,"name":"Kokrrat e shp\u00ebrndara t\u00eb sheg\u00ebs nga Naim dhe Sami Fla"}]}]}},"_links":{"self":[{"href":"https:\/\/www.visit-ulcinj.com\/blog\/wp-json\/wp\/v2\/tags\/1914"}],"collection":[{"href":"https:\/\/www.visit-ulcinj.com\/blog\/wp-json\/wp\/v2\/tags"}],"about":[{"href":"https:\/\/www.visit-ulcinj.com\/blog\/wp-json\/wp\/v2\/taxonomies\/post_tag"}],"wp:post_type":[{"href":"https:\/\/www.visit-ulcinj.com\/blog\/wp-json\/wp\/v2\/posts?tags=1914"}],"curies":[{"name":"wp","href":"https:\/\/api.w.org\/{rel}","templated":true}]}}