{"id":5367,"count":1,"description":"","link":"https:\/\/www.visit-ulcinj.com\/blog\/tag\/festivalit-te-47-te-te-kenges-ne-radio-televizionin\/","name":"Festivalit t\u00eb 47-t\u00eb t\u00eb K\u00ebng\u00ebs n\u00eb Radio Televizionin","slug":"festivalit-te-47-te-te-kenges-ne-radio-televizionin","taxonomy":"post_tag","meta":[],"yoast_head":"<!-- This site is optimized with the Yoast SEO plugin v19.1 - https:\/\/yoast.com\/wordpress\/plugins\/seo\/ -->\n<title>Festivalit t\u00eb 47-t\u00eb t\u00eb K\u00ebng\u00ebs n\u00eb Radio Televizionin Archives - Lajme nga Ulqini<\/title>\n<meta name=\"robots\" content=\"index, follow, max-snippet:-1, max-image-preview:large, max-video-preview:-1\" \/>\n<link rel=\"canonical\" href=\"https:\/\/www.visit-ulcinj.com\/blog\/tag\/festivalit-te-47-te-te-kenges-ne-radio-televizionin\/\" \/>\n<meta property=\"og:locale\" content=\"en_US\" \/>\n<meta property=\"og:type\" content=\"article\" \/>\n<meta property=\"og:title\" content=\"Festivalit t\u00eb 47-t\u00eb t\u00eb K\u00ebng\u00ebs n\u00eb Radio Televizionin Archives - Lajme nga Ulqini\" \/>\n<meta property=\"og:url\" content=\"https:\/\/www.visit-ulcinj.com\/blog\/tag\/festivalit-te-47-te-te-kenges-ne-radio-televizionin\/\" \/>\n<meta property=\"og:site_name\" content=\"Lajme nga Ulqini\" \/>\n<script type=\"application\/ld+json\" class=\"yoast-schema-graph\">{\"@context\":\"https:\/\/schema.org\",\"@graph\":[{\"@type\":\"WebSite\",\"@id\":\"https:\/\/www.visit-ulcinj.com\/blog\/#website\",\"url\":\"https:\/\/www.visit-ulcinj.com\/blog\/\",\"name\":\"Lajme nga Ulqini\",\"description\":\"Lajme,Vijesti,Ulqini,Ulqin,Crna Gora,Mali i Zi\",\"potentialAction\":[{\"@type\":\"SearchAction\",\"target\":{\"@type\":\"EntryPoint\",\"urlTemplate\":\"https:\/\/www.visit-ulcinj.com\/blog\/?s={search_term_string}\"},\"query-input\":\"required name=search_term_string\"}],\"inLanguage\":\"en-US\"},{\"@type\":\"CollectionPage\",\"@id\":\"https:\/\/www.visit-ulcinj.com\/blog\/tag\/festivalit-te-47-te-te-kenges-ne-radio-televizionin\/#webpage\",\"url\":\"https:\/\/www.visit-ulcinj.com\/blog\/tag\/festivalit-te-47-te-te-kenges-ne-radio-televizionin\/\",\"name\":\"Festivalit t\u00eb 47-t\u00eb t\u00eb K\u00ebng\u00ebs n\u00eb Radio Televizionin Archives - Lajme nga Ulqini\",\"isPartOf\":{\"@id\":\"https:\/\/www.visit-ulcinj.com\/blog\/#website\"},\"breadcrumb\":{\"@id\":\"https:\/\/www.visit-ulcinj.com\/blog\/tag\/festivalit-te-47-te-te-kenges-ne-radio-televizionin\/#breadcrumb\"},\"inLanguage\":\"en-US\",\"potentialAction\":[{\"@type\":\"ReadAction\",\"target\":[\"https:\/\/www.visit-ulcinj.com\/blog\/tag\/festivalit-te-47-te-te-kenges-ne-radio-televizionin\/\"]}]},{\"@type\":\"BreadcrumbList\",\"@id\":\"https:\/\/www.visit-ulcinj.com\/blog\/tag\/festivalit-te-47-te-te-kenges-ne-radio-televizionin\/#breadcrumb\",\"itemListElement\":[{\"@type\":\"ListItem\",\"position\":1,\"name\":\"Festivalit t\u00eb 47-t\u00eb t\u00eb K\u00ebng\u00ebs n\u00eb Radio Televizionin\"}]}]}<\/script>\n<!-- \/ Yoast SEO plugin. -->","yoast_head_json":{"title":"Festivalit t\u00eb 47-t\u00eb t\u00eb K\u00ebng\u00ebs n\u00eb Radio Televizionin Archives - Lajme nga Ulqini","robots":{"index":"index","follow":"follow","max-snippet":"max-snippet:-1","max-image-preview":"max-image-preview:large","max-video-preview":"max-video-preview:-1"},"canonical":"https:\/\/www.visit-ulcinj.com\/blog\/tag\/festivalit-te-47-te-te-kenges-ne-radio-televizionin\/","og_locale":"en_US","og_type":"article","og_title":"Festivalit t\u00eb 47-t\u00eb t\u00eb K\u00ebng\u00ebs n\u00eb Radio Televizionin Archives - Lajme nga Ulqini","og_url":"https:\/\/www.visit-ulcinj.com\/blog\/tag\/festivalit-te-47-te-te-kenges-ne-radio-televizionin\/","og_site_name":"Lajme nga Ulqini","schema":{"@context":"https:\/\/schema.org","@graph":[{"@type":"WebSite","@id":"https:\/\/www.visit-ulcinj.com\/blog\/#website","url":"https:\/\/www.visit-ulcinj.com\/blog\/","name":"Lajme nga Ulqini","description":"Lajme,Vijesti,Ulqini,Ulqin,Crna Gora,Mali i Zi","potentialAction":[{"@type":"SearchAction","target":{"@type":"EntryPoint","urlTemplate":"https:\/\/www.visit-ulcinj.com\/blog\/?s={search_term_string}"},"query-input":"required name=search_term_string"}],"inLanguage":"en-US"},{"@type":"CollectionPage","@id":"https:\/\/www.visit-ulcinj.com\/blog\/tag\/festivalit-te-47-te-te-kenges-ne-radio-televizionin\/#webpage","url":"https:\/\/www.visit-ulcinj.com\/blog\/tag\/festivalit-te-47-te-te-kenges-ne-radio-televizionin\/","name":"Festivalit t\u00eb 47-t\u00eb t\u00eb K\u00ebng\u00ebs n\u00eb Radio Televizionin Archives - Lajme nga Ulqini","isPartOf":{"@id":"https:\/\/www.visit-ulcinj.com\/blog\/#website"},"breadcrumb":{"@id":"https:\/\/www.visit-ulcinj.com\/blog\/tag\/festivalit-te-47-te-te-kenges-ne-radio-televizionin\/#breadcrumb"},"inLanguage":"en-US","potentialAction":[{"@type":"ReadAction","target":["https:\/\/www.visit-ulcinj.com\/blog\/tag\/festivalit-te-47-te-te-kenges-ne-radio-televizionin\/"]}]},{"@type":"BreadcrumbList","@id":"https:\/\/www.visit-ulcinj.com\/blog\/tag\/festivalit-te-47-te-te-kenges-ne-radio-televizionin\/#breadcrumb","itemListElement":[{"@type":"ListItem","position":1,"name":"Festivalit t\u00eb 47-t\u00eb t\u00eb K\u00ebng\u00ebs n\u00eb Radio Televizionin"}]}]}},"_links":{"self":[{"href":"https:\/\/www.visit-ulcinj.com\/blog\/wp-json\/wp\/v2\/tags\/5367"}],"collection":[{"href":"https:\/\/www.visit-ulcinj.com\/blog\/wp-json\/wp\/v2\/tags"}],"about":[{"href":"https:\/\/www.visit-ulcinj.com\/blog\/wp-json\/wp\/v2\/taxonomies\/post_tag"}],"wp:post_type":[{"href":"https:\/\/www.visit-ulcinj.com\/blog\/wp-json\/wp\/v2\/posts?tags=5367"}],"curies":[{"name":"wp","href":"https:\/\/api.w.org\/{rel}","templated":true}]}}