{"id":8162,"count":1,"description":"","link":"https:\/\/www.visit-ulcinj.com\/blog\/tag\/por-edhe-per-qytete-te-tjera-te-serbise-dhe-malit-te-zi-do-te-ishte-shpetim-sa-me-pare-qe-te-fillohet-me-kete-projekt-te-posedimit-te-dy-nenshtetesive\/","name":"por edhe p\u00ebr  qytete t\u00eb tjera t\u00eb Serbis\u00eb dhe Malit t\u00eb Zi do t\u00eb ishte shp\u00ebtim. Sa m\u00eb par\u00eb q\u00eb t\u00eb fillohet me k\u00ebt\u00eb projekt t\u00eb posedimit t\u00eb dy n\u00ebnshtet\u00ebsive","slug":"por-edhe-per-qytete-te-tjera-te-serbise-dhe-malit-te-zi-do-te-ishte-shpetim-sa-me-pare-qe-te-fillohet-me-kete-projekt-te-posedimit-te-dy-nenshtetesive","taxonomy":"post_tag","meta":[],"yoast_head":"<!-- This site is optimized with the Yoast SEO plugin v19.1 - https:\/\/yoast.com\/wordpress\/plugins\/seo\/ -->\n<title>por edhe p\u00ebr qytete t\u00eb tjera t\u00eb Serbis\u00eb dhe Malit t\u00eb Zi do t\u00eb ishte shp\u00ebtim. Sa m\u00eb par\u00eb q\u00eb t\u00eb fillohet me k\u00ebt\u00eb projekt t\u00eb posedimit t\u00eb dy n\u00ebnshtet\u00ebsive Archives - Lajme nga Ulqini<\/title>\n<meta name=\"robots\" content=\"index, follow, max-snippet:-1, max-image-preview:large, max-video-preview:-1\" \/>\n<link rel=\"canonical\" href=\"https:\/\/www.visit-ulcinj.com\/blog\/tag\/por-edhe-per-qytete-te-tjera-te-serbise-dhe-malit-te-zi-do-te-ishte-shpetim-sa-me-pare-qe-te-fillohet-me-kete-projekt-te-posedimit-te-dy-nenshtetesive\/\" \/>\n<meta property=\"og:locale\" content=\"en_US\" \/>\n<meta property=\"og:type\" content=\"article\" \/>\n<meta property=\"og:title\" content=\"por edhe p\u00ebr qytete t\u00eb tjera t\u00eb Serbis\u00eb dhe Malit t\u00eb Zi do t\u00eb ishte shp\u00ebtim. Sa m\u00eb par\u00eb q\u00eb t\u00eb fillohet me k\u00ebt\u00eb projekt t\u00eb posedimit t\u00eb dy n\u00ebnshtet\u00ebsive Archives - Lajme nga Ulqini\" \/>\n<meta property=\"og:url\" content=\"https:\/\/www.visit-ulcinj.com\/blog\/tag\/por-edhe-per-qytete-te-tjera-te-serbise-dhe-malit-te-zi-do-te-ishte-shpetim-sa-me-pare-qe-te-fillohet-me-kete-projekt-te-posedimit-te-dy-nenshtetesive\/\" \/>\n<meta property=\"og:site_name\" content=\"Lajme nga Ulqini\" \/>\n<script type=\"application\/ld+json\" class=\"yoast-schema-graph\">{\"@context\":\"https:\/\/schema.org\",\"@graph\":[{\"@type\":\"WebSite\",\"@id\":\"https:\/\/www.visit-ulcinj.com\/blog\/#website\",\"url\":\"https:\/\/www.visit-ulcinj.com\/blog\/\",\"name\":\"Lajme nga Ulqini\",\"description\":\"Lajme,Vijesti,Ulqini,Ulqin,Crna Gora,Mali i Zi\",\"potentialAction\":[{\"@type\":\"SearchAction\",\"target\":{\"@type\":\"EntryPoint\",\"urlTemplate\":\"https:\/\/www.visit-ulcinj.com\/blog\/?s={search_term_string}\"},\"query-input\":\"required name=search_term_string\"}],\"inLanguage\":\"en-US\"},{\"@type\":\"CollectionPage\",\"@id\":\"https:\/\/www.visit-ulcinj.com\/blog\/tag\/por-edhe-per-qytete-te-tjera-te-serbise-dhe-malit-te-zi-do-te-ishte-shpetim-sa-me-pare-qe-te-fillohet-me-kete-projekt-te-posedimit-te-dy-nenshtetesive\/#webpage\",\"url\":\"https:\/\/www.visit-ulcinj.com\/blog\/tag\/por-edhe-per-qytete-te-tjera-te-serbise-dhe-malit-te-zi-do-te-ishte-shpetim-sa-me-pare-qe-te-fillohet-me-kete-projekt-te-posedimit-te-dy-nenshtetesive\/\",\"name\":\"por edhe p\u00ebr qytete t\u00eb tjera t\u00eb Serbis\u00eb dhe Malit t\u00eb Zi do t\u00eb ishte shp\u00ebtim. Sa m\u00eb par\u00eb q\u00eb t\u00eb fillohet me k\u00ebt\u00eb projekt t\u00eb posedimit t\u00eb dy n\u00ebnshtet\u00ebsive Archives - Lajme nga Ulqini\",\"isPartOf\":{\"@id\":\"https:\/\/www.visit-ulcinj.com\/blog\/#website\"},\"breadcrumb\":{\"@id\":\"https:\/\/www.visit-ulcinj.com\/blog\/tag\/por-edhe-per-qytete-te-tjera-te-serbise-dhe-malit-te-zi-do-te-ishte-shpetim-sa-me-pare-qe-te-fillohet-me-kete-projekt-te-posedimit-te-dy-nenshtetesive\/#breadcrumb\"},\"inLanguage\":\"en-US\",\"potentialAction\":[{\"@type\":\"ReadAction\",\"target\":[\"https:\/\/www.visit-ulcinj.com\/blog\/tag\/por-edhe-per-qytete-te-tjera-te-serbise-dhe-malit-te-zi-do-te-ishte-shpetim-sa-me-pare-qe-te-fillohet-me-kete-projekt-te-posedimit-te-dy-nenshtetesive\/\"]}]},{\"@type\":\"BreadcrumbList\",\"@id\":\"https:\/\/www.visit-ulcinj.com\/blog\/tag\/por-edhe-per-qytete-te-tjera-te-serbise-dhe-malit-te-zi-do-te-ishte-shpetim-sa-me-pare-qe-te-fillohet-me-kete-projekt-te-posedimit-te-dy-nenshtetesive\/#breadcrumb\",\"itemListElement\":[{\"@type\":\"ListItem\",\"position\":1,\"name\":\"por edhe p\u00ebr qytete t\u00eb tjera t\u00eb Serbis\u00eb dhe Malit t\u00eb Zi do t\u00eb ishte shp\u00ebtim. Sa m\u00eb par\u00eb q\u00eb t\u00eb fillohet me k\u00ebt\u00eb projekt t\u00eb posedimit t\u00eb dy n\u00ebnshtet\u00ebsive\"}]}]}<\/script>\n<!-- \/ Yoast SEO plugin. -->","yoast_head_json":{"title":"por edhe p\u00ebr qytete t\u00eb tjera t\u00eb Serbis\u00eb dhe Malit t\u00eb Zi do t\u00eb ishte shp\u00ebtim. Sa m\u00eb par\u00eb q\u00eb t\u00eb fillohet me k\u00ebt\u00eb projekt t\u00eb posedimit t\u00eb dy n\u00ebnshtet\u00ebsive Archives - Lajme nga Ulqini","robots":{"index":"index","follow":"follow","max-snippet":"max-snippet:-1","max-image-preview":"max-image-preview:large","max-video-preview":"max-video-preview:-1"},"canonical":"https:\/\/www.visit-ulcinj.com\/blog\/tag\/por-edhe-per-qytete-te-tjera-te-serbise-dhe-malit-te-zi-do-te-ishte-shpetim-sa-me-pare-qe-te-fillohet-me-kete-projekt-te-posedimit-te-dy-nenshtetesive\/","og_locale":"en_US","og_type":"article","og_title":"por edhe p\u00ebr qytete t\u00eb tjera t\u00eb Serbis\u00eb dhe Malit t\u00eb Zi do t\u00eb ishte shp\u00ebtim. Sa m\u00eb par\u00eb q\u00eb t\u00eb fillohet me k\u00ebt\u00eb projekt t\u00eb posedimit t\u00eb dy n\u00ebnshtet\u00ebsive Archives - Lajme nga Ulqini","og_url":"https:\/\/www.visit-ulcinj.com\/blog\/tag\/por-edhe-per-qytete-te-tjera-te-serbise-dhe-malit-te-zi-do-te-ishte-shpetim-sa-me-pare-qe-te-fillohet-me-kete-projekt-te-posedimit-te-dy-nenshtetesive\/","og_site_name":"Lajme nga Ulqini","schema":{"@context":"https:\/\/schema.org","@graph":[{"@type":"WebSite","@id":"https:\/\/www.visit-ulcinj.com\/blog\/#website","url":"https:\/\/www.visit-ulcinj.com\/blog\/","name":"Lajme nga Ulqini","description":"Lajme,Vijesti,Ulqini,Ulqin,Crna Gora,Mali i Zi","potentialAction":[{"@type":"SearchAction","target":{"@type":"EntryPoint","urlTemplate":"https:\/\/www.visit-ulcinj.com\/blog\/?s={search_term_string}"},"query-input":"required name=search_term_string"}],"inLanguage":"en-US"},{"@type":"CollectionPage","@id":"https:\/\/www.visit-ulcinj.com\/blog\/tag\/por-edhe-per-qytete-te-tjera-te-serbise-dhe-malit-te-zi-do-te-ishte-shpetim-sa-me-pare-qe-te-fillohet-me-kete-projekt-te-posedimit-te-dy-nenshtetesive\/#webpage","url":"https:\/\/www.visit-ulcinj.com\/blog\/tag\/por-edhe-per-qytete-te-tjera-te-serbise-dhe-malit-te-zi-do-te-ishte-shpetim-sa-me-pare-qe-te-fillohet-me-kete-projekt-te-posedimit-te-dy-nenshtetesive\/","name":"por edhe p\u00ebr qytete t\u00eb tjera t\u00eb Serbis\u00eb dhe Malit t\u00eb Zi do t\u00eb ishte shp\u00ebtim. Sa m\u00eb par\u00eb q\u00eb t\u00eb fillohet me k\u00ebt\u00eb projekt t\u00eb posedimit t\u00eb dy n\u00ebnshtet\u00ebsive Archives - Lajme nga Ulqini","isPartOf":{"@id":"https:\/\/www.visit-ulcinj.com\/blog\/#website"},"breadcrumb":{"@id":"https:\/\/www.visit-ulcinj.com\/blog\/tag\/por-edhe-per-qytete-te-tjera-te-serbise-dhe-malit-te-zi-do-te-ishte-shpetim-sa-me-pare-qe-te-fillohet-me-kete-projekt-te-posedimit-te-dy-nenshtetesive\/#breadcrumb"},"inLanguage":"en-US","potentialAction":[{"@type":"ReadAction","target":["https:\/\/www.visit-ulcinj.com\/blog\/tag\/por-edhe-per-qytete-te-tjera-te-serbise-dhe-malit-te-zi-do-te-ishte-shpetim-sa-me-pare-qe-te-fillohet-me-kete-projekt-te-posedimit-te-dy-nenshtetesive\/"]}]},{"@type":"BreadcrumbList","@id":"https:\/\/www.visit-ulcinj.com\/blog\/tag\/por-edhe-per-qytete-te-tjera-te-serbise-dhe-malit-te-zi-do-te-ishte-shpetim-sa-me-pare-qe-te-fillohet-me-kete-projekt-te-posedimit-te-dy-nenshtetesive\/#breadcrumb","itemListElement":[{"@type":"ListItem","position":1,"name":"por edhe p\u00ebr qytete t\u00eb tjera t\u00eb Serbis\u00eb dhe Malit t\u00eb Zi do t\u00eb ishte shp\u00ebtim. Sa m\u00eb par\u00eb q\u00eb t\u00eb fillohet me k\u00ebt\u00eb projekt t\u00eb posedimit t\u00eb dy n\u00ebnshtet\u00ebsive"}]}]}},"_links":{"self":[{"href":"https:\/\/www.visit-ulcinj.com\/blog\/wp-json\/wp\/v2\/tags\/8162"}],"collection":[{"href":"https:\/\/www.visit-ulcinj.com\/blog\/wp-json\/wp\/v2\/tags"}],"about":[{"href":"https:\/\/www.visit-ulcinj.com\/blog\/wp-json\/wp\/v2\/taxonomies\/post_tag"}],"wp:post_type":[{"href":"https:\/\/www.visit-ulcinj.com\/blog\/wp-json\/wp\/v2\/posts?tags=8162"}],"curies":[{"name":"wp","href":"https:\/\/api.w.org\/{rel}","templated":true}]}}