{"id":1585,"date":"2014-05-23T06:27:06","date_gmt":"2014-05-23T06:27:06","guid":{"rendered":"http:\/\/www.visit-ulcinj.com\/sr\/?p=1585"},"modified":"2014-05-23T06:27:06","modified_gmt":"2014-05-23T06:27:06","slug":"dom-wakacyjny-kraja-ulcinj-czarnogora-od-6-e","status":"publish","type":"post","link":"https:\/\/www.visit-ulcinj.com\/sr\/dom-wakacyjny-kraja-ulcinj-czarnogora-od-6-e\/","title":{"rendered":"Dom Wakacyjny Kraja Ulcinj Czarnog\u00f3ra od 6 \u20ac"},"content":{"rendered":"<p><strong><a href=\"http:\/\/www.visit-ulcinj.com\/sr\/dom-wakacyjny-kraja-ulcinj-czarnogora-od-6-e\/dom-wakacyjny-kraja-ulcinj-czarnogora\/\" rel=\"attachment wp-att-1586\"><img loading=\"lazy\" class=\"alignnone  wp-image-1586\" alt=\"Dom-Wakacyjny-Kraja Ulcinj-Czarnogora\" src=\"http:\/\/www.visit-ulcinj.com\/sr\/wp-content\/uploads\/2014\/05\/Dom-Wakacyjny-Kraja-Ulcinj-Czarnogora.jpg\" width=\"640\" height=\"365\" \/><\/a><\/strong><\/p>\n<p><strong>Serdecznie zapraszamy na wspania\u0142y wypoczynek do domu Kraja<\/strong><br \/>\nDom go\u015bcinny &#8220;Kraja&#8221; znajduje si\u0119 nad du\u017c\u0105 pla\u017c\u0105 w Ulcinj niedaleko FKK wyspy Ada Bojona. Ta najpopularniejsza piaseczna pla\u017ca Ulcnij Riviera rozci\u0105ga si\u0119 przez 13 km i jest najpi\u0119kniejsz\u0105 pla\u017c\u0105 w ca\u0142ym Montenegro.<\/p>\n<p><strong>Wyposa\u017cenie<\/strong><br \/>\nDom Kraja oferuje du\u017ce, szerokie nowoczesne pokoje z dwoma balkonami, widoczno\u015b\u0107 na ogr\u00f3d. W pokojach znajduje si\u0119 mini kuchnia z lod\u00f3wk\u0105, \u0142azienka, TV Satelitarna, Internet wifi, klimatyzacja.<br \/>\nBezp\u0142atny parking na terenie domu.<br \/>\nOczywi\u015bcie nie zapomnieli\u015bmy o naszych najm\u0142odszych go\u015bciach ogr\u00f3d z hu\u015btawk\u0105 i zje\u017cd\u017calni\u0105 stoi do dyspozycji.<\/p>\n<p><strong>Sklepy i restauracje<\/strong><br \/>\nNajbli\u017cszy Supermarket znajduje si\u0119 50 m od domu Kraja oko\u0142o 500 m s\u0105 restauracje lokalnego jedzenia<br \/>\nSpis restauracji w okolicy:<br \/>\nRestauracja Kalimera &#8211; ryby morskie oraz kuchnia w\u0142oska<br \/>\nOtrant restauracja<br \/>\nLovac restauracja<br \/>\nPizzernia Corona<br \/>\nPizzernia Antike- ryby morskie oraz kuchnia w\u0142oska<br \/>\nRestauracja &amp; Pizzernia South Beach- ryby morskie oraz kuchnia w\u0142oska<br \/>\nRestauracja &amp; Pizzernia Lukas- ryby morskie oraz kuchnia w\u0142oska<\/p>\n<p>Pla\u017ca MCM i Safari Beach znajduj\u0105 si\u0119 1000m od domu i s\u0105 wyr\u00f3\u017cniona niebiesk\u0105 flag\u0105. Pla\u017ca Tropican Beach i Copacabana Beach s\u0105 oko\u0142o 1500 m od domu.<\/p>\n<p><strong>Service<\/strong><br \/>\nZa niewielk\u0105 op\u0142at\u0105 stoi do dyspozycji:<br \/>\nPralka, suszarka, \u017celazko<br \/>\nZwierz\u0119ta<br \/>\nNiestety zwierz\u0119ta s\u0105 niedozwolone<\/p>\n<p>Check in od 7:00 do 0:00<br \/>\nCheck out od 7:00 do 10:00<\/p>\n<p><strong>Rezygnacja<\/strong><br \/>\nRezygnacja z rezerwacji jest mo\u017cliwa najp\u00f3\u017aniej 24 godzinny przed terminem przyjazdu ale tylko do godzinny 18:00<\/p>\n<p><strong>Zap\u0142ata<\/strong><br \/>\n20% zaliczki<br \/>\n80% najp\u00f3\u017aniej 14 dni przed terminem przyjazdu<\/p>\n<p><strong>Przelew pieni\u0119\u017cny<\/strong><br \/>\n<strong> PayPal<\/strong><br \/>\n<strong> <a href=\"https:\/\/overview.mail.yahoo.com?.src=iOS\" target=\"_blank\"><br \/>\n<\/a><\/strong><\/p>\n","protected":false},"excerpt":{"rendered":"<p>Serdecznie zapraszamy na wspania\u0142y wypoczynek do domu Kraja Dom go\u015bcinny &#8220;Kraja&#8221; znajduje si\u0119 nad du\u017c\u0105 pla\u017c\u0105 w Ulcinj niedaleko FKK wyspy Ada Bojona. Ta najpopularniejsza piaseczna pla\u017ca Ulcnij Riviera rozci\u0105ga si\u0119 przez 13 km i jest najpi\u0119kniejsz\u0105 pla\u017c\u0105 w ca\u0142ym Montenegro. Wyposa\u017cenie Dom Kraja oferuje du\u017ce, szerokie nowoczesne pokoje z dwoma balkonami, widoczno\u015b\u0107 na ogr\u00f3d. [&hellip;]<\/p>\n","protected":false},"author":2,"featured_media":1586,"comment_status":"open","ping_status":"closed","sticky":false,"template":"","format":"standard","meta":[],"categories":[233],"tags":[],"_links":{"self":[{"href":"https:\/\/www.visit-ulcinj.com\/sr\/wp-json\/wp\/v2\/posts\/1585"}],"collection":[{"href":"https:\/\/www.visit-ulcinj.com\/sr\/wp-json\/wp\/v2\/posts"}],"about":[{"href":"https:\/\/www.visit-ulcinj.com\/sr\/wp-json\/wp\/v2\/types\/post"}],"author":[{"embeddable":true,"href":"https:\/\/www.visit-ulcinj.com\/sr\/wp-json\/wp\/v2\/users\/2"}],"replies":[{"embeddable":true,"href":"https:\/\/www.visit-ulcinj.com\/sr\/wp-json\/wp\/v2\/comments?post=1585"}],"version-history":[{"count":2,"href":"https:\/\/www.visit-ulcinj.com\/sr\/wp-json\/wp\/v2\/posts\/1585\/revisions"}],"predecessor-version":[{"id":1588,"href":"https:\/\/www.visit-ulcinj.com\/sr\/wp-json\/wp\/v2\/posts\/1585\/revisions\/1588"}],"wp:featuredmedia":[{"embeddable":true,"href":"https:\/\/www.visit-ulcinj.com\/sr\/wp-json\/wp\/v2\/media\/1586"}],"wp:attachment":[{"href":"https:\/\/www.visit-ulcinj.com\/sr\/wp-json\/wp\/v2\/media?parent=1585"}],"wp:term":[{"taxonomy":"category","embeddable":true,"href":"https:\/\/www.visit-ulcinj.com\/sr\/wp-json\/wp\/v2\/categories?post=1585"},{"taxonomy":"post_tag","embeddable":true,"href":"https:\/\/www.visit-ulcinj.com\/sr\/wp-json\/wp\/v2\/tags?post=1585"}],"curies":[{"name":"wp","href":"https:\/\/api.w.org\/{rel}","templated":true}]}}