{"id":1607,"date":"2014-06-13T11:23:37","date_gmt":"2014-06-13T11:23:37","guid":{"rendered":"http:\/\/www.visit-ulcinj.com\/sr\/?p=1607"},"modified":"2022-06-13T10:51:43","modified_gmt":"2022-06-13T10:51:43","slug":"olcso-elszallasolas-ulcinj-montenegro-7e-nap","status":"publish","type":"post","link":"https:\/\/www.visit-ulcinj.com\/sr\/olcso-elszallasolas-ulcinj-montenegro-7e-nap\/","title":{"rendered":"Olcs\u00f3 elsz\u00e1ll\u00e1sol\u00e1s Ulcinj Montenegr\u00f3 7\u20ac &#8211; nap"},"content":{"rendered":"<h6><span style=\"color: #ffffff;\">Montenegro-sz\u00e1ll\u00e1s,Montenegr\u00f3, Ulcinj,montenegr\u00f3i apartman, homokos strand, tengerparti sz\u00e1ll\u00e1s, tengerparti nyaral\u00e1s, nyaral\u00e1s Montenegr\u00f3ban, sz\u00e1ll\u00e1s Montenegr\u00f3ban, Montenegr\u00f3 utaz\u00e1s,Sz\u00e1ll\u00e1sok,Ulcinj apartman Montenegr\u00f3,sz\u00e1ll\u00e1s, Montenegr\u00f3 utaz\u00e1s,<\/span><\/h6>\n<p><a href=\"http:\/\/www.visit-ulcinj.com\/sr\/olcso-elszallasolas-ulcinj-montenegro-7e-nap\/olcso-szallas-akcios-szallasok-ulcinj-montenegroi\/\" rel=\"attachment wp-att-1608\"><img loading=\"lazy\" class=\"alignnone wp-image-1608\" src=\"http:\/\/www.visit-ulcinj.com\/sr\/wp-content\/uploads\/2014\/06\/Olcs\u00f3-sz\u00e1ll\u00e1s-akci\u00f3s-sz\u00e1ll\u00e1sok-Ulcinj-Montenegr\u00f3i-.jpg\" alt=\"Olcs\u00f3-sz\u00e1ll\u00e1s-akci\u00f3s-sz\u00e1ll\u00e1sok-Ulcinj-Montenegr\u00f3i-\" width=\"640\" height=\"360\" \/><\/a><\/p>\n<p><strong><strong>Mobil: +382+ Viber<\/strong><\/strong><\/p>\n<p>A Holiday House k\u00e9nyelmes elhelyez\u00e9st k\u00edn\u00e1l az egy\u00e9nek, valamint a p\u00e1rok \u00e9s csal\u00e1dok sz\u00e1m\u00e1ra. K\u00f6zel van a legk\u00f6zelebbi homokos strandt\u00f3l.<\/p>\n<p>A Holiday House sz\u00e1ll\u00e1shelye Ulcinj v\u00e1ros\u00e1ban, a n\u00e9pszer\u0171 Velika Pla\u017ea homokos strandt\u00f3l csup\u00e1n 900 m\u00e9terre helyezkedik el. Vend\u00e9geit ingyenes Wi-Fi-vel, d\u00edjmentes parkol\u00e1si lehet\u0151s\u00e9ggel, l\u00e9gkondicion\u00e1lt sz\u00e1ll\u00e1sokkal, teraszos kerttel, valamint szabadt\u00e9ri.<\/p>\n<p>A st\u00fadi\u00f3k \u00fcl\u0151sarokkal ell\u00e1tott erk\u00e9llyel vagy terasszal, konyhasarokkal,priv\u00e1t f\u00fcrd\u0151szob\u00e1val rendelkeznek.<\/p>\n<p>A sz\u00e1ll\u00e1shelyt\u0151l az \u00e9lelmiszerbolt 300 m\u00e9terre, Ulcinj v\u00e1rosk\u00f6zpontja 3 km-re, a hegy tetej\u00e9n tal\u00e1lhat\u00f3, tengerpartra n\u00e9z\u0151 \u00f3v\u00e1ros 4,5 km-re, a ritka mad\u00e1rfajair\u00f3l h\u00edres \u0160a\u0161ko-t\u00f3 pedig 6 km-re fekszik.<\/p>\n<p>A Holiday House\u00a0 Ulcinj buszp\u00e1lyaudvara 4 km-re, Bar vas\u00fat\u00e1llom\u00e1sa \u00e9s kompkik\u00f6t\u0151je 25 km-re, Podgorica nemzetk\u00f6zi rep\u00fcl\u0151tere pedig 70 km-re helyezkedik el &#8211; \u00e9s Tivat &#8211; Porto Montenegro 80 km-re- Dubrovnik nemzetk\u00f6zi rep\u00fcl\u0151tere 120 km-re.<\/p>\n<p>\u00d6r\u00fcl\u00fcnk, hogy fontolja meg a vend\u00e9gek k\u00edv\u00e1ns\u00e1gait, \u00e9s kezelj\u00fck ezeket mindig bar\u00e1ts\u00e1gos \u00e9s udvarias. \u00d6r\u00f6mmel \u00fcdv\u00f6z\u00f6lj\u00fck \u00d6nt szem\u00e9lyesen itt van!<\/p>\n<p>\u00c9ttermek k\u00f6zel Nyaral\u00e1s a H\u00e1z;<br \/>\n\u00c9tterem Saranda Beach F\u00f6ldk\u00f6zi \u00e9teleket, hal \u00e9s olasz specialitete<br \/>\n\u00c9tterem Pizz\u00e9ria Antika hal \u00e9s olasz specialitete<br \/>\n\u00c9tterem Kalimera, hal \u00e9s olasz specialitetee<br \/>\n\u00c9tterem Otranto a F\u00f6ldk\u00f6zi-konyha<br \/>\n\u00c9tteremLovac a F\u00f6ldk\u00f6zi-konyha<\/p>\n<p>A legszebb strandok Ulcinj: Ada Bojana nudista &#8211; naturista strand, Lux Beach, Tony Grill Beach, Eur\u00f3pa Beach, Safari Beach, MCM Beach, Tropicana Beach, Coco Beach, Saranda Beach, White Beach, Copacabana Beach, Mojito Beach, Albatros Beach , nudista &#8211; naturista strand Albatros, Sapore di Mare Beach, Royal Beach, Aquarius Beach, kis strand, Liman Beach, Valdanos Beach, Ivana Beach, Tampico Beach, Adriatica Beach, Ibiza Beach Dolcinium Kite Surf Beach, Miami Beach, Noki Beach, Ladies naturista strand (N\u0151k naturista strand).<\/p>\n<p>L\u00e1togasson el hozz\u00e1nk, ha azt szeretn\u00e9nk, hogy felejthetetlen \u00e9s \u00e9lvezetes nyaral\u00e1s.<\/p>\n<div><object width=\"490\" height=\"405\" classid=\"clsid:d27cdb6e-ae6d-11cf-96b8-444553540000\" codebase=\"http:\/\/download.macromedia.com\/pub\/shockwave\/cabs\/flash\/swflash.cab#version=6,0,40,0\"><param name=\"allowFullScreen\" value=\"true\" \/><param name=\"allowScriptAccess\" value=\"always\" \/><param name=\"src\" value=\"http:\/\/www.dailymotion.com\/swf\/x1yc78_copacabana-ulqiniulcinj_ads&amp;autoPlay=1&amp;related=1\" \/><param name=\"allowfullscreen\" value=\"true\" \/><param name=\"allowscriptaccess\" value=\"always\" \/><embed width=\"490\" height=\"405\" type=\"application\/x-shockwave-flash\" src=\"http:\/\/www.dailymotion.com\/swf\/x1yc78_copacabana-ulqiniulcinj_ads&amp;autoPlay=1&amp;related=1\" allowfullscreen=\"allowfullscreen\" allowscriptaccess=\"always\" allowfullscreen=\"allowfullscreen\" allowscriptaccess=\"always\" \/><\/object><\/div>\n","protected":false},"excerpt":{"rendered":"<p>Montenegro-sz\u00e1ll\u00e1s,Montenegr\u00f3, Ulcinj,montenegr\u00f3i apartman, homokos strand, tengerparti sz\u00e1ll\u00e1s, tengerparti nyaral\u00e1s, nyaral\u00e1s Montenegr\u00f3ban, sz\u00e1ll\u00e1s Montenegr\u00f3ban, Montenegr\u00f3 utaz\u00e1s,Sz\u00e1ll\u00e1sok,Ulcinj apartman Montenegr\u00f3,sz\u00e1ll\u00e1s, Montenegr\u00f3 utaz\u00e1s, Mobil: +382+ Viber A Holiday House k\u00e9nyelmes elhelyez\u00e9st k\u00edn\u00e1l az egy\u00e9nek, valamint a p\u00e1rok \u00e9s csal\u00e1dok sz\u00e1m\u00e1ra. K\u00f6zel van a legk\u00f6zelebbi homokos strandt\u00f3l. A Holiday House sz\u00e1ll\u00e1shelye Ulcinj v\u00e1ros\u00e1ban, a n\u00e9pszer\u0171 Velika Pla\u017ea homokos strandt\u00f3l csup\u00e1n [&hellip;]<\/p>\n","protected":false},"author":2,"featured_media":1608,"comment_status":"open","ping_status":"closed","sticky":false,"template":"","format":"standard","meta":[],"categories":[233],"tags":[],"_links":{"self":[{"href":"https:\/\/www.visit-ulcinj.com\/sr\/wp-json\/wp\/v2\/posts\/1607"}],"collection":[{"href":"https:\/\/www.visit-ulcinj.com\/sr\/wp-json\/wp\/v2\/posts"}],"about":[{"href":"https:\/\/www.visit-ulcinj.com\/sr\/wp-json\/wp\/v2\/types\/post"}],"author":[{"embeddable":true,"href":"https:\/\/www.visit-ulcinj.com\/sr\/wp-json\/wp\/v2\/users\/2"}],"replies":[{"embeddable":true,"href":"https:\/\/www.visit-ulcinj.com\/sr\/wp-json\/wp\/v2\/comments?post=1607"}],"version-history":[{"count":17,"href":"https:\/\/www.visit-ulcinj.com\/sr\/wp-json\/wp\/v2\/posts\/1607\/revisions"}],"predecessor-version":[{"id":2126,"href":"https:\/\/www.visit-ulcinj.com\/sr\/wp-json\/wp\/v2\/posts\/1607\/revisions\/2126"}],"wp:featuredmedia":[{"embeddable":true,"href":"https:\/\/www.visit-ulcinj.com\/sr\/wp-json\/wp\/v2\/media\/1608"}],"wp:attachment":[{"href":"https:\/\/www.visit-ulcinj.com\/sr\/wp-json\/wp\/v2\/media?parent=1607"}],"wp:term":[{"taxonomy":"category","embeddable":true,"href":"https:\/\/www.visit-ulcinj.com\/sr\/wp-json\/wp\/v2\/categories?post=1607"},{"taxonomy":"post_tag","embeddable":true,"href":"https:\/\/www.visit-ulcinj.com\/sr\/wp-json\/wp\/v2\/tags?post=1607"}],"curies":[{"name":"wp","href":"https:\/\/api.w.org\/{rel}","templated":true}]}}