{"id":1694,"date":"2014-07-13T14:03:16","date_gmt":"2014-07-13T14:03:16","guid":{"rendered":"http:\/\/www.visit-ulcinj.com\/sr\/?p=1694"},"modified":"2022-06-13T10:50:17","modified_gmt":"2022-06-13T10:50:17","slug":"szallas-apartman-szalloda-hotel-apartmanhaz-panzio-lakas-haz-ulcinj-montenegro","status":"publish","type":"post","link":"https:\/\/www.visit-ulcinj.com\/sr\/szallas-apartman-szalloda-hotel-apartmanhaz-panzio-lakas-haz-ulcinj-montenegro\/","title":{"rendered":"Sz\u00e1ll\u00e1s, apartman, sz\u00e1lloda, hotel, apartmanh\u00e1z, panzi\u00f3, lak\u00e1s, h\u00e1z Ulcinj \u2013 Montenegr\u00f3"},"content":{"rendered":"<p><a href=\"http:\/\/www.visit-ulcinj.com\/sr\/szallas-apartman-szalloda-hotel-apartmanhaz-panzio-lakas-haz-ulcinj-montenegro\/szallas-apartman-szalloda-hotel-apartmanhaz-panzio-lakas-haz-ulcinj-montenegro\/\" rel=\"attachment wp-att-1695\"><img loading=\"lazy\" class=\"alignnone wp-image-1695\" src=\"http:\/\/www.visit-ulcinj.com\/sr\/wp-content\/uploads\/2014\/07\/Sz\u00e1ll\u00e1s-apartman-sz\u00e1lloda-hotel-apartmanh\u00e1z-panzi\u00f3-lak\u00e1s-h\u00e1z-Ulcinj-\u2013-Montenegr\u00f3.jpg\" alt=\"Sz\u00e1ll\u00e1s, apartman, sz\u00e1lloda, hotel, apartmanh\u00e1z, panzi\u00f3, lak\u00e1s, h\u00e1z Ulcinj \u2013 Montenegr\u00f3\" width=\"640\" height=\"360\" \/><\/a><br \/>\nI n f o<\/p>\n<p><strong>Mobil: +382 + Viber<br \/>\n<\/strong><\/p>\n<p><a href=\"skype:mirsadaselita01?call\"><img loading=\"lazy\" class=\"alignleft size-full wp-image-3933\" src=\"http:\/\/www.visit-ulcinj.com\/wp-content\/uploads\/skype.jpg\" alt=\"skype\" width=\"121\" height=\"91\" \/><\/a><br \/>\n<strong><em><br \/>\n<\/em><\/strong><br \/>\nA hossz\u00fa, homokos Velika Plaza strandt\u00f3l 10 perc s\u00e9t\u00e1ra tal\u00e1lhat\u00f3 Holiday House ingyenes Wi-Fi-vel, b\u00fatorozott erk\u00e9llyel, l\u00e9gkondicion\u00e1lt szob\u00e1kkal, valamint kertj\u00e9re n\u00e9z\u0151 erk\u00e9llyel is rendelkeznek.<\/p>\n<p>A st\u00fadi\u00f3k \u00e9s apartmanok ell\u00e1tott erk\u00e9llyel vagy terasszal, teljesen felszerelt konyhasarokkal, valamint zuhanyz\u00f3s, priv\u00e1t f\u00fcrd\u0151szob\u00e1val rendelkeznek.<\/p>\n<p><a href=\"http:\/\/www.visit-ulcinj.com\/sr\/szallas-apartman-szalloda-hotel-apartmanhaz-panzio-lakas-haz-ulcinj-montenegro\/szallas-apartman-szalloda-hotel-apartmanhaz-panzio-lakas-haz-ulcinj-montenegro-1\/\" rel=\"attachment wp-att-1696\"><img loading=\"lazy\" class=\"alignnone wp-image-1696\" src=\"http:\/\/www.visit-ulcinj.com\/sr\/wp-content\/uploads\/2014\/07\/Sz\u00e1ll\u00e1s-apartman-sz\u00e1lloda-hotel-apartmanh\u00e1z-panzi\u00f3-lak\u00e1s-h\u00e1z-Ulcinj-\u2013-Montenegr\u00f3-1.jpg\" alt=\"Sz\u00e1ll\u00e1s, apartman, sz\u00e1lloda, hotel, apartmanh\u00e1z, panzi\u00f3, lak\u00e1s, h\u00e1z Ulcinj \u2013 Montenegr\u00f3-1\" width=\"640\" height=\"365\" \/><\/a><\/p>\n<p>A 13 km hossz\u00fa Velika Plaza strand sz\u00e1mos v\u00edzi sportol\u00e1si lehet\u0151s\u00e9get \u00e9s egy\u00e9b tev\u00e9kenys\u00e9get ny\u00fajt, a strand n\u00e9pszer\u0171 Saranda strandon negyede 900 m\u00e9terre fekszik, illetve az azonos t\u00e1vols\u00e1gra l\u00e9v\u0151 White Beach strandon, Copacabana strandon, Safari strandon, Bora-Bora strandon, Ada Bojana naturist strandon, Lux strandon, Tony Grill strandon, Europa strandon, strandon MCM Beach, strandon Tropicana, strandon Coco beach, strandon Mojito, strandon Tampico, strandon Adriatika, Dolcinium Kite Surf strandon, strandon Miami, strandon Noki,sikl\u00f3erny\u0151s sz\u00f6rf\u00f6z\u00e9sre ny\u00edlik lehet\u0151s\u00e9g.<\/p>\n<p>A sz\u00e1ll\u00e1shelyt\u0151l az \u00e9lelmiszerbolt 500 m\u00e9terre, Ulcinj v\u00e1rosk\u00f6zpontja 4 km-re.<\/p>\n<p>Bar kik\u00f6t\u0151je 30 percre fekszik aut\u00f3val. A Skadarsko Jezero Nemzeti Park 60 percnyi aut\u00f3\u00fatra van Ulcinj t\u0151l.<\/p>\n<p>A helysz\u00ednen ingyenes parkol\u00e1si lehet\u0151s\u00e9g biztos\u00edt\u00f3 sz\u00e1ll\u00e1shelyt\u0151l Ulcinj v\u00e1rosa 4 km-re, Podgorica \u00e9s Tivat rep\u00fcl\u0151tere pedig egyar\u00e1nt 75 km-re fekszik.<\/p>\n<p><iframe loading=\"lazy\" src=\"\/\/www.dailymotion.com\/embed\/video\/x1yc78?autoPlay=1\" width=\"640\" height=\"360\" frameborder=\"0\" allowfullscreen=\"allowfullscreen\"><\/iframe><br \/>\n<span style=\"color: #ffffff;\">Ulcinj \u2013 Montenegr\u00f3 apartmanok, horv\u00e1torsz\u00e1gi sz\u00e1ll\u00e1sok, olcs\u00f3 sz\u00e1ll\u00e1sok Ulcinj \u2013 Montenegr\u00f3, foglaljon hprv\u00e1torsz\u00e1gi apartmant, sz\u00e1ll\u00e1st k\u00f6zvetlen a tulajdonost\u00f3l, Magyarorsz\u00e1gi sz\u00e1ll\u00e1sok, magyarorsz\u00e1gi apartmanok, panzi\u00f3k, magyarorsz\u00e1g, Montenegr\u00f3, montenegr\u00f3i apartmanok, montenegr\u00f3i sz\u00e1ll\u00e1sok, Erd\u00e9ly, erd\u00e9lyi sz\u00e1ll\u00e1sok, panzi\u00f3k apartmanok Erd\u00e9lyben, Bosznia Hercegovina, boszniai sz\u00e1ll\u00e1sok apartmanok, panzi\u00f3k, Szerbia, szerbiai apartmanok, sz\u00e1ll\u00e1sok Szerbi\u00e1ban. Szlovemia, szlov\u00e9niai, sz\u00e1ll\u00e1s, apartman, Szlov\u00e9ni\u00e1ban, Maced\u00f3nia, sz\u00e1ll\u00e1sok maced\u00f3niai apartmanok, Maced\u00f3ni\u00e1ban, Ukrajna sz\u00e1ll\u00e1sok, ukrajnai apartmanok,<\/span><\/p>\n","protected":false},"excerpt":{"rendered":"<p>I n f o Mobil: +382 + Viber A hossz\u00fa, homokos Velika Plaza strandt\u00f3l 10 perc s\u00e9t\u00e1ra tal\u00e1lhat\u00f3 Holiday House ingyenes Wi-Fi-vel, b\u00fatorozott erk\u00e9llyel, l\u00e9gkondicion\u00e1lt szob\u00e1kkal, valamint kertj\u00e9re n\u00e9z\u0151 erk\u00e9llyel is rendelkeznek. A st\u00fadi\u00f3k \u00e9s apartmanok ell\u00e1tott erk\u00e9llyel vagy terasszal, teljesen felszerelt konyhasarokkal, valamint zuhanyz\u00f3s, priv\u00e1t f\u00fcrd\u0151szob\u00e1val rendelkeznek. A 13 km hossz\u00fa Velika Plaza strand [&hellip;]<\/p>\n","protected":false},"author":2,"featured_media":1695,"comment_status":"open","ping_status":"closed","sticky":false,"template":"","format":"standard","meta":[],"categories":[233],"tags":[],"_links":{"self":[{"href":"https:\/\/www.visit-ulcinj.com\/sr\/wp-json\/wp\/v2\/posts\/1694"}],"collection":[{"href":"https:\/\/www.visit-ulcinj.com\/sr\/wp-json\/wp\/v2\/posts"}],"about":[{"href":"https:\/\/www.visit-ulcinj.com\/sr\/wp-json\/wp\/v2\/types\/post"}],"author":[{"embeddable":true,"href":"https:\/\/www.visit-ulcinj.com\/sr\/wp-json\/wp\/v2\/users\/2"}],"replies":[{"embeddable":true,"href":"https:\/\/www.visit-ulcinj.com\/sr\/wp-json\/wp\/v2\/comments?post=1694"}],"version-history":[{"count":7,"href":"https:\/\/www.visit-ulcinj.com\/sr\/wp-json\/wp\/v2\/posts\/1694\/revisions"}],"predecessor-version":[{"id":2123,"href":"https:\/\/www.visit-ulcinj.com\/sr\/wp-json\/wp\/v2\/posts\/1694\/revisions\/2123"}],"wp:featuredmedia":[{"embeddable":true,"href":"https:\/\/www.visit-ulcinj.com\/sr\/wp-json\/wp\/v2\/media\/1695"}],"wp:attachment":[{"href":"https:\/\/www.visit-ulcinj.com\/sr\/wp-json\/wp\/v2\/media?parent=1694"}],"wp:term":[{"taxonomy":"category","embeddable":true,"href":"https:\/\/www.visit-ulcinj.com\/sr\/wp-json\/wp\/v2\/categories?post=1694"},{"taxonomy":"post_tag","embeddable":true,"href":"https:\/\/www.visit-ulcinj.com\/sr\/wp-json\/wp\/v2\/tags?post=1694"}],"curies":[{"name":"wp","href":"https:\/\/api.w.org\/{rel}","templated":true}]}}