{"id":1868,"date":"2015-05-02T10:50:08","date_gmt":"2015-05-02T10:50:08","guid":{"rendered":"http:\/\/www.visit-ulcinj.com\/sr\/?p=1868"},"modified":"2015-05-02T11:33:10","modified_gmt":"2015-05-02T11:33:10","slug":"karamanaga-pocetak-turisticke-sezone-u-ulcinj-sklonite-svoja-vozila-sa-pristana","status":"publish","type":"post","link":"https:\/\/www.visit-ulcinj.com\/sr\/karamanaga-pocetak-turisticke-sezone-u-ulcinj-sklonite-svoja-vozila-sa-pristana\/","title":{"rendered":"Karamanaga: Po\u010detak turisti\u010dke sezone u Ulcinj &#8211; Sklonite svoja vozila sa Pristana"},"content":{"rendered":"<p><a href=\"http:\/\/www.visit-ulcinj.com\/sr\/wp-content\/uploads\/2015\/05\/Pocetak-turisticke-sezone-u-Ulcinj-2.jpg\" rel=\"attachment wp-att-1869\"><img loading=\"lazy\" class=\"alignnone wp-image-1869\" src=\"http:\/\/www.visit-ulcinj.com\/sr\/wp-content\/uploads\/2015\/05\/Pocetak-turisticke-sezone-u-Ulcinj-2.jpg\" alt=\"Pocetak turisticke sezone u Ulcinj-2\" width=\"600\" height=\"450\" srcset=\"https:\/\/www.visit-ulcinj.com\/sr\/wp-content\/uploads\/2015\/05\/Pocetak-turisticke-sezone-u-Ulcinj-2.jpg 960w, https:\/\/www.visit-ulcinj.com\/sr\/wp-content\/uploads\/2015\/05\/Pocetak-turisticke-sezone-u-Ulcinj-2-300x225.jpg 300w\" sizes=\"(max-width: 600px) 100vw, 600px\" \/><\/a>01.05.2015.<br \/>\nZvani\u010dan po\u010detak turisti\u010dke sezone kod nas u Ulcinju protekao je u uobi\u010dajenom ritmu. Zahvaljuju\u0107i TO Ulcinja, koja je bila organizator manifestacije &#8220;Svi za turizam&#8221; do\u0161lo je puno turista i gostiju iz regiona koje je do\u010dekalo lijepo i toplo vrijeme. Na ulicama, posebno na Maloj Pla\u017ei i na \u0161etali\u0161tu imali ste osje\u0107aj , kao da je prava sezona. Zvani\u010dno su otvorene pla\u017ee, tako da su se mnogi doga\u0111aji, kulturne manifestacije, kao i okupljanja mladih uz muzi\u010dke programe, odr\u017eavali i jo\u0161 uvijek se odr\u017eavaju na svim njenim dijelovima.<\/p>\n<p><a href=\"http:\/\/www.visit-ulcinj.com\/sr\/karamanaga-pocetak-turisticke-sezone-u-ulcinj-sklonite-svoja-vozila-sa-pristana\/pocetak-turisticke-sezone-u-ulcinj-1\/\" rel=\"attachment wp-att-1870\"><img loading=\"lazy\" class=\"alignnone wp-image-1870\" src=\"http:\/\/www.visit-ulcinj.com\/sr\/wp-content\/uploads\/2015\/05\/Pocetak-turisticke-sezone-u-Ulcinj-1.jpg\" alt=\"Pocetak turisticke sezone u Ulcinj-1\" width=\"600\" height=\"450\" srcset=\"https:\/\/www.visit-ulcinj.com\/sr\/wp-content\/uploads\/2015\/05\/Pocetak-turisticke-sezone-u-Ulcinj-1.jpg 960w, https:\/\/www.visit-ulcinj.com\/sr\/wp-content\/uploads\/2015\/05\/Pocetak-turisticke-sezone-u-Ulcinj-1-300x225.jpg 300w\" sizes=\"(max-width: 600px) 100vw, 600px\" \/><\/a><\/p>\n<p>Posebno je bilo interesantno na Adi, ali i na drugim mjestima i sve je to u\u010dinjelo da nam grad izgleda kao u pravoj turisti\u010dkoj sezoni. U starom gradu u sklopu manifestacije&#8221;Svi za turizam&#8221; organizovana je promocija jednog filma o slikarima iz regiona koji su kroz svoje slike na svojim platnima, ispri\u010dali istoriju Ulcinja. Bio je to dio jednog Projekta koji je organizovala &#8221; Kolonija slikara&#8221; uz pomo\u0107 predsjednika Op\u0161tine Ulcinj.<\/p>\n<p><a href=\"http:\/\/www.visit-ulcinj.com\/sr\/karamanaga-pocetak-turisticke-sezone-u-ulcinj-sklonite-svoja-vozila-sa-pristana\/pocetak-turisticke-sezone-u-ulcinj-3\/\" rel=\"attachment wp-att-1871\"><img loading=\"lazy\" class=\"alignnone wp-image-1871\" src=\"http:\/\/www.visit-ulcinj.com\/sr\/wp-content\/uploads\/2015\/05\/Pocetak-turisticke-sezone-u-Ulcinj-3.jpg\" alt=\"Pocetak turisticke sezone u Ulcinj-3\" width=\"600\" height=\"450\" srcset=\"https:\/\/www.visit-ulcinj.com\/sr\/wp-content\/uploads\/2015\/05\/Pocetak-turisticke-sezone-u-Ulcinj-3.jpg 960w, https:\/\/www.visit-ulcinj.com\/sr\/wp-content\/uploads\/2015\/05\/Pocetak-turisticke-sezone-u-Ulcinj-3-300x225.jpg 300w\" sizes=\"(max-width: 600px) 100vw, 600px\" \/><\/a><br \/>\nMe\u0111utim, fotografije koje sam napravio na Promenadi i ispred Male Pla\u017ee, govore i o jednoj pojavi, koja godinama prati na\u0161 turizam. Veliki broj vozila, svih vrsta i svih kategorija sliva se skoro nekontrolisano prema Promenadi stvaraju\u0107i nepotrebnu gu\u017evu, zauzimaju\u0107i prostor pje\u0161acima i majkama sa djecom.\u010cak ni &#8220;inertni&#8221; organi reda nijesu htjeli ili nijesu uspjeli da odr\u017ee red, smatraju\u0107i da je Op\u0161tina ta koja mora donijeti zabranu kretanja i parkiranaja u nekim dijelovima. Me\u0111utim, auta i motori parkirani na trotoariu kr\u0161e zakon i propise o kretanju i parkiranju motornih vozila.<\/p>\n<p><a href=\"http:\/\/www.visit-ulcinj.com\/sr\/karamanaga-pocetak-turisticke-sezone-u-ulcinj-sklonite-svoja-vozila-sa-pristana\/sklonite-vozila-sa-pristana-ulcinj\/\" rel=\"attachment wp-att-1872\"><img loading=\"lazy\" class=\"alignnone wp-image-1872\" src=\"http:\/\/www.visit-ulcinj.com\/sr\/wp-content\/uploads\/2015\/05\/Sklonite-vozila-sa-Pristana-Ulcinj.jpg\" alt=\"Sklonite-vozila-sa-Pristana-Ulcinj\" width=\"600\" height=\"450\" srcset=\"https:\/\/www.visit-ulcinj.com\/sr\/wp-content\/uploads\/2015\/05\/Sklonite-vozila-sa-Pristana-Ulcinj.jpg 960w, https:\/\/www.visit-ulcinj.com\/sr\/wp-content\/uploads\/2015\/05\/Sklonite-vozila-sa-Pristana-Ulcinj-300x225.jpg 300w\" sizes=\"(max-width: 600px) 100vw, 600px\" \/><\/a><\/p>\n<p>No, bilo kako bilo, bilo bi dobro da se saobra\u0107aj u potpunosti zabrani u nekim dijelovima grada, osim za prioritetna vozila, mora se uvesti red i disciplina u saobra\u0107aju, ukoliko ho\u0107emo pravi turizam. Da ironija bude jo\u0161 ve\u0107a, vozila su uglavnom sa UL tablicama i u njima uglavnom se vozikalu mladi. Za informaciju \u010ditaocima fcb. \u010ditava ulica po kojoj bi morali da se kre\u0107u pje\u0161aci, dakle i ovi na automobilima je duga\u010dka 1000. metara, dok je promenada duga\u010dka samo 300. metara. Za sav civilizovani svijet ovaj dio bi bio prioritetan samo za pje\u0161ake, za njihov mir i njihovu sigurnost. Ovo je samo jedna dobronamjerna kritika, \u010dovjeka koji voli svoj grad i koji \u017eeli da se ovon gradu vrati makar dio onog starog turizma.<\/p>\n<p><strong><a href=\"https:\/\/www.facebook.com\/ismet.karamanaga\/posts\/10206460923546093\" target=\"_blank\"><span class=\"fcg\"><span class=\"fwb\">Ismet Karamanaga <\/span><\/span>Facebook<\/a><\/strong><\/p>\n<p><a href=\"http:\/\/www.visit-ulcinj.com\/sr\/karamanaga-pocetak-turisticke-sezone-u-ulcinj-sklonite-svoja-vozila-sa-pristana\/largoni-automjetet-nga-rana-ulqin\/\" rel=\"attachment wp-att-1876\"><img loading=\"lazy\" class=\"alignnone wp-image-1876\" src=\"http:\/\/www.visit-ulcinj.com\/sr\/wp-content\/uploads\/2015\/05\/Largoni-automjetet-nga-Rana-Ulqin.jpg\" alt=\"Largoni-automjetet-nga-Rana-Ulqin\" width=\"600\" height=\"450\" srcset=\"https:\/\/www.visit-ulcinj.com\/sr\/wp-content\/uploads\/2015\/05\/Largoni-automjetet-nga-Rana-Ulqin.jpg 960w, https:\/\/www.visit-ulcinj.com\/sr\/wp-content\/uploads\/2015\/05\/Largoni-automjetet-nga-Rana-Ulqin-300x225.jpg 300w\" sizes=\"(max-width: 600px) 100vw, 600px\" \/><\/a><\/p>\n","protected":false},"excerpt":{"rendered":"<p>01.05.2015. Zvani\u010dan po\u010detak turisti\u010dke sezone kod nas u Ulcinju protekao je u uobi\u010dajenom ritmu. Zahvaljuju\u0107i TO Ulcinja, koja je bila organizator manifestacije &#8220;Svi za turizam&#8221; do\u0161lo je puno turista i gostiju iz regiona koje je do\u010dekalo lijepo i toplo vrijeme. Na ulicama, posebno na Maloj Pla\u017ei i na \u0161etali\u0161tu imali ste osje\u0107aj , kao da [&hellip;]<\/p>\n","protected":false},"author":2,"featured_media":1872,"comment_status":"open","ping_status":"closed","sticky":false,"template":"","format":"standard","meta":[],"categories":[234,233],"tags":[],"_links":{"self":[{"href":"https:\/\/www.visit-ulcinj.com\/sr\/wp-json\/wp\/v2\/posts\/1868"}],"collection":[{"href":"https:\/\/www.visit-ulcinj.com\/sr\/wp-json\/wp\/v2\/posts"}],"about":[{"href":"https:\/\/www.visit-ulcinj.com\/sr\/wp-json\/wp\/v2\/types\/post"}],"author":[{"embeddable":true,"href":"https:\/\/www.visit-ulcinj.com\/sr\/wp-json\/wp\/v2\/users\/2"}],"replies":[{"embeddable":true,"href":"https:\/\/www.visit-ulcinj.com\/sr\/wp-json\/wp\/v2\/comments?post=1868"}],"version-history":[{"count":4,"href":"https:\/\/www.visit-ulcinj.com\/sr\/wp-json\/wp\/v2\/posts\/1868\/revisions"}],"predecessor-version":[{"id":1877,"href":"https:\/\/www.visit-ulcinj.com\/sr\/wp-json\/wp\/v2\/posts\/1868\/revisions\/1877"}],"wp:featuredmedia":[{"embeddable":true,"href":"https:\/\/www.visit-ulcinj.com\/sr\/wp-json\/wp\/v2\/media\/1872"}],"wp:attachment":[{"href":"https:\/\/www.visit-ulcinj.com\/sr\/wp-json\/wp\/v2\/media?parent=1868"}],"wp:term":[{"taxonomy":"category","embeddable":true,"href":"https:\/\/www.visit-ulcinj.com\/sr\/wp-json\/wp\/v2\/categories?post=1868"},{"taxonomy":"post_tag","embeddable":true,"href":"https:\/\/www.visit-ulcinj.com\/sr\/wp-json\/wp\/v2\/tags?post=1868"}],"curies":[{"name":"wp","href":"https:\/\/api.w.org\/{rel}","templated":true}]}}