{"id":1878,"date":"2015-05-09T17:17:07","date_gmt":"2015-05-09T17:17:07","guid":{"rendered":"http:\/\/www.visit-ulcinj.com\/sr\/?p=1878"},"modified":"2015-05-09T17:17:07","modified_gmt":"2015-05-09T17:17:07","slug":"valorizacija-kulturne-bastine-citadele-ulcinja","status":"publish","type":"post","link":"https:\/\/www.visit-ulcinj.com\/sr\/valorizacija-kulturne-bastine-citadele-ulcinja\/","title":{"rendered":"Valorizacija kulturne ba\u0161tine Citadele Ulcinja"},"content":{"rendered":"<p><a href=\"http:\/\/www.visit-ulcinj.com\/sr\/valorizacija-kulturne-bastine-citadele-ulcinja\/valorizacija-citadele-ulcinja\/\" rel=\"attachment wp-att-1879\"><img loading=\"lazy\" class=\"alignnone wp-image-1879\" src=\"http:\/\/www.visit-ulcinj.com\/sr\/wp-content\/uploads\/2015\/05\/Valorizacija-Citadele-Ulcinja.jpg\" alt=\"Valorizacija-Citadele-Ulcinja\" width=\"600\" height=\"428\" srcset=\"https:\/\/www.visit-ulcinj.com\/sr\/wp-content\/uploads\/2015\/05\/Valorizacija-Citadele-Ulcinja.jpg 1024w, https:\/\/www.visit-ulcinj.com\/sr\/wp-content\/uploads\/2015\/05\/Valorizacija-Citadele-Ulcinja-300x214.jpg 300w\" sizes=\"(max-width: 600px) 100vw, 600px\" \/><\/a>Valorizacija kulturne ba\u0161tine u Crnoj Gori je jedan od osnovnih ciljeva Fondacije. Citadela u Ulcinju predstavlja jedan od najbogatijih spomenika crnogorske kulturne ba\u0161tine.<span id=\"more-3105\"><\/span><\/p>\n<p><strong>Prezentacija studije Citadela Starog grada<\/strong><\/p>\n<p>U Palati \u201cVenecija\u201d u Ulcinju Fondacija je 5. maja organizovala predstavljanje studije Citadele Starog grada, koju su pod rukovodstvom poznatog francuskog arhitekte za istorijske spomenike Ben\u017eamina Mutona, realizovali njegove mla\u0111e kolege Etjen Bartelemi i Kristofer Rodolos.<br \/>\nPrezentaciji su prisustvovali predstavnici Ministarstva kulture, ambasadori Francuske, Austije i Turske, kao i predstavnici NVO sektora.<\/p>\n<p><a href=\"http:\/\/www.visit-ulcinj.com\/sr\/valorizacija-kulturne-bastine-citadele-ulcinja\/french-architects-municipality-of-ulcinj-foundation-petrovic-njegos-ulcinj-montenegro\/\" rel=\"attachment wp-att-1880\"><img loading=\"lazy\" class=\"alignnone wp-image-1880\" src=\"http:\/\/www.visit-ulcinj.com\/sr\/wp-content\/uploads\/2015\/05\/French-architects-Municipality-of-Ulcinj-Foundation-Petrovic-Njegos-Ulcinj-Montenegro-.jpg\" alt=\"French-architects-Municipality of Ulcinj-Foundation-Petrovic Njegos-Ulcinj-Montenegro-\" width=\"600\" height=\"339\" srcset=\"https:\/\/www.visit-ulcinj.com\/sr\/wp-content\/uploads\/2015\/05\/French-architects-Municipality-of-Ulcinj-Foundation-Petrovic-Njegos-Ulcinj-Montenegro-.jpg 1024w, https:\/\/www.visit-ulcinj.com\/sr\/wp-content\/uploads\/2015\/05\/French-architects-Municipality-of-Ulcinj-Foundation-Petrovic-Njegos-Ulcinj-Montenegro--300x169.jpg 300w\" sizes=\"(max-width: 600px) 100vw, 600px\" \/><\/a><\/p>\n<p>Cilj prezentacije i diskusije koja je uslijedila bio je prilago\u0111avanje razli\u010ditih prijedloga, evaluacija njihove izvodljivosti, ali i identifikovanje partnera koji mogu da doprinesu nastavku studije, razli\u010ditim projektima i akcijama koji se u kratkom roku mogu realizovati.<br \/>\nAutori studije su ovom prilikom predlo\u017eili da se pri lokalnoj upravi formira kancelarija za arhitekturu, koja bi se posebno bavila Starim gradom. Naglasili su da je cilj studije kako rekonstrukcija tog jedinstvenog prostora, tako i njegova kvalitetnija valorizacija za kulturne i ekonomske potrebe.<\/p>\n<p>Izrada studije dio je projekta restauracije, valorizacije i odr\u017eivosti Akropolja Ulcinja koji Fondacija realizuje u saradnji sa Op\u0161tinom Ulcinj i uz podr\u0161ku Ministarstva kulture.<\/p>\n<p><a href=\"http:\/\/www.visit-ulcinj.com\/sr\/valorizacija-kulturne-bastine-citadele-ulcinja\/valorizacija-citadele-ulcinja-1\/\" rel=\"attachment wp-att-1881\"><img loading=\"lazy\" class=\"alignnone wp-image-1881\" src=\"http:\/\/www.visit-ulcinj.com\/sr\/wp-content\/uploads\/2015\/05\/Valorizacija-Citadele-Ulcinja-1.jpg\" alt=\"Valorizacija- Citadele-Ulcinja-1\" width=\"600\" height=\"424\" srcset=\"https:\/\/www.visit-ulcinj.com\/sr\/wp-content\/uploads\/2015\/05\/Valorizacija-Citadele-Ulcinja-1.jpg 710w, https:\/\/www.visit-ulcinj.com\/sr\/wp-content\/uploads\/2015\/05\/Valorizacija-Citadele-Ulcinja-1-300x212.jpg 300w\" sizes=\"(max-width: 600px) 100vw, 600px\" \/><\/a><\/p>\n<p><strong>Radionica o kulturnom naslje\u0111u<\/strong><\/p>\n<p>Nakon okruglog stola koji je odr\u017ean u novembru 2013. godine ( vidjeti tekst \u201cJedan dan za kulturnu ba\u0161tinu\u201d), Fondacija je dala preliminarnu studiju o\u010duvanja i valorizacije ulcinjske citadele, u saradnji sa francuskim arhitektama na \u010dijem \u010delu je prvi arhitekta za istorijske spomenike i predsjednik ICOMOS-a u Francuskoj, gospodin Ben\u017eamen Muton.<\/p>\n<p><a href=\"http:\/\/www.visit-ulcinj.com\/sr\/valorizacija-kulturne-bastine-citadele-ulcinja\/french-architects-municipality-of-ulcinj-foundation-petrovic-njegos-ulcinj-montenegro-2\/\" rel=\"attachment wp-att-1882\"><img loading=\"lazy\" class=\"alignnone wp-image-1882\" src=\"http:\/\/www.visit-ulcinj.com\/sr\/wp-content\/uploads\/2015\/05\/French-architects-Municipality-of-Ulcinj-Foundation-Petrovic-Njegos-Ulcinj-Montenegro-2.jpg\" alt=\"French-architects-Municipality of Ulcinj-Foundation-Petrovic Njegos-Ulcinj-Montenegro-2\" width=\"600\" height=\"429\" srcset=\"https:\/\/www.visit-ulcinj.com\/sr\/wp-content\/uploads\/2015\/05\/French-architects-Municipality-of-Ulcinj-Foundation-Petrovic-Njegos-Ulcinj-Montenegro-2.jpg 700w, https:\/\/www.visit-ulcinj.com\/sr\/wp-content\/uploads\/2015\/05\/French-architects-Municipality-of-Ulcinj-Foundation-Petrovic-Njegos-Ulcinj-Montenegro-2-300x214.jpg 300w\" sizes=\"(max-width: 600px) 100vw, 600px\" \/><\/a><\/p>\n<p>U maju 2014. godine, Fondacija je organizovala radionicu sa dvoje arhitekata \u0161kole \u201c\u0160ajo\u201d iz Pariza, Kristofer Rodolos i Etjen Bartelemi, koji su pod mentorstvom Ben\u017eamena Mutona i sa svojim crnogorskim kolegama napravili urbanisti\u010dku i arhitektonsku studiju Starog grada u okvirima njegovih zidina.<\/p>\n<p>Prije po\u010detka radionice odr\u017ean je sastanak sa upravom Op\u0161tine Ulcinj kako bi se zajedni\u010dki pripremio i isplanirao nastavak radova. Prezentacija radova i predloga koji su rezultat radionice je predvi\u0111ena za maj 2015. godine, nakon \u010dega \u0107e se odr\u017eati i okrugli sto sa glavnim partnerima. Ovo \u0107e biti prilika i za javnu diskusiju koja \u0107e omogu\u0107iti podizanje svijesti stanovnika o kulturnom, ali i ekonomskom zna\u010daju koji ima o\u010duvanje i valorizacija njihove ba\u0161tine.<\/p>\n<p><strong>Izvor: Fondacija Petrovi\u0107 Njego\u0161<\/strong><\/p>\n<p><iframe loading=\"lazy\" width=\"600\" height=\"360\" src=\"https:\/\/www.youtube.com\/embed\/bMI6hb3YOpw\" frameborder=\"0\" allowfullscreen><\/iframe><\/p>\n","protected":false},"excerpt":{"rendered":"<p>Valorizacija kulturne ba\u0161tine u Crnoj Gori je jedan od osnovnih ciljeva Fondacije. Citadela u Ulcinju predstavlja jedan od najbogatijih spomenika crnogorske kulturne ba\u0161tine. Prezentacija studije Citadela Starog grada U Palati \u201cVenecija\u201d u Ulcinju Fondacija je 5. maja organizovala predstavljanje studije Citadele Starog grada, koju su pod rukovodstvom poznatog francuskog arhitekte za istorijske spomenike Ben\u017eamina Mutona, [&hellip;]<\/p>\n","protected":false},"author":2,"featured_media":1879,"comment_status":"open","ping_status":"closed","sticky":false,"template":"","format":"standard","meta":[],"categories":[231,233],"tags":[],"_links":{"self":[{"href":"https:\/\/www.visit-ulcinj.com\/sr\/wp-json\/wp\/v2\/posts\/1878"}],"collection":[{"href":"https:\/\/www.visit-ulcinj.com\/sr\/wp-json\/wp\/v2\/posts"}],"about":[{"href":"https:\/\/www.visit-ulcinj.com\/sr\/wp-json\/wp\/v2\/types\/post"}],"author":[{"embeddable":true,"href":"https:\/\/www.visit-ulcinj.com\/sr\/wp-json\/wp\/v2\/users\/2"}],"replies":[{"embeddable":true,"href":"https:\/\/www.visit-ulcinj.com\/sr\/wp-json\/wp\/v2\/comments?post=1878"}],"version-history":[{"count":2,"href":"https:\/\/www.visit-ulcinj.com\/sr\/wp-json\/wp\/v2\/posts\/1878\/revisions"}],"predecessor-version":[{"id":1884,"href":"https:\/\/www.visit-ulcinj.com\/sr\/wp-json\/wp\/v2\/posts\/1878\/revisions\/1884"}],"wp:featuredmedia":[{"embeddable":true,"href":"https:\/\/www.visit-ulcinj.com\/sr\/wp-json\/wp\/v2\/media\/1879"}],"wp:attachment":[{"href":"https:\/\/www.visit-ulcinj.com\/sr\/wp-json\/wp\/v2\/media?parent=1878"}],"wp:term":[{"taxonomy":"category","embeddable":true,"href":"https:\/\/www.visit-ulcinj.com\/sr\/wp-json\/wp\/v2\/categories?post=1878"},{"taxonomy":"post_tag","embeddable":true,"href":"https:\/\/www.visit-ulcinj.com\/sr\/wp-json\/wp\/v2\/tags?post=1878"}],"curies":[{"name":"wp","href":"https:\/\/api.w.org\/{rel}","templated":true}]}}