{"id":1889,"date":"2015-06-08T16:14:26","date_gmt":"2015-06-08T16:14:26","guid":{"rendered":"http:\/\/www.visit-ulcinj.com\/sr\/?p=1889"},"modified":"2015-06-08T16:14:26","modified_gmt":"2015-06-08T16:14:26","slug":"pocela-turisticka-sezona-za-ulcinjske-hotele","status":"publish","type":"post","link":"https:\/\/www.visit-ulcinj.com\/sr\/pocela-turisticka-sezona-za-ulcinjske-hotele\/","title":{"rendered":"Po\u010dela turisti\u010dka sezona za ulcinjske hotele"},"content":{"rendered":"<p><strong><a href=\"http:\/\/www.visit-ulcinj.com\/sr\/pocela-turisticka-sezona-za-ulcinjske-hotele\/turizam-ulcinja\/\" rel=\"attachment wp-att-1890\"><img loading=\"lazy\" class=\"alignnone size-full wp-image-1890\" src=\"http:\/\/www.visit-ulcinj.com\/sr\/wp-content\/uploads\/2015\/06\/Turizam-Ulcinja.jpg\" alt=\"Turizam-Ulcinja\" width=\"650\" height=\"300\" srcset=\"https:\/\/www.visit-ulcinj.com\/sr\/wp-content\/uploads\/2015\/06\/Turizam-Ulcinja.jpg 650w, https:\/\/www.visit-ulcinj.com\/sr\/wp-content\/uploads\/2015\/06\/Turizam-Ulcinja-300x138.jpg 300w\" sizes=\"(max-width: 650px) 100vw, 650px\" \/><\/a>Dana\u0161nji dan, 6. jun, mogao bi se ozna\u010diti kao po\u010detak prave sezone u ulcinjskim hotelima. U hotele Ulcinjske rivijere po\u010dinju da dolaze ve\u0107e grupe gostiju, dok u \u201ePalati Venecija\u201c i \u201eDvorima Bal\u0161i\u0107a\u201c u Starom gradu do sredine septembra ne\u0107e biti praznih soba.<\/strong><\/p>\n<p>\u201eOd danas u na\u0161e hotele na Velikoj pla\u017ei i Adi po\u010dinju da dolaze ve\u0107e grupe gostiju i tako \u0107e, po rezervacijama koje imamo, biti do kraja septembra\u201c, ka\u017ee portparolka Hotelsko-turisti\u010dkog preduze\u0107a \u201eUlcinjska rivijera\u201c Ana \u017divanovi\u0107.<\/p>\n<p>Jo\u0161 precizniji su u kompaniji \u201eReal Estate\u201c, koja upravlja luksuznim apartmanima \u201ePalata Venecija\u201c i \u201eDvori Bal\u0161i\u0107a\u201c u Starom gradu. \u201eOd danas pa do 19. septembra kod nas ne\u0107e biti praznih soba\u201c, navodi menad\u017eer te kompanije \u0106azim Resulbegovi\u0107.<\/p>\n<p>U ovim kompanijama je u prvih pet mjeseci ove godine ostvareno za tre\u0107inu vi\u0161e no\u0107enja nego u istom periodu lani.<\/p>\n<p>Izvor: TVCG<\/p>\n","protected":false},"excerpt":{"rendered":"<p>Dana\u0161nji dan, 6. jun, mogao bi se ozna\u010diti kao po\u010detak prave sezone u ulcinjskim hotelima. U hotele Ulcinjske rivijere po\u010dinju da dolaze ve\u0107e grupe gostiju, dok u \u201ePalati Venecija\u201c i \u201eDvorima Bal\u0161i\u0107a\u201c u Starom gradu do sredine septembra ne\u0107e biti praznih soba. \u201eOd danas u na\u0161e hotele na Velikoj pla\u017ei i Adi po\u010dinju da dolaze [&hellip;]<\/p>\n","protected":false},"author":2,"featured_media":1890,"comment_status":"open","ping_status":"closed","sticky":false,"template":"","format":"standard","meta":[],"categories":[232,233],"tags":[],"_links":{"self":[{"href":"https:\/\/www.visit-ulcinj.com\/sr\/wp-json\/wp\/v2\/posts\/1889"}],"collection":[{"href":"https:\/\/www.visit-ulcinj.com\/sr\/wp-json\/wp\/v2\/posts"}],"about":[{"href":"https:\/\/www.visit-ulcinj.com\/sr\/wp-json\/wp\/v2\/types\/post"}],"author":[{"embeddable":true,"href":"https:\/\/www.visit-ulcinj.com\/sr\/wp-json\/wp\/v2\/users\/2"}],"replies":[{"embeddable":true,"href":"https:\/\/www.visit-ulcinj.com\/sr\/wp-json\/wp\/v2\/comments?post=1889"}],"version-history":[{"count":2,"href":"https:\/\/www.visit-ulcinj.com\/sr\/wp-json\/wp\/v2\/posts\/1889\/revisions"}],"predecessor-version":[{"id":1892,"href":"https:\/\/www.visit-ulcinj.com\/sr\/wp-json\/wp\/v2\/posts\/1889\/revisions\/1892"}],"wp:featuredmedia":[{"embeddable":true,"href":"https:\/\/www.visit-ulcinj.com\/sr\/wp-json\/wp\/v2\/media\/1890"}],"wp:attachment":[{"href":"https:\/\/www.visit-ulcinj.com\/sr\/wp-json\/wp\/v2\/media?parent=1889"}],"wp:term":[{"taxonomy":"category","embeddable":true,"href":"https:\/\/www.visit-ulcinj.com\/sr\/wp-json\/wp\/v2\/categories?post=1889"},{"taxonomy":"post_tag","embeddable":true,"href":"https:\/\/www.visit-ulcinj.com\/sr\/wp-json\/wp\/v2\/tags?post=1889"}],"curies":[{"name":"wp","href":"https:\/\/api.w.org\/{rel}","templated":true}]}}