{"id":1893,"date":"2015-06-08T16:22:27","date_gmt":"2015-06-08T16:22:27","guid":{"rendered":"http:\/\/www.visit-ulcinj.com\/sr\/?p=1893"},"modified":"2015-06-08T16:22:46","modified_gmt":"2015-06-08T16:22:46","slug":"letnja-sezona-ulcinja-koja-obecava","status":"publish","type":"post","link":"https:\/\/www.visit-ulcinj.com\/sr\/letnja-sezona-ulcinja-koja-obecava\/","title":{"rendered":"Letnja sezona Ulcinja, koja obe\u0107ava"},"content":{"rendered":"<p><a href=\"http:\/\/www.visit-ulcinj.com\/sr\/letnja-sezona-ulcinja-koja-obecava\/letnja-sezona-ulcinja\/\" rel=\"attachment wp-att-1894\"><img loading=\"lazy\" class=\"alignnone wp-image-1894\" src=\"http:\/\/www.visit-ulcinj.com\/sr\/wp-content\/uploads\/2015\/06\/Letnja-sezona-Ulcinja.jpg\" alt=\"Letnja sezona Ulcinja\" width=\"640\" height=\"461\" srcset=\"https:\/\/www.visit-ulcinj.com\/sr\/wp-content\/uploads\/2015\/06\/Letnja-sezona-Ulcinja.jpg 800w, https:\/\/www.visit-ulcinj.com\/sr\/wp-content\/uploads\/2015\/06\/Letnja-sezona-Ulcinja-300x216.jpg 300w\" sizes=\"(max-width: 640px) 100vw, 640px\" \/><\/a>Na jugu i sjeveru dr\u017eave turisti\u010dki radnici zadovoljni su trenutnom posjetom turista i optimisti\u010dno do\u010dekuju glavni dio sezone.<\/p>\n<p>Turisti\u010dka sezona u Budvi i Ulcinju po\u010dela je neo\u010dekivano dobro. Lijepo vrijeme i kvalitet usluga ugostitelja privla\u010de sve vi\u0161e turista, pa je u metropolia turizma trenutno \u0161est odsto vi\u0161e posjetilaca nego u isto vrijeme pro\u0161le godine.<\/p>\n<p>I Ulcinj bilje\u017ei porast broja turista, a turisti\u010dki poslenici se, ka\u017eu, s razlogom nadaju uspje\u0161noj sezoni.<\/p>\n<p><strong>Dijana Dra\u0161kovi\u0107<\/strong><\/p>\n<p><strong> TVCG<\/strong><\/p>\n","protected":false},"excerpt":{"rendered":"<p>Na jugu i sjeveru dr\u017eave turisti\u010dki radnici zadovoljni su trenutnom posjetom turista i optimisti\u010dno do\u010dekuju glavni dio sezone. Turisti\u010dka sezona u Budvi i Ulcinju po\u010dela je neo\u010dekivano dobro. Lijepo vrijeme i kvalitet usluga ugostitelja privla\u010de sve vi\u0161e turista, pa je u metropolia turizma trenutno \u0161est odsto vi\u0161e posjetilaca nego u isto vrijeme pro\u0161le godine. I [&hellip;]<\/p>\n","protected":false},"author":2,"featured_media":1894,"comment_status":"open","ping_status":"closed","sticky":false,"template":"","format":"standard","meta":[],"categories":[232,233],"tags":[],"_links":{"self":[{"href":"https:\/\/www.visit-ulcinj.com\/sr\/wp-json\/wp\/v2\/posts\/1893"}],"collection":[{"href":"https:\/\/www.visit-ulcinj.com\/sr\/wp-json\/wp\/v2\/posts"}],"about":[{"href":"https:\/\/www.visit-ulcinj.com\/sr\/wp-json\/wp\/v2\/types\/post"}],"author":[{"embeddable":true,"href":"https:\/\/www.visit-ulcinj.com\/sr\/wp-json\/wp\/v2\/users\/2"}],"replies":[{"embeddable":true,"href":"https:\/\/www.visit-ulcinj.com\/sr\/wp-json\/wp\/v2\/comments?post=1893"}],"version-history":[{"count":3,"href":"https:\/\/www.visit-ulcinj.com\/sr\/wp-json\/wp\/v2\/posts\/1893\/revisions"}],"predecessor-version":[{"id":1897,"href":"https:\/\/www.visit-ulcinj.com\/sr\/wp-json\/wp\/v2\/posts\/1893\/revisions\/1897"}],"wp:featuredmedia":[{"embeddable":true,"href":"https:\/\/www.visit-ulcinj.com\/sr\/wp-json\/wp\/v2\/media\/1894"}],"wp:attachment":[{"href":"https:\/\/www.visit-ulcinj.com\/sr\/wp-json\/wp\/v2\/media?parent=1893"}],"wp:term":[{"taxonomy":"category","embeddable":true,"href":"https:\/\/www.visit-ulcinj.com\/sr\/wp-json\/wp\/v2\/categories?post=1893"},{"taxonomy":"post_tag","embeddable":true,"href":"https:\/\/www.visit-ulcinj.com\/sr\/wp-json\/wp\/v2\/tags?post=1893"}],"curies":[{"name":"wp","href":"https:\/\/api.w.org\/{rel}","templated":true}]}}