{"id":1944,"date":"2016-08-20T16:24:46","date_gmt":"2016-08-20T16:24:46","guid":{"rendered":"http:\/\/www.visit-ulcinj.com\/sr\/?p=1944"},"modified":"2016-08-20T16:29:29","modified_gmt":"2016-08-20T16:29:29","slug":"ulcinj-film-festival-seanema-2016","status":"publish","type":"post","link":"https:\/\/www.visit-ulcinj.com\/sr\/ulcinj-film-festival-seanema-2016\/","title":{"rendered":"Ulcinj Film Festival Seanema 2016"},"content":{"rendered":"<p><a href=\"http:\/\/www.visit-ulcinj.com\/sr\/ulcinj-film-festival-seanema-2016\/ulcinj-film-festival-seanema-2016-2\/\" rel=\"attachment wp-att-1949\"><img loading=\"lazy\" class=\"alignnone wp-image-1949\" src=\"http:\/\/www.visit-ulcinj.com\/sr\/wp-content\/uploads\/2016\/08\/Ulcinj-Film-Festival-Seanema-2016.jpg\" alt=\"Ulcinj Film Festival Seanema 2016\" width=\"620\" height=\"868\" srcset=\"https:\/\/www.visit-ulcinj.com\/sr\/wp-content\/uploads\/2016\/08\/Ulcinj-Film-Festival-Seanema-2016.jpg 700w, https:\/\/www.visit-ulcinj.com\/sr\/wp-content\/uploads\/2016\/08\/Ulcinj-Film-Festival-Seanema-2016-214x300.jpg 214w\" sizes=\"(max-width: 620px) 100vw, 620px\" \/><\/a>Ulcinj, 20. avgust, 2016 \u2013 Filmski festival Seanema ove godine bilje\u017ei svoje drugo izdanje koje \u0107e se odr\u017eati od 15. do 18. septembara, 2016. Realizaciju ovog projekta zapo\u010dela je neprofitabilna organizacija iACT (\u201cJa djelujem\u201d) u septembru pro\u0161le godine donose\u0107i tako jedan sasvim nov dogadjaj na kulturnu scenu Ulcinja tokom ljetnje sezone.<\/p>\n<p>Festival Seanema pa\u017enju publike usmerava na razne vrste aktuelnih dru\u0161tvenih problematika sa ciljem da je informi\u0161e i osvijesti u vezi sa fenomenima koji naru\u0161avaju socijani mir i ekonomsku stabilnost u zemlji, region i \u0161ire.<\/p>\n<p>Podsje\u0107amo da su se u okviru festivala pro\u0161le godine tretirale dvije teme, borba protiv korupcije i vladavina prava. Kroz projekcije dokumentarnih filmova i propratne panel diskusije publika je imala priliku da se bli\u017ee upozna sa ovim dru\u0161tvenim fenomenima i da o njima diskutuje sa poznatim i renomiranim nau\u010dnim radnicim i akademicima iz raznih oblasti, poput nauke, umjetnosti, civilnog dru\u0161tva i politike.<\/p>\n<p>Ove godine filmski festival Seanema se bavi temom borbe protiv rodne neravnopravnosti i nasilnog vjerskog ekstremizma. NVO iACT te\u017ei da usmjeri pa\u017enju gledalaca na procjep koji postoji u javnom diskursu kada je rije\u010d o ovim dru\u0161tvenim fenomenima.<\/p>\n<p>Koliko je na\u0161e dru\u0161tvo osvije\u0161\u0107eno kada je u pitanju (nedostatak) emancipacija na\u0161ih djevojaka i \u017eena, kao i da li postoji kolektivna svijest o na\u010dinu na koji rodna ravnopravnost uru\u0161ava su\u0161tinski napredak dru\u0161tva? Koje je korake potrebno preduzeti u cilju bolje emancipovanosti mladih djevojaka i \u017eena? Da li je u tu svrhu dovoljno uklju\u010divanje institucionalne podr\u0161ke i mehanizama, poput promotivnih politika u cilju pove\u0107anja rodne ravnopravnosti?<\/p>\n<p>Tako\u0111e \u0107e biti rije\u010di o nasilnom (vjerskom) ektremizmu, fenomenu koji od skoro ugro\u017eava politi\u010dku sigurnost i stabilnost i razvijenih zemljama zapada.<\/p>\n<p>Koliko je na\u0161a omladina sklona podlijeganju pod uticaj raznih vjerskih struja ili sekti\u00ad? Koliko je na\u0161e dru\u0161tvo sa svojom kuturom vjere vi\u010dno da se uzdigne iznad ovih fenomena? Da li smo i koliko upoznati sa drugim uzrocima koji potsti\u010du nasilno pona\u0161anje do ekstremnih granica?<\/p>\n<p>Tokom festivalskih dana publika \u0107e imati prilike da sa poznatim i renomiranim nau\u010dnim radnicim i akademicima iz raznih oblasti, poput nauke, umjetnosti, politike, teologije, civilnog sektora, diskutuje o ovim i sli\u010dnim temama koje su direktno vezane za rodnu neravnopravnost i nasilni ektremizam,<\/p>\n<p>NVO iACT tako\u0111e poziva sve zainteresovane mlade ljude koji \u017eele da pru\u017ee svoj doprinos organizaciji i realizaciji ovog doga\u0111aja, da se prijave kao volonteri tako \u0161to \u0107e popuniti formular za aplikaciju kojeg mogu na\u0107i na: <a href=\"http:\/\/seanema.me\/call-for-volunteers\/\">http:\/\/seanema.me\/call-for-volunteers\/<\/a><\/p>\n<p>Vidimo se u septembru!<\/p>\n<p><a href=\"http:\/\/www.visit-ulcinj.com\/sr\/ulcinj-film-festival-seanema-2016\/ulcinj-film-festival-seanema-2016-1\/\" rel=\"attachment wp-att-1951\"><img loading=\"lazy\" class=\"alignnone wp-image-1951\" src=\"http:\/\/www.visit-ulcinj.com\/sr\/wp-content\/uploads\/2016\/08\/Ulcinj-Film-Festival-Seanema-2016-1.jpg\" alt=\"Ulcinj Film Festival Seanema 2016-1\" width=\"620\" height=\"716\" srcset=\"https:\/\/www.visit-ulcinj.com\/sr\/wp-content\/uploads\/2016\/08\/Ulcinj-Film-Festival-Seanema-2016-1.jpg 700w, https:\/\/www.visit-ulcinj.com\/sr\/wp-content\/uploads\/2016\/08\/Ulcinj-Film-Festival-Seanema-2016-1-260x300.jpg 260w\" sizes=\"(max-width: 620px) 100vw, 620px\" \/><\/a><\/p>\n","protected":false},"excerpt":{"rendered":"<p>Ulcinj, 20. avgust, 2016 \u2013 Filmski festival Seanema ove godine bilje\u017ei svoje drugo izdanje koje \u0107e se odr\u017eati od 15. do 18. septembara, 2016. Realizaciju ovog projekta zapo\u010dela je neprofitabilna organizacija iACT (\u201cJa djelujem\u201d) u septembru pro\u0161le godine donose\u0107i tako jedan sasvim nov dogadjaj na kulturnu scenu Ulcinja tokom ljetnje sezone. Festival Seanema pa\u017enju publike [&hellip;]<\/p>\n","protected":false},"author":2,"featured_media":1949,"comment_status":"open","ping_status":"closed","sticky":false,"template":"","format":"standard","meta":[],"categories":[234,233],"tags":[],"_links":{"self":[{"href":"https:\/\/www.visit-ulcinj.com\/sr\/wp-json\/wp\/v2\/posts\/1944"}],"collection":[{"href":"https:\/\/www.visit-ulcinj.com\/sr\/wp-json\/wp\/v2\/posts"}],"about":[{"href":"https:\/\/www.visit-ulcinj.com\/sr\/wp-json\/wp\/v2\/types\/post"}],"author":[{"embeddable":true,"href":"https:\/\/www.visit-ulcinj.com\/sr\/wp-json\/wp\/v2\/users\/2"}],"replies":[{"embeddable":true,"href":"https:\/\/www.visit-ulcinj.com\/sr\/wp-json\/wp\/v2\/comments?post=1944"}],"version-history":[{"count":4,"href":"https:\/\/www.visit-ulcinj.com\/sr\/wp-json\/wp\/v2\/posts\/1944\/revisions"}],"predecessor-version":[{"id":1952,"href":"https:\/\/www.visit-ulcinj.com\/sr\/wp-json\/wp\/v2\/posts\/1944\/revisions\/1952"}],"wp:featuredmedia":[{"embeddable":true,"href":"https:\/\/www.visit-ulcinj.com\/sr\/wp-json\/wp\/v2\/media\/1949"}],"wp:attachment":[{"href":"https:\/\/www.visit-ulcinj.com\/sr\/wp-json\/wp\/v2\/media?parent=1944"}],"wp:term":[{"taxonomy":"category","embeddable":true,"href":"https:\/\/www.visit-ulcinj.com\/sr\/wp-json\/wp\/v2\/categories?post=1944"},{"taxonomy":"post_tag","embeddable":true,"href":"https:\/\/www.visit-ulcinj.com\/sr\/wp-json\/wp\/v2\/tags?post=1944"}],"curies":[{"name":"wp","href":"https:\/\/api.w.org\/{rel}","templated":true}]}}