{"id":1954,"date":"2017-06-09T08:14:42","date_gmt":"2017-06-09T08:14:42","guid":{"rendered":"http:\/\/www.visit-ulcinj.com\/sr\/?p=1954"},"modified":"2017-06-09T08:14:42","modified_gmt":"2017-06-09T08:14:42","slug":"vidikovac-i-valdanos","status":"publish","type":"post","link":"https:\/\/www.visit-ulcinj.com\/sr\/vidikovac-i-valdanos\/","title":{"rendered":"Vidikovac i VALDANOS"},"content":{"rendered":"<p><a href=\"http:\/\/www.visit-ulcinj.com\/sr\/vidikovac-i-valdanos\/vidikovac-i-valdanos-ulcinj-montenegro\/\" rel=\"attachment wp-att-1955\"><img loading=\"lazy\" class=\"alignnone wp-image-1955\" src=\"http:\/\/www.visit-ulcinj.com\/sr\/wp-content\/uploads\/2017\/06\/Vidikovac-i-VALDANOS-Ulcinj-Montenegro.jpg\" alt=\"\" width=\"640\" height=\"405\" srcset=\"https:\/\/www.visit-ulcinj.com\/sr\/wp-content\/uploads\/2017\/06\/Vidikovac-i-VALDANOS-Ulcinj-Montenegro.jpg 960w, https:\/\/www.visit-ulcinj.com\/sr\/wp-content\/uploads\/2017\/06\/Vidikovac-i-VALDANOS-Ulcinj-Montenegro-300x190.jpg 300w, https:\/\/www.visit-ulcinj.com\/sr\/wp-content\/uploads\/2017\/06\/Vidikovac-i-VALDANOS-Ulcinj-Montenegro-768x486.jpg 768w\" sizes=\"(max-width: 640px) 100vw, 640px\" \/><\/a><strong><a id=\"js_5xu\" class=\"_hli\" href=\"https:\/\/www.facebook.com\/ismet.karamanaga\" data-hovercard=\"\/ajax\/hovercard\/user.php?id=1359492972\" data-hovercard-prefer-more-content-show=\"1\">Ismet Karamanaga <\/a>Facebook<\/strong><\/p>\n<p>Jedno lijepo i prijatno iznena\u0111enje za sve gra\u0111ane i turiste koji \u017eele da u\u017eivaju u \u010darima Valdanosa, se polako ali, sigurno ocrtava na na\u0161em najljep\u0161em dijelu obale. Nekad smo se ustru\u010davali da prolazimo tim putem, bez obzira \u0161to je vodio kroz maslinadu i najljep\u0161i zaliv na Mediteranu, pa sve do vrha Mavrijana. Velike koli\u010dine \u0161uta , stari fri\u017eideri i razni drugi otpad, koji su nesavjesni gra\u0111ani na\u0161eg grada svakodnevno donosili, k<span class=\"text_exposed_show\">amionima, raznim prikolicama i automobilima davali su sasvim drugu sliku ovoj bo\u017eanstvenoj ljepoti.<br \/>\nJa sam to \u010desto fotografisao, me\u0111utim, zbog principa da se \u00abprlav ve\u0161\u00abostavlja kod ku\u0107e te fotografije nijesam stavljao u internet. Ali, mnogi turisti i jo\u0161 poneko od nas su taj \u00bbprlav ve\u0161\u00ab fotografisali i pokazivali, vjerovatno u nadi da \u0107e nadle\u017eni i nadle\u017ene institucije reagovati.<br \/>\nNaravno, pri\u010dalo se i o tome ali, po mom skromnom mi\u0161ljenju to nije imalo nikakvog efekta, dok su gosti i turisti to na svoj na\u010din komentarisali, \u010desto prepisuju\u0107i sve to balkanaskom mentalitetu. Na\u017ealost, ove nesavjesne gra\u0111ane kod nas niko nije spre\u010davao da to rade, nadle\u017eni su dodu\u0161e opominjali i apelovali, ali, to su termini koji ne vrijede puno za nas i na\u0161 mentalitet.<br \/>\nVeliki broj turista, koji su izbjegavali gu\u017eve koriste\u0107i taj put prema Baru, upravo na tom mjestu iznad Valdanosa, su zaustavljali svoja vozila da bi se divili tom \u010darobnom pogledu na Valdanos , na masline , na more i na njegovo prostranstvo. Na\u017ealost, upravo na mom mjestu su nesavjesni gra\u0111ani donosili otpad. <\/span><\/p>\n<p><a href=\"http:\/\/www.visit-ulcinj.com\/sr\/vidikovac-i-valdanos\/vidikovac-i-valdanos-ulcinj-montenegro-1\/\" rel=\"attachment wp-att-1956\"><img loading=\"lazy\" class=\"alignnone wp-image-1956\" src=\"http:\/\/www.visit-ulcinj.com\/sr\/wp-content\/uploads\/2017\/06\/Vidikovac-i-VALDANOS-Ulcinj-Montenegro-1.jpg\" alt=\"\" width=\"640\" height=\"427\" srcset=\"https:\/\/www.visit-ulcinj.com\/sr\/wp-content\/uploads\/2017\/06\/Vidikovac-i-VALDANOS-Ulcinj-Montenegro-1.jpg 600w, https:\/\/www.visit-ulcinj.com\/sr\/wp-content\/uploads\/2017\/06\/Vidikovac-i-VALDANOS-Ulcinj-Montenegro-1-300x200.jpg 300w\" sizes=\"(max-width: 640px) 100vw, 640px\" \/><\/a><\/p>\n<div class=\"text_exposed_show\">\n<p>Ideja o izgradnji jednog vidikovca je sigurno i ranije postojala. Me\u0111utim, slu\u010dajno ili ne, dolaskom na \u010delu TO Ulcinja g. Fuada HAD\u017dIBETIJA ovo ve\u0107 postaje realnost. Vidikovac finansira TO Ulcinja i siguran sam da je to pravi potez ovog mladog i obrazovanog \u010dovjeka. \u010cujem da \u0107e i na Stegva\u0161u isto tako biti izgra\u0111en vidikovac, ali o tom potom.<\/p>\n<p><a href=\"http:\/\/www.visit-ulcinj.com\/sr\/vidikovac-i-valdanos\/vidikovac-i-valdanos-ulcinj-montenegro-3\/\" rel=\"attachment wp-att-1957\"><img loading=\"lazy\" class=\"alignnone wp-image-1957 size-full\" src=\"http:\/\/www.visit-ulcinj.com\/sr\/wp-content\/uploads\/2017\/06\/Vidikovac-i-VALDANOS-Ulcinj-Montenegro-3.jpg\" alt=\"\" width=\"640\" height=\"342\" srcset=\"https:\/\/www.visit-ulcinj.com\/sr\/wp-content\/uploads\/2017\/06\/Vidikovac-i-VALDANOS-Ulcinj-Montenegro-3.jpg 640w, https:\/\/www.visit-ulcinj.com\/sr\/wp-content\/uploads\/2017\/06\/Vidikovac-i-VALDANOS-Ulcinj-Montenegro-3-300x160.jpg 300w\" sizes=\"(max-width: 640px) 100vw, 640px\" \/><\/a><br \/>\nPrelijep pogled sa tog mjesta je zaista bajkovit i bo\u017eanstven. Izgradnja vidikovca iznad Valdanosa \u0107e sasvim sam siguran eliminisati i otpad. Vjerovatno \u0107e tada imasline jo\u0161 vi\u0161e do\u0107i do izra\u017eaja, ne samo vizuelno, ve\u0107 \u0107e siguran sam i uticati i na nadle\u017ene institucije, da masline vrate zakonitim naslednicima. Opominju ih i mole, ne samo du\u0161e na\u0161ih predaka koji su te masline te\u0161kim radom zaradili, kultivisali i od njih hranili svoje porodice, \u0161kolovali nas, ve\u0107 i du\u0161e ostalih jo\u0161 uvijek \u017eivih ljudi kojima su one prevaru oduzete.<br \/>\nDevetnaest hiljada hiljadugodi\u0161njih stabala maslina je obraslo u korov i makiju, tako da kad ih vidite, zaboli vas du\u0161a i obuhvata bijes i nemo\u0107.<br \/>\nKako, zbog \u010dega i za\u0161to su ostavljene i dovedeno u to stanje te\u0161ko je ljudskom umu razumjeti . Takav nemar i takvu nebrigu ne\u0107e im niko mo\u0107i oprostiti, pa ni svemogu\u0107i Bog.<\/p>\n<p><strong><a id=\"js_5xu\" class=\"_hli\" href=\"https:\/\/www.facebook.com\/ismet.karamanaga\" data-hovercard=\"\/ajax\/hovercard\/user.php?id=1359492972\" data-hovercard-prefer-more-content-show=\"1\">Ismet Karamanaga <\/a>Facebook<\/strong><\/p>\n<p><a href=\"http:\/\/www.visit-ulcinj.com\/sr\/vidikovac-i-valdanos\/vidikovac-i-valdanos-ulcinj-montenegro-2\/\" rel=\"attachment wp-att-1958\"><img loading=\"lazy\" class=\"alignnone wp-image-1958\" src=\"http:\/\/www.visit-ulcinj.com\/sr\/wp-content\/uploads\/2017\/06\/Vidikovac-i-VALDANOS-Ulcinj-Montenegro-2.jpg\" alt=\"\" width=\"640\" height=\"480\" srcset=\"https:\/\/www.visit-ulcinj.com\/sr\/wp-content\/uploads\/2017\/06\/Vidikovac-i-VALDANOS-Ulcinj-Montenegro-2.jpg 960w, https:\/\/www.visit-ulcinj.com\/sr\/wp-content\/uploads\/2017\/06\/Vidikovac-i-VALDANOS-Ulcinj-Montenegro-2-300x225.jpg 300w, https:\/\/www.visit-ulcinj.com\/sr\/wp-content\/uploads\/2017\/06\/Vidikovac-i-VALDANOS-Ulcinj-Montenegro-2-768x576.jpg 768w\" sizes=\"(max-width: 640px) 100vw, 640px\" \/><\/a><\/p>\n<\/div>\n","protected":false},"excerpt":{"rendered":"<p>Ismet Karamanaga Facebook Jedno lijepo i prijatno iznena\u0111enje za sve gra\u0111ane i turiste koji \u017eele da u\u017eivaju u \u010darima Valdanosa, se polako ali, sigurno ocrtava na na\u0161em najljep\u0161em dijelu obale. Nekad smo se ustru\u010davali da prolazimo tim putem, bez obzira \u0161to je vodio kroz maslinadu i najljep\u0161i zaliv na Mediteranu, pa sve do vrha Mavrijana. [&hellip;]<\/p>\n","protected":false},"author":2,"featured_media":1955,"comment_status":"open","ping_status":"closed","sticky":false,"template":"","format":"standard","meta":[],"categories":[233],"tags":[],"_links":{"self":[{"href":"https:\/\/www.visit-ulcinj.com\/sr\/wp-json\/wp\/v2\/posts\/1954"}],"collection":[{"href":"https:\/\/www.visit-ulcinj.com\/sr\/wp-json\/wp\/v2\/posts"}],"about":[{"href":"https:\/\/www.visit-ulcinj.com\/sr\/wp-json\/wp\/v2\/types\/post"}],"author":[{"embeddable":true,"href":"https:\/\/www.visit-ulcinj.com\/sr\/wp-json\/wp\/v2\/users\/2"}],"replies":[{"embeddable":true,"href":"https:\/\/www.visit-ulcinj.com\/sr\/wp-json\/wp\/v2\/comments?post=1954"}],"version-history":[{"count":2,"href":"https:\/\/www.visit-ulcinj.com\/sr\/wp-json\/wp\/v2\/posts\/1954\/revisions"}],"predecessor-version":[{"id":1960,"href":"https:\/\/www.visit-ulcinj.com\/sr\/wp-json\/wp\/v2\/posts\/1954\/revisions\/1960"}],"wp:featuredmedia":[{"embeddable":true,"href":"https:\/\/www.visit-ulcinj.com\/sr\/wp-json\/wp\/v2\/media\/1955"}],"wp:attachment":[{"href":"https:\/\/www.visit-ulcinj.com\/sr\/wp-json\/wp\/v2\/media?parent=1954"}],"wp:term":[{"taxonomy":"category","embeddable":true,"href":"https:\/\/www.visit-ulcinj.com\/sr\/wp-json\/wp\/v2\/categories?post=1954"},{"taxonomy":"post_tag","embeddable":true,"href":"https:\/\/www.visit-ulcinj.com\/sr\/wp-json\/wp\/v2\/tags?post=1954"}],"curies":[{"name":"wp","href":"https:\/\/api.w.org\/{rel}","templated":true}]}}