{"id":1977,"date":"2017-07-02T16:22:28","date_gmt":"2017-07-02T16:22:28","guid":{"rendered":"http:\/\/www.visit-ulcinj.com\/sr\/?p=1977"},"modified":"2017-07-02T16:22:42","modified_gmt":"2017-07-02T16:22:42","slug":"miss-universe-2017-posjetila-ulcinj-dubrovnik-skadar-mostar","status":"publish","type":"post","link":"https:\/\/www.visit-ulcinj.com\/sr\/miss-universe-2017-posjetila-ulcinj-dubrovnik-skadar-mostar\/","title":{"rendered":"Miss Universe 2017 posjetila Ulcinj, Dubrovnik, Skadar, Mostar"},"content":{"rendered":"<p><a href=\"http:\/\/www.visit-ulcinj.com\/sr\/miss-universe-2017-posjetila-ulcinj-dubrovnik-skadar-mostar\/miss-universe-2017-ne-pushim-ulqin-shkoder-dubrovnik-mostar\/\" rel=\"attachment wp-att-1978\"><img loading=\"lazy\" class=\"alignnone wp-image-1978\" src=\"http:\/\/www.visit-ulcinj.com\/sr\/wp-content\/uploads\/2017\/07\/Miss-Universe-2017-n\u00eb-pushim-Ulqin-Shkod\u00ebr-Dubrovnik-Mostar-.jpg\" alt=\"\" width=\"640\" height=\"480\" srcset=\"https:\/\/www.visit-ulcinj.com\/sr\/wp-content\/uploads\/2017\/07\/Miss-Universe-2017-n\u00eb-pushim-Ulqin-Shkod\u00ebr-Dubrovnik-Mostar-.jpg 726w, https:\/\/www.visit-ulcinj.com\/sr\/wp-content\/uploads\/2017\/07\/Miss-Universe-2017-n\u00eb-pushim-Ulqin-Shkod\u00ebr-Dubrovnik-Mostar--300x225.jpg 300w\" sizes=\"(max-width: 640px) 100vw, 640px\" \/><\/a>Raquel Pelissier, Miss Universe 2017 prvi put provodi svoj godi\u0161nji odmor u Dubrovniku, Ulcinju, Skadru, Mostaru itd.\u00a0 Miss Universe podijelila je neke fotografije na svom slu\u017ebenom profilu Instagrama, nakon \u010dega ga slijede vi\u0161e od 122 tisu\u0107e ljudi. Kao \u0161to se i o\u010dekivalo, fotografije su dobile brojne sklonosti i komentare, a ve\u0107ina njezinih sljedbenika pohvalila je njezinu ljepotu, kao i ljepotu Grada Dubrovnika.<\/p>\n<p><a href=\"http:\/\/www.visit-ulcinj.com\/sr\/miss-universe-2017-posjetila-ulcinj-dubrovnik-skadar-mostar\/miss-universe-visits-ulcinj-montenegro-skadar-dubrovnik-ulcinj\/\" rel=\"attachment wp-att-1979\"><img loading=\"lazy\" class=\"alignnone wp-image-1979\" src=\"http:\/\/www.visit-ulcinj.com\/sr\/wp-content\/uploads\/2017\/07\/Miss-Universe-Visits-Ulcinj-Montenegro-Skadar-Dubrovnik-Ulcinj-.jpg\" alt=\"\" width=\"640\" height=\"419\" srcset=\"https:\/\/www.visit-ulcinj.com\/sr\/wp-content\/uploads\/2017\/07\/Miss-Universe-Visits-Ulcinj-Montenegro-Skadar-Dubrovnik-Ulcinj-.jpg 723w, https:\/\/www.visit-ulcinj.com\/sr\/wp-content\/uploads\/2017\/07\/Miss-Universe-Visits-Ulcinj-Montenegro-Skadar-Dubrovnik-Ulcinj--300x196.jpg 300w\" sizes=\"(max-width: 640px) 100vw, 640px\" \/><\/a><\/p>\n<p>Pelissier je iz Haitija i ima 25 godina. Ona ima prili\u010dno zanimljivu \u017eivotnu pri\u010du &#8211; pre\u017eivjela je potres koji je uni\u0161tio njezin rodni grad u sije\u010dnju 2010. godine, zbog \u010dega joj je vrijedilo \u017eivjeti i boriti se za svoje ciljeve i snove &#8211; ka\u017ee se na slu\u017ebenoj stranici Miss Universe.<\/p>\n<p><a href=\"http:\/\/www.visit-ulcinj.com\/sr\/miss-universe-2017-posjetila-ulcinj-dubrovnik-skadar-mostar\/appartement-eneida-ulcinj-montenegro\/\" rel=\"attachment wp-att-1980\"><img loading=\"lazy\" class=\"alignnone wp-image-1980\" src=\"http:\/\/www.visit-ulcinj.com\/sr\/wp-content\/uploads\/2017\/07\/Appartement-Eneida-Ulcinj-Montenegro.jpg\" alt=\"\" width=\"640\" height=\"480\" srcset=\"https:\/\/www.visit-ulcinj.com\/sr\/wp-content\/uploads\/2017\/07\/Appartement-Eneida-Ulcinj-Montenegro.jpg 1280w, https:\/\/www.visit-ulcinj.com\/sr\/wp-content\/uploads\/2017\/07\/Appartement-Eneida-Ulcinj-Montenegro-300x225.jpg 300w, https:\/\/www.visit-ulcinj.com\/sr\/wp-content\/uploads\/2017\/07\/Appartement-Eneida-Ulcinj-Montenegro-768x576.jpg 768w, https:\/\/www.visit-ulcinj.com\/sr\/wp-content\/uploads\/2017\/07\/Appartement-Eneida-Ulcinj-Montenegro-1024x768.jpg 1024w\" sizes=\"(max-width: 640px) 100vw, 640px\" \/><\/a><\/p>\n<p>Gospo\u0111ica Haiti Raquel Pelissier posjetila je Ulcinj i objavila na dru\u0161tvenim medijima, pohvaliv\u0161i prekrasne pla\u017ee.<\/p>\n<p>&#8220;Mogao bih ostati ovdje zauvijek&#8221;, napisao je Raquel.<\/p>\n<p><iframe loading=\"lazy\" width=\"620\" height=\"325\" src=\"https:\/\/www.youtube.com\/embed\/YQNOtLyW7To\" frameborder=\"0\" allowfullscreen><\/iframe><\/p>\n<p>Tako\u0111er je posjetila Dubrovnik, BiH, Makedoniju i Albaniju.<\/p>\n<p><a href=\"http:\/\/www.visit-ulcinj.com\/sr\/miss-universe-2017-posjetila-ulcinj-dubrovnik-skadar-mostar\/miss-universe-2017-ne-pushim-ulqin-shkoder-dubrovnik-mostar-1\/\" rel=\"attachment wp-att-1981\"><img loading=\"lazy\" class=\"alignnone wp-image-1981\" src=\"http:\/\/www.visit-ulcinj.com\/sr\/wp-content\/uploads\/2017\/07\/Miss-Universe-2017-n\u00eb-pushim-Ulqin-Shkod\u00ebr-Dubrovnik-Mostar-1.jpg\" alt=\"\" width=\"640\" height=\"477\" srcset=\"https:\/\/www.visit-ulcinj.com\/sr\/wp-content\/uploads\/2017\/07\/Miss-Universe-2017-n\u00eb-pushim-Ulqin-Shkod\u00ebr-Dubrovnik-Mostar-1.jpg 723w, https:\/\/www.visit-ulcinj.com\/sr\/wp-content\/uploads\/2017\/07\/Miss-Universe-2017-n\u00eb-pushim-Ulqin-Shkod\u00ebr-Dubrovnik-Mostar-1-300x224.jpg 300w\" sizes=\"(max-width: 640px) 100vw, 640px\" \/><\/a><\/p>\n","protected":false},"excerpt":{"rendered":"<p>Raquel Pelissier, Miss Universe 2017 prvi put provodi svoj godi\u0161nji odmor u Dubrovniku, Ulcinju, Skadru, Mostaru itd.\u00a0 Miss Universe podijelila je neke fotografije na svom slu\u017ebenom profilu Instagrama, nakon \u010dega ga slijede vi\u0161e od 122 tisu\u0107e ljudi. Kao \u0161to se i o\u010dekivalo, fotografije su dobile brojne sklonosti i komentare, a ve\u0107ina njezinih sljedbenika pohvalila je [&hellip;]<\/p>\n","protected":false},"author":2,"featured_media":1978,"comment_status":"open","ping_status":"closed","sticky":false,"template":"","format":"standard","meta":[],"categories":[234,233],"tags":[],"_links":{"self":[{"href":"https:\/\/www.visit-ulcinj.com\/sr\/wp-json\/wp\/v2\/posts\/1977"}],"collection":[{"href":"https:\/\/www.visit-ulcinj.com\/sr\/wp-json\/wp\/v2\/posts"}],"about":[{"href":"https:\/\/www.visit-ulcinj.com\/sr\/wp-json\/wp\/v2\/types\/post"}],"author":[{"embeddable":true,"href":"https:\/\/www.visit-ulcinj.com\/sr\/wp-json\/wp\/v2\/users\/2"}],"replies":[{"embeddable":true,"href":"https:\/\/www.visit-ulcinj.com\/sr\/wp-json\/wp\/v2\/comments?post=1977"}],"version-history":[{"count":2,"href":"https:\/\/www.visit-ulcinj.com\/sr\/wp-json\/wp\/v2\/posts\/1977\/revisions"}],"predecessor-version":[{"id":1983,"href":"https:\/\/www.visit-ulcinj.com\/sr\/wp-json\/wp\/v2\/posts\/1977\/revisions\/1983"}],"wp:featuredmedia":[{"embeddable":true,"href":"https:\/\/www.visit-ulcinj.com\/sr\/wp-json\/wp\/v2\/media\/1978"}],"wp:attachment":[{"href":"https:\/\/www.visit-ulcinj.com\/sr\/wp-json\/wp\/v2\/media?parent=1977"}],"wp:term":[{"taxonomy":"category","embeddable":true,"href":"https:\/\/www.visit-ulcinj.com\/sr\/wp-json\/wp\/v2\/categories?post=1977"},{"taxonomy":"post_tag","embeddable":true,"href":"https:\/\/www.visit-ulcinj.com\/sr\/wp-json\/wp\/v2\/tags?post=1977"}],"curies":[{"name":"wp","href":"https:\/\/api.w.org\/{rel}","templated":true}]}}