{"id":2143,"date":"2022-06-22T10:07:26","date_gmt":"2022-06-22T10:07:26","guid":{"rendered":"https:\/\/www.visit-ulcinj.com\/sr\/?p=2143"},"modified":"2022-06-22T10:21:01","modified_gmt":"2022-06-22T10:21:01","slug":"ulcinj-pecnica-crijepa-i-keramike-otkrivena-u-ulcinjskom-selu-zenelaj","status":"publish","type":"post","link":"https:\/\/www.visit-ulcinj.com\/sr\/ulcinj-pecnica-crijepa-i-keramike-otkrivena-u-ulcinjskom-selu-zenelaj\/","title":{"rendered":"Ulcinj: Pe\u0107nica crijepa i keramike otkrivena u ulcinjskom selu Zenelaj &#8211; Video"},"content":{"rendered":"\n<p><\/p>\n\n\n\n<figure class=\"wp-block-image size-full\"><img loading=\"lazy\" width=\"1000\" height=\"666\" src=\"http:\/\/www.visit-ulcinj.com\/sr\/wp-content\/uploads\/2022\/06\/Pecnica-crijepa-i-keramike-otkrivena-u-ulcinjskom-selu-Zenelaj-Ulcinj.jpg\" alt=\"\" class=\"wp-image-2146\" srcset=\"https:\/\/www.visit-ulcinj.com\/sr\/wp-content\/uploads\/2022\/06\/Pecnica-crijepa-i-keramike-otkrivena-u-ulcinjskom-selu-Zenelaj-Ulcinj.jpg 1000w, https:\/\/www.visit-ulcinj.com\/sr\/wp-content\/uploads\/2022\/06\/Pecnica-crijepa-i-keramike-otkrivena-u-ulcinjskom-selu-Zenelaj-Ulcinj-300x200.jpg 300w, https:\/\/www.visit-ulcinj.com\/sr\/wp-content\/uploads\/2022\/06\/Pecnica-crijepa-i-keramike-otkrivena-u-ulcinjskom-selu-Zenelaj-Ulcinj-768x511.jpg 768w\" sizes=\"(max-width: 1000px) 100vw, 1000px\" \/><figcaption>Foto: Printscreen YouTube<\/figcaption><\/figure>\n\n\n\n<p>Pe\u0107nica crijepa i keramike otkrivena je nedavno u selu Zenelaj koje je udaljeno 17 kilometara od Ulcinja ka granici sa Albanijom.<\/p>\n\n\n\n<p>Pe\u0107nica je prona\u0111ena slu\u010dajno, na imanju proodice Hajdari dok su bagerom iskopavali zemlju.<\/p>\n\n\n\n<p>&#8220;Mislim da je ovo unikat za ovaj kraj. Nikad ovakva vrsta pe\u0107nice nije prona\u0111ena ovdje. Nekada se radilo na ovom podru\u010diju dosta sa crijepovima i u okolini Bara. Ro\u0111aci koje sam pitao ne znaju da se ovdje radilo ne\u0161to sli\u010dno. Pretpostavljamo da je pe\u0107nica jako stara&#8221;, rekao je Ramiz Hajdari.<\/p>\n\n\n\n<p>Arheolog iz Ulcinja Anton Ljulj\u0111uraj poja\u0161njava da je rije\u010d o maloj pe\u0107nici i pretpostavlja da je izgra\u0111ena za potrebe mje\u0161tana prije 200 godina. <strong><a rel=\"noreferrer noopener\" href=\"https:\/\/www.vijesti.me\/tv\/emisije\/609960\/pecnica-crijepa-i-keramike-otkrivena-u-ulcinjskom-selu-zenelaj\" target=\"_blank\">Suzana Gani\u0107 \/\u2026.&gt;&gt;&gt;&gt;&gt; \u010citaj vi\u0161e.. Izvor: Vijesti<\/a><\/strong><\/p>\n\n\n\n<iframe loading=\"lazy\" src=\"https:\/\/www.youtube.com\/embed\/L-DsnSwZ_Ms\" title=\"YouTube video player\" allow=\"accelerometer; autoplay; clipboard-write; encrypted-media; gyroscope; picture-in-picture\" allowfullscreen=\"\" width=\"600\" height=\"350\" frameborder=\"0\"><\/iframe>&gt;\n","protected":false},"excerpt":{"rendered":"<p>Pe\u0107nica crijepa i keramike otkrivena je nedavno u selu Zenelaj koje je udaljeno 17 kilometara od Ulcinja ka granici sa Albanijom. Pe\u0107nica je prona\u0111ena slu\u010dajno, na imanju proodice Hajdari dok su bagerom iskopavali zemlju. &#8220;Mislim da je ovo unikat za ovaj kraj. Nikad ovakva vrsta pe\u0107nice nije prona\u0111ena ovdje. Nekada se radilo na ovom podru\u010diju [&hellip;]<\/p>\n","protected":false},"author":2,"featured_media":2146,"comment_status":"open","ping_status":"closed","sticky":false,"template":"","format":"standard","meta":[],"categories":[231,233],"tags":[],"_links":{"self":[{"href":"https:\/\/www.visit-ulcinj.com\/sr\/wp-json\/wp\/v2\/posts\/2143"}],"collection":[{"href":"https:\/\/www.visit-ulcinj.com\/sr\/wp-json\/wp\/v2\/posts"}],"about":[{"href":"https:\/\/www.visit-ulcinj.com\/sr\/wp-json\/wp\/v2\/types\/post"}],"author":[{"embeddable":true,"href":"https:\/\/www.visit-ulcinj.com\/sr\/wp-json\/wp\/v2\/users\/2"}],"replies":[{"embeddable":true,"href":"https:\/\/www.visit-ulcinj.com\/sr\/wp-json\/wp\/v2\/comments?post=2143"}],"version-history":[{"count":6,"href":"https:\/\/www.visit-ulcinj.com\/sr\/wp-json\/wp\/v2\/posts\/2143\/revisions"}],"predecessor-version":[{"id":2154,"href":"https:\/\/www.visit-ulcinj.com\/sr\/wp-json\/wp\/v2\/posts\/2143\/revisions\/2154"}],"wp:featuredmedia":[{"embeddable":true,"href":"https:\/\/www.visit-ulcinj.com\/sr\/wp-json\/wp\/v2\/media\/2146"}],"wp:attachment":[{"href":"https:\/\/www.visit-ulcinj.com\/sr\/wp-json\/wp\/v2\/media?parent=2143"}],"wp:term":[{"taxonomy":"category","embeddable":true,"href":"https:\/\/www.visit-ulcinj.com\/sr\/wp-json\/wp\/v2\/categories?post=2143"},{"taxonomy":"post_tag","embeddable":true,"href":"https:\/\/www.visit-ulcinj.com\/sr\/wp-json\/wp\/v2\/tags?post=2143"}],"curies":[{"name":"wp","href":"https:\/\/api.w.org\/{rel}","templated":true}]}}