{"id":2155,"date":"2022-06-22T21:37:36","date_gmt":"2022-06-22T21:37:36","guid":{"rendered":"https:\/\/www.visit-ulcinj.com\/sr\/?p=2155"},"modified":"2022-06-22T22:25:19","modified_gmt":"2022-06-22T22:25:19","slug":"%ef%bf%bcveliku-plazu-i-adu-bojanu-more-ubrzano-guta-gledaj-mapu","status":"publish","type":"post","link":"https:\/\/www.visit-ulcinj.com\/sr\/%ef%bf%bcveliku-plazu-i-adu-bojanu-more-ubrzano-guta-gledaj-mapu\/","title":{"rendered":"Veliku Pla\u017eu i Adu Bojanu more ubrzano guta, gledaj mapu ulcinjske obale"},"content":{"rendered":"\n<p class=\"has-small-font-size\"><img loading=\"lazy\" width=\"1583\" height=\"729\" class=\"wp-image-2156\" style=\"width: 600px;\" src=\"http:\/\/www.visit-ulcinj.com\/sr\/wp-content\/uploads\/2022\/06\/Veliku-Plazu-i-Adu-Bojanu-more-ubrzano-guta-gledaj-mapu.jpg\" alt=\"\" srcset=\"https:\/\/www.visit-ulcinj.com\/sr\/wp-content\/uploads\/2022\/06\/Veliku-Plazu-i-Adu-Bojanu-more-ubrzano-guta-gledaj-mapu.jpg 1583w, https:\/\/www.visit-ulcinj.com\/sr\/wp-content\/uploads\/2022\/06\/Veliku-Plazu-i-Adu-Bojanu-more-ubrzano-guta-gledaj-mapu-300x138.jpg 300w, https:\/\/www.visit-ulcinj.com\/sr\/wp-content\/uploads\/2022\/06\/Veliku-Plazu-i-Adu-Bojanu-more-ubrzano-guta-gledaj-mapu-1024x472.jpg 1024w, https:\/\/www.visit-ulcinj.com\/sr\/wp-content\/uploads\/2022\/06\/Veliku-Plazu-i-Adu-Bojanu-more-ubrzano-guta-gledaj-mapu-768x354.jpg 768w, https:\/\/www.visit-ulcinj.com\/sr\/wp-content\/uploads\/2022\/06\/Veliku-Plazu-i-Adu-Bojanu-more-ubrzano-guta-gledaj-mapu-1536x707.jpg 1536w\" sizes=\"(max-width: 1583px) 100vw, 1583px\" \/><\/p>\n\n\n\n<pre id=\"tw-target-text\" class=\"wp-block-preformatted has-medium-font-size\">Porast nivoa mora i karte rizika od poplava na ulcinjskoj obali -- globalna mapa...\ngledaj Mapu Ulcinjske Obale. <a rel=\"noreferrer noopener\" href=\"https:\/\/coastal.climatecentral.org\/map\/13\/19.3501\/41.8877\/?theme=water_level&amp;map_type=water_level_above_mhhw&amp;basemap=roadmap&amp;contiguous=true&amp;elevation_model=best_available&amp;refresh=true&amp;water_level=1.0&amp;water_unit=m\" target=\"_blank\">https:\/\/coastal.climatecentral.org<\/a>\n\nInteraktivna globalna mapa koja prikazuje podru\u010dja ugro\u017eena porastom nivoa mora i obalnim poplavama.\n\nNa Adi Bojani, jednom od najlep\u0161ih delova crnogorskog Jadrana, nestalo je 35 metara pla\u017ee.\nOstrvo Ada izgubilo deset posto svoje povr\u0161ine, ili 42 hektara kako ka\u017eu stru\u010dnjaci.<\/pre>\n\n\n\n<pre id=\"tw-target-rmn\" class=\"wp-block-preformatted\"><\/pre>\n","protected":false},"excerpt":{"rendered":"<p>Porast nivoa mora i karte rizika od poplava na ulcinjskoj obali &#8212; globalna mapa&#8230; gledaj Mapu Ulcinjske Obale. https:\/\/coastal.climatecentral.org Interaktivna globalna mapa koja prikazuje podru\u010dja ugro\u017eena porastom nivoa mora i obalnim poplavama. Na Adi Bojani, jednom od najlep\u0161ih delova crnogorskog Jadrana, nestalo je 35 metara pla\u017ee. Ostrvo Ada izgubilo deset posto svoje povr\u0161ine, ili 42 [&hellip;]<\/p>\n","protected":false},"author":2,"featured_media":2156,"comment_status":"open","ping_status":"closed","sticky":false,"template":"","format":"standard","meta":[],"categories":[234,233],"tags":[356,357,317],"_links":{"self":[{"href":"https:\/\/www.visit-ulcinj.com\/sr\/wp-json\/wp\/v2\/posts\/2155"}],"collection":[{"href":"https:\/\/www.visit-ulcinj.com\/sr\/wp-json\/wp\/v2\/posts"}],"about":[{"href":"https:\/\/www.visit-ulcinj.com\/sr\/wp-json\/wp\/v2\/types\/post"}],"author":[{"embeddable":true,"href":"https:\/\/www.visit-ulcinj.com\/sr\/wp-json\/wp\/v2\/users\/2"}],"replies":[{"embeddable":true,"href":"https:\/\/www.visit-ulcinj.com\/sr\/wp-json\/wp\/v2\/comments?post=2155"}],"version-history":[{"count":7,"href":"https:\/\/www.visit-ulcinj.com\/sr\/wp-json\/wp\/v2\/posts\/2155\/revisions"}],"predecessor-version":[{"id":2165,"href":"https:\/\/www.visit-ulcinj.com\/sr\/wp-json\/wp\/v2\/posts\/2155\/revisions\/2165"}],"wp:featuredmedia":[{"embeddable":true,"href":"https:\/\/www.visit-ulcinj.com\/sr\/wp-json\/wp\/v2\/media\/2156"}],"wp:attachment":[{"href":"https:\/\/www.visit-ulcinj.com\/sr\/wp-json\/wp\/v2\/media?parent=2155"}],"wp:term":[{"taxonomy":"category","embeddable":true,"href":"https:\/\/www.visit-ulcinj.com\/sr\/wp-json\/wp\/v2\/categories?post=2155"},{"taxonomy":"post_tag","embeddable":true,"href":"https:\/\/www.visit-ulcinj.com\/sr\/wp-json\/wp\/v2\/tags?post=2155"}],"curies":[{"name":"wp","href":"https:\/\/api.w.org\/{rel}","templated":true}]}}