{"id":2176,"date":"2022-07-14T14:44:24","date_gmt":"2022-07-14T14:44:24","guid":{"rendered":"https:\/\/www.visit-ulcinj.com\/sr\/?p=2176"},"modified":"2022-07-14T14:47:01","modified_gmt":"2022-07-14T14:47:01","slug":"etno-rock-festival-u-ulcinju-od-04-do-07-avgusta-2022","status":"publish","type":"post","link":"https:\/\/www.visit-ulcinj.com\/sr\/etno-rock-festival-u-ulcinju-od-04-do-07-avgusta-2022\/","title":{"rendered":"Etno Rock Festival u Ulcinju od 04. do 07. Avgusta 2022"},"content":{"rendered":"<p><a href=\"https:\/\/www.visit-ulcinj.com\/sr\/etno-rock-festival-u-ulcinju-od-04-do-07-avgusta-2022\/etno-rock-festival-u-ulcinju-od-04-do-07-avgusta-2022\/\" rel=\"attachment wp-att-2177\"><img loading=\"lazy\" class=\"alignnone size-full wp-image-2177\" src=\"http:\/\/www.visit-ulcinj.com\/sr\/wp-content\/uploads\/2022\/07\/Etno-Rock-Festival-u-Ulcinju-od-04.-do-07.-Avgusta-2022.jpg\" alt=\"\" width=\"600\" height=\"350\" \/><\/a><\/p>\n<p><strong>Internacionalni Rok&amp;Etno festival bi\u0107e odr\u017ean od 4. do 7. avgusta u Ulcinju.<\/strong><\/p>\n<p>Organizatori festivala, nevladina organizacija Globus Art iz Ulcinja, kazali su da je to prvi Internacionalni Rok&amp;Etno fest, na koji \u0107e do\u0107i najve\u0107e regionalne zvijezde.<\/p>\n<p>Kako su naveli, festival donosi spoj rok i etno kulture, prepoznatljiv zvuk i dobro poznata muzi\u010dka imena.<\/p>\n<p>Oni su istakli da \u0107e \u010detiri dana dobre muzike, ali i raznovrsnog kulturno umjetni\u010dkog programa, u Ulcinju, okupiti slavne rok grupe poput \u201cTe\u0161ke Industrije\u201d, \u201cGeneracije pet\u201d, \u201cCrvene jabuke\u201d i \u201cKraljevskog apartmana\u201d.<\/p>\n<p>\u201cPridru\u017ei\u0107e im se regionalna zvijezda Indira Forca \u2013 ex Colonia, nesvakida\u0161nji makedonski sastav \u201cBelo kop\u010de\u201d tribjut \u201cBijelo dugme\u201d, ali i mnogi drugi izvo\u0111a\u010di iz Srbije, Bosne i Hercegovine, Albanije, Kosova, Hrvatske i Sjeverne Makedonije\u201d, kazali su iz Globus Art-a.<\/p>\n<p>U moderno ure\u0111enom parku Hajdari family public park, kako se navodi, svoje mjesto \u0107e, osim ljubitelja dobrog zvuka, na\u0107i i po\u0161tovaoci umjetnosti, ru\u010dnih radova, mode, folklora.<\/p>\n<p>\u201cProgramom festivala su osim velikih muzi\u010dkih koncerata, predvi\u0111eni i nastupi folklornih grupa sa Zapadnog Balkana. Pored toga, bi\u0107e odr\u017ean i sajam ruktvorina, modna revija, kao i etnografska izlo\u017eba\u201d, rekli su organizatori.<\/p>\n<p>Iz Globus Art-a kazali su da Rok&amp;Etno fest po\u010dinje 4. avgusta u 19 sati, a da \u0107e prve ve\u010deri nastupati \u201cBelo kop\u010de\u201d tribjut \u201cBijelo dugme\u201d, a iste no\u0107i publiku \u0107e zabavljati Indira Forca \u2013 ex Colonia, \u201cTe\u0161ka industrija\u201d, Biljana \u0110o\u0161eva, \u201cTrilogy band\u201d i Adrian Ljulj\u0111uraj.<\/p>\n<p>\u201cBelo kop\u010de\u201d tribjut \u201cBijelo dugme\u201d nastupa i drugog dana festivala, kao i \u201cTe\u0161ka industrija\u201d, Biljana \u0110o\u0161eva i \u201cTrilogy bend\u201d.<\/p>\n<p>Osim njih, 5. avgusta na binu \u0107e iza\u0107i \u201cEpilogy\u201d i \u201cKraljevski apartman\u201d.<\/p>\n<p>Tre\u0107i dan festivala rezervisan je za koncert \u201cGeneracije 5\u201d, \u201cCrvene jabuke\u201d, kao i sastava \u201cFjola &amp; band\u201d.<\/p>\n<p>Iste ve\u010deri publika \u0107e jo\u0161 jednom imati priliku da \u010duje \u201cTe\u0161ku industriju\u201d i \u201cEpilogy\u201d.<\/p>\n<p>Posljednjeg dana doga\u0111aja nastupa makedonska muzi\u010dka zvijezda Shkumbin Ismaili, Poni, Korab \u0160a\u0107iri, Sidorela Kelmendi.<\/p>\n<p>Publika \u0107e festival zatvoriti hitovima \u201cTe\u0161ke industrije\u201d, i jo\u0161 jednom \u010duti sastav \u201cFjola &amp; bend\u201d.<\/p>\n<p>Karte za doga\u0111aj mogu se kupiti na internet stranici www.gigstix.me, a cijena ulaznice za jedno ve\u010de je devet EUR, dok karta za sve \u010detiri ve\u010deri festivala ko\u0161ta 29 EUR.<\/p>\n<p>Vi\u0161e informacija o festivalu dostupno je na dru\u0161tvenim mre\u017eama<\/p>\n<p>https:\/\/www.facebook.com\/International-Rock-Etno-Fest-112254891536027 i https:\/\/www.instagram.com\/international_rocketno_fest\/ .<\/p>\n<p><a href=\"https:\/\/mina.news\/vijesti-iz-crne-gore\/drustvo\/roketno-fest-u-ulcinju-pocetkom-avgusta\/?fbclid=IwAR2QrVZagI_i1YOe9cKrLWYcs3bccWUr2v7CpLjKpJzu4Lb1HbeCYjnCI_M\"><strong>Izvor: MINA<\/strong><\/a><\/p>\n<p><iframe loading=\"lazy\" src=\"https:\/\/www.facebook.com\/plugins\/video.php?height=306&#038;href=https%3A%2F%2Fwww.facebook.com%2F112254891536027%2Fvideos%2F1369463993545074%2F&#038;show_text=false&#038;width=560&#038;t=0\" width=\"600\" height=\"350\" style=\"border:none;overflow:hidden\" scrolling=\"no\" frameborder=\"0\" allowfullscreen=\"true\" allow=\"autoplay; clipboard-write; encrypted-media; picture-in-picture; web-share\" allowFullScreen=\"true\"><\/iframe><\/p>\n","protected":false},"excerpt":{"rendered":"<p>Internacionalni Rok&amp;Etno festival bi\u0107e odr\u017ean od 4. do 7. avgusta u Ulcinju. Organizatori festivala, nevladina organizacija Globus Art iz Ulcinja, kazali su da je to prvi Internacionalni Rok&amp;Etno fest, na koji \u0107e do\u0107i najve\u0107e regionalne zvijezde. Kako su naveli, festival donosi spoj rok i etno kulture, prepoznatljiv zvuk i dobro poznata muzi\u010dka imena. Oni su [&hellip;]<\/p>\n","protected":false},"author":2,"featured_media":2177,"comment_status":"open","ping_status":"closed","sticky":false,"template":"","format":"standard","meta":[],"categories":[233],"tags":[271,359,358,317],"_links":{"self":[{"href":"https:\/\/www.visit-ulcinj.com\/sr\/wp-json\/wp\/v2\/posts\/2176"}],"collection":[{"href":"https:\/\/www.visit-ulcinj.com\/sr\/wp-json\/wp\/v2\/posts"}],"about":[{"href":"https:\/\/www.visit-ulcinj.com\/sr\/wp-json\/wp\/v2\/types\/post"}],"author":[{"embeddable":true,"href":"https:\/\/www.visit-ulcinj.com\/sr\/wp-json\/wp\/v2\/users\/2"}],"replies":[{"embeddable":true,"href":"https:\/\/www.visit-ulcinj.com\/sr\/wp-json\/wp\/v2\/comments?post=2176"}],"version-history":[{"count":3,"href":"https:\/\/www.visit-ulcinj.com\/sr\/wp-json\/wp\/v2\/posts\/2176\/revisions"}],"predecessor-version":[{"id":2180,"href":"https:\/\/www.visit-ulcinj.com\/sr\/wp-json\/wp\/v2\/posts\/2176\/revisions\/2180"}],"wp:featuredmedia":[{"embeddable":true,"href":"https:\/\/www.visit-ulcinj.com\/sr\/wp-json\/wp\/v2\/media\/2177"}],"wp:attachment":[{"href":"https:\/\/www.visit-ulcinj.com\/sr\/wp-json\/wp\/v2\/media?parent=2176"}],"wp:term":[{"taxonomy":"category","embeddable":true,"href":"https:\/\/www.visit-ulcinj.com\/sr\/wp-json\/wp\/v2\/categories?post=2176"},{"taxonomy":"post_tag","embeddable":true,"href":"https:\/\/www.visit-ulcinj.com\/sr\/wp-json\/wp\/v2\/tags?post=2176"}],"curies":[{"name":"wp","href":"https:\/\/api.w.org\/{rel}","templated":true}]}}